{"id":39566,"date":"2025-09-19T12:38:06","date_gmt":"2025-09-19T12:38:06","guid":{"rendered":"https:\/\/www.europesays.com\/fi\/39566\/"},"modified":"2025-09-19T12:38:06","modified_gmt":"2025-09-19T12:38:06","slug":"postin-porssilistaus-synnyttaa-uuden-kansanosakkeen-arvioi-analyytikko-ja-kertoo-kolme-perustelua-talous","status":"publish","type":"post","link":"https:\/\/www.europesays.com\/fi\/39566\/","title":{"rendered":"Postin p\u00f6rssilistaus synnytt\u00e4\u00e4 uuden kansanosakkeen, arvioi analyytikko ja kertoo kolme perustelua | Talous"},"content":{"rendered":"<p class=\"aw-1gybjub aw-5vja16 cmIuaG zKETg yle__article__paragraph\">Inderesin p\u00e4\u00e4analyytikko kertoo, mink\u00e4lainen ajoitus t\u00e4ll\u00e4 hetkell\u00e4 on Postin p\u00f6rssi\u00adlistaukselle.<\/p>\n<p>Analyysitalo Inderesin p\u00e4\u00e4analyytikko Petri Gostowski uskoo, ett\u00e4 Posti voi nousta suomalaisten kansanosakkeiden joukkoon.<\/p>\n<p class=\"aw-1gybjub aw-1p7kakr cmIuaG fmSRng yle__article__paragraph\">Valtio vahvisti t\u00e4n\u00e4\u00e4n viime p\u00e4ivien huhut todeksi ja kertoi, ett\u00e4 se aikoo<a class=\"aw-iao6s4 iHOxEa yle__article__link\" href=\"https:\/\/yle.fi\/a\/74-20183826\" role=\"link\" rel=\"nofollow noopener\" target=\"_blank\"> listata Posti Groupin Helsingin p\u00f6rssiin<\/a>.<\/p>\n<p class=\"aw-1gybjub aw-1p7kakr cmIuaG fmSRng yle__article__paragraph\">Tavoitteena on ker\u00e4t\u00e4 rahaa valtion kassaan ja vahvistaa julkista taloutta.<\/p>\n<p class=\"aw-1gybjub aw-1p7kakr cmIuaG fmSRng yle__article__paragraph\">Sijoittajien kannalta tuloksena voi olla uusi kansanosake, arvioi analyysitalo Inderesin p\u00e4\u00e4analyytikko <strong class=\"aw-ak79eh KyCXm yle__article__strong\">Petri Gostowski<\/strong>.<\/p>\n<p class=\"aw-1gybjub aw-1p7kakr cmIuaG fmSRng yle__article__paragraph\">\u2013 Yhti\u00f6h\u00e4n on hyvin tunnettu, liiketoiminta on hyvin helposti ymm\u00e4rrett\u00e4v\u00e4\u00e4, br\u00e4ndi on tunnettu. Kyll\u00e4 t\u00e4ss\u00e4 on sellaisia elementtej\u00e4, mitk\u00e4 yleens\u00e4 ovat tunnusomaisia kansanosakkeelle.<\/p>\n<p class=\"aw-1gybjub aw-1p7kakr cmIuaG fmSRng yle__article__paragraph\">\u2013 Osinkoa ja sen kasvua yhti\u00f6 tuntui painottavan aika selke\u00e4sti jo t\u00e4ss\u00e4 vaiheessa, mik\u00e4 on my\u00f6s ominaista t\u00e4llaisille kansanosakkeille.<\/p>\n<p class=\"aw-1gybjub aw-1p7kakr cmIuaG fmSRng yle__article__paragraph\">Gostowski pit\u00e4\u00e4 Postin tiedotustilaisuudessaan kuvaamia kasvun\u00e4kymi\u00e4 uskottavina.<\/p>\n<p class=\"aw-1gybjub aw-1p7kakr cmIuaG fmSRng yle__article__paragraph\">Yhti\u00f6n toimitusjohtaja <strong class=\"aw-ak79eh KyCXm yle__article__strong\">Antti J\u00e4\u00e4skel\u00e4inen<\/strong> kuvaili aamun tiedotustilaisuudessa, ett\u00e4 yhti\u00f6ll\u00e4 on vahvat kasvun\u00e4kym\u00e4t ennen kaikkea yritysten ulkoistamien logistiikkapalveluiden hoitamisessa ja verkkokauppojen pakettikuljetuksissa. Molemmat ovat kasvavia markkinoita.<\/p>\n<p>Onko ajoitus listautumiselle hyv\u00e4?<\/p>\n<p class=\"aw-1gybjub aw-1p7kakr cmIuaG fmSRng yle__article__paragraph\">Gostowski toteaa, ett\u00e4 p\u00f6rssilistautumisia voi tarkastella kolmelta kantilta: mink\u00e4lainen on liiketoiminnan tola, mik\u00e4 on omistajan intressi ja mink\u00e4lainen markkinatilanne on.<\/p>\n<p class=\"aw-1gybjub aw-1p7kakr cmIuaG fmSRng yle__article__paragraph\">Kaikilta kanteilta tarkasteltuna Postin p\u00f6rssilistaus vaikuttaa Gostowskin mukaan otolliselta.<\/p>\n<p class=\"aw-1gybjub aw-1p7kakr cmIuaG fmSRng yle__article__paragraph\">Ensinn\u00e4kin yhti\u00f6n liiketoiminta on t\u00e4ll\u00e4 hetkell\u00e4 hyv\u00e4ss\u00e4 tilanteessa ja sen kannattavuus on parantunut.<\/p>\n<p class=\"aw-1gybjub aw-1p7kakr cmIuaG fmSRng yle__article__paragraph\">Omistajan eli valtion tavoite on yksinkertainen eli rahan ker\u00e4\u00e4minen valtion kassaan, Gostowski toteaa. Perustelu on j\u00e4rkev\u00e4, eik\u00e4 se her\u00e4t\u00e4 kysymysmerkkej\u00e4 siit\u00e4, miksi omistaja on valmis luopumaan omistuksesta.<\/p>\n<p class=\"aw-1gybjub aw-1p7kakr cmIuaG fmSRng yle__article__paragraph\">Markkinatilanne on puolestaan analyytikon mukaan hyv\u00e4, kun Helsingin p\u00f6rssin pitk\u00e4\u00e4n jatkunut matelu on v\u00e4istynyt ja osakkeet ovat kohonneet.<\/p>\n<p class=\"aw-1gybjub aw-1p7kakr cmIuaG fmSRng yle__article__paragraph\">\u2013 Markkinatilanne on aika otollinen. Yleiset arvostustasot ovat normalisoituneet eli ne ovat pitk\u00e4n aikav\u00e4lin mediaanien tasolla. P\u00f6rssi on siin\u00e4 tilassa, ett\u00e4 nyt on hyv\u00e4 aika listautua.<\/p>\n<p class=\"aw-1gybjub aw-1p7kakr cmIuaG fmSRng yle__article__paragraph\"><strong class=\"aw-ak79eh KyCXm yle__article__strong\">Postin toimitusjohtaja Antti J\u00e4\u00e4skel\u00e4inen lupaa sijoittajille kasvavia osinkoja:<\/strong><\/p>\n<p>Postin toimitusjohtaja Antti J\u00e4\u00e4skel\u00e4inen kuvasi Postin kasvumahdollisuuksia aamulla yhti\u00f6n tiedotustilaisuudessa.<\/p>\n","protected":false},"excerpt":{"rendered":"Inderesin p\u00e4\u00e4analyytikko kertoo, mink\u00e4lainen ajoitus t\u00e4ll\u00e4 hetkell\u00e4 on Postin p\u00f6rssi\u00adlistaukselle. Analyysitalo Inderesin p\u00e4\u00e4analyytikko Petri Gostowski uskoo, ett\u00e4 Posti&hellip;\n","protected":false},"author":2,"featured_media":39567,"comment_status":"","ping_status":"","sticky":false,"template":"","format":"standard","meta":{"footnotes":""},"categories":[76],"tags":[79,77,33,31,30,4045,7657,32,78],"class_list":{"0":"post-39566","1":"post","2":"type-post","3":"status-publish","4":"format-standard","5":"has-post-thumbnail","7":"category-talous","8":"tag-business","9":"tag-economy","10":"tag-fi","11":"tag-finland","12":"tag-finnish","13":"tag-helsingin-porssi","14":"tag-posti","15":"tag-suomi","16":"tag-talous"},"share_on_mastodon":{"url":"","error":""},"_links":{"self":[{"href":"https:\/\/www.europesays.com\/fi\/wp-json\/wp\/v2\/posts\/39566","targetHints":{"allow":["GET"]}}],"collection":[{"href":"https:\/\/www.europesays.com\/fi\/wp-json\/wp\/v2\/posts"}],"about":[{"href":"https:\/\/www.europesays.com\/fi\/wp-json\/wp\/v2\/types\/post"}],"author":[{"embeddable":true,"href":"https:\/\/www.europesays.com\/fi\/wp-json\/wp\/v2\/users\/2"}],"replies":[{"embeddable":true,"href":"https:\/\/www.europesays.com\/fi\/wp-json\/wp\/v2\/comments?post=39566"}],"version-history":[{"count":0,"href":"https:\/\/www.europesays.com\/fi\/wp-json\/wp\/v2\/posts\/39566\/revisions"}],"wp:featuredmedia":[{"embeddable":true,"href":"https:\/\/www.europesays.com\/fi\/wp-json\/wp\/v2\/media\/39567"}],"wp:attachment":[{"href":"https:\/\/www.europesays.com\/fi\/wp-json\/wp\/v2\/media?parent=39566"}],"wp:term":[{"taxonomy":"category","embeddable":true,"href":"https:\/\/www.europesays.com\/fi\/wp-json\/wp\/v2\/categories?post=39566"},{"taxonomy":"post_tag","embeddable":true,"href":"https:\/\/www.europesays.com\/fi\/wp-json\/wp\/v2\/tags?post=39566"}],"curies":[{"name":"wp","href":"https:\/\/api.w.org\/{rel}","templated":true}]}}