{"id":39568,"date":"2025-09-19T12:39:07","date_gmt":"2025-09-19T12:39:07","guid":{"rendered":"https:\/\/www.europesays.com\/fi\/39568\/"},"modified":"2025-09-19T12:39:07","modified_gmt":"2025-09-19T12:39:07","slug":"hamas-jos-israel-jatkaa-hyokkaystaan-se-ei-saa-panttivankeja-takaisin-elavina-eika-kuolleina-uutisia-lyhyesti","status":"publish","type":"post","link":"https:\/\/www.europesays.com\/fi\/39568\/","title":{"rendered":"Hamas: Jos Israel jatkaa hy\u00f6kk\u00e4yst\u00e4\u00e4n, se ei saa panttivankeja takaisin el\u00e4vin\u00e4 eik\u00e4 kuolleina | Uutisia lyhyesti"},"content":{"rendered":"<p class=\"aw-1gybjub aw-5vja16 cmIuaG zKETg yle__article__paragraph\">Israelin tiedustelupalveluilla ei ole t\u00e4ll\u00e4 hetkell\u00e4 tietoa panttivankien olinpaikasta.<\/p>\n<p class=\"aw-1gybjub aw-1p7kakr cmIuaG fmSRng yle__article__paragraph\">Terroristij\u00e4rjest\u00f6 Hamas varoittaa Israelia, ett\u00e4 sen hy\u00f6kk\u00e4ys Gazan kaupunkiin merkitsee sit\u00e4, ettei Israel tule saamaan Hamasin ottamia panttivankeja takaisin el\u00e4vin\u00e4 eik\u00e4 kuolleina. Asiasta kertoo <a class=\"aw-iao6s4 iHOxEa yle__article__link\" href=\"https:\/\/edition.cnn.com\/2025\/09\/18\/middleeast\/israel-hamas-gaza-city-offensive-hostages-latam-intl\" role=\"link\" rel=\"nofollow noopener\" target=\"_blank\">uutiskanava CNN<\/a>.<\/p>\n<p class=\"aw-1gybjub aw-1p7kakr cmIuaG fmSRng yle__article__paragraph\">CNN:n mukaan Hamasin aseellinen siipi al-Qassamin prikaatit on kirjoittanut lausunnon hepreaksi ja osoittanut sen Israelin johdolle ja asevoimille.<\/p>\n<p class=\"aw-1gybjub aw-1p7kakr cmIuaG fmSRng yle__article__paragraph\">\u2013 Vankinne on hajautettu Gazan kaupungin eri osiin, emmek\u00e4 v\u00e4lit\u00e4 heid\u00e4n hengest\u00e4\u00e4n koska [Israelin p\u00e4\u00e4ministeri Benjamin] Netanjahu on p\u00e4\u00e4tt\u00e4nyt tappaa heid\u00e4t. Rikollisen operaation aloittaminen ja laajentaminen tarkoittaa, ett\u00e4 ette tule saamaan vankeja takaisin el\u00e4vin\u00e4 ettek\u00e4 kuolleina, viestiss\u00e4 sanotaan CNN:n mukaan.<\/p>\n<p class=\"aw-1gybjub aw-1p7kakr cmIuaG fmSRng yle__article__paragraph\">Israelin tiedustelupalveluilla ei ole tarkkaa tietoa, miss\u00e4 panttivangit ovat, kertoo <a class=\"aw-iao6s4 iHOxEa yle__article__link\" href=\"https:\/\/www.jpost.com\/israel-news\/article-868050\" role=\"link\" rel=\"nofollow noopener\" target=\"_blank\">Jerusalem Post -lehti <\/a>N12-TV-kanavan tietoihin viitaten. N12 on saanut tiedon vankien omaisilta.<\/p>\n<p class=\"aw-1gybjub aw-1p7kakr cmIuaG fmSRng yle__article__paragraph\">T\u00e4m\u00e4 tieto on ristiriidassa sen kanssa, ett\u00e4 Israelin poliittiset ja sotilasjohtajat ovat kertoneet, ett\u00e4 Gazan sotilasoperaatiota suoritetaan tietyill\u00e4 alueilla varovasti, jotta panttivankeja ei vaarannettaisi.<\/p>\n","protected":false},"excerpt":{"rendered":"Israelin tiedustelupalveluilla ei ole t\u00e4ll\u00e4 hetkell\u00e4 tietoa panttivankien olinpaikasta. Terroristij\u00e4rjest\u00f6 Hamas varoittaa Israelia, ett\u00e4 sen hy\u00f6kk\u00e4ys Gazan kaupunkiin&hellip;\n","protected":false},"author":2,"featured_media":74,"comment_status":"","ping_status":"","sticky":false,"template":"","format":"standard","meta":{"footnotes":""},"categories":[14],"tags":[3068,22,23,26,27,33,31,30,994,997,17,993,992,24,25,28,29,15,18,21,3070,10775,32,9373,19,20,56,16,59,60,61],"class_list":{"0":"post-39568","1":"post","2":"type-post","3":"status-publish","4":"format-standard","5":"has-post-thumbnail","7":"category-ulkomaat","8":"tag-benjamin-netanjahu","9":"tag-breaking-news","10":"tag-breakingnews","11":"tag-featured-news","12":"tag-featurednews","13":"tag-fi","14":"tag-finland","15":"tag-finnish","16":"tag-gazan-kaista","17":"tag-hamas","18":"tag-headlines","19":"tag-israel","20":"tag-lahi-ita","21":"tag-latest-news","22":"tag-latestnews","23":"tag-main-news","24":"tag-mainnews","25":"tag-news","26":"tag-otsikot","27":"tag-paauutiset","28":"tag-panttivangit","29":"tag-sieppausten-uhrit","30":"tag-suomi","31":"tag-terroristijarjestot","32":"tag-top-stories","33":"tag-topstories","34":"tag-ulkomaat","35":"tag-uutiset","36":"tag-world","37":"tag-world-news","38":"tag-worldnews"},"share_on_mastodon":{"url":"","error":""},"_links":{"self":[{"href":"https:\/\/www.europesays.com\/fi\/wp-json\/wp\/v2\/posts\/39568","targetHints":{"allow":["GET"]}}],"collection":[{"href":"https:\/\/www.europesays.com\/fi\/wp-json\/wp\/v2\/posts"}],"about":[{"href":"https:\/\/www.europesays.com\/fi\/wp-json\/wp\/v2\/types\/post"}],"author":[{"embeddable":true,"href":"https:\/\/www.europesays.com\/fi\/wp-json\/wp\/v2\/users\/2"}],"replies":[{"embeddable":true,"href":"https:\/\/www.europesays.com\/fi\/wp-json\/wp\/v2\/comments?post=39568"}],"version-history":[{"count":0,"href":"https:\/\/www.europesays.com\/fi\/wp-json\/wp\/v2\/posts\/39568\/revisions"}],"wp:featuredmedia":[{"embeddable":true,"href":"https:\/\/www.europesays.com\/fi\/wp-json\/wp\/v2\/media\/74"}],"wp:attachment":[{"href":"https:\/\/www.europesays.com\/fi\/wp-json\/wp\/v2\/media?parent=39568"}],"wp:term":[{"taxonomy":"category","embeddable":true,"href":"https:\/\/www.europesays.com\/fi\/wp-json\/wp\/v2\/categories?post=39568"},{"taxonomy":"post_tag","embeddable":true,"href":"https:\/\/www.europesays.com\/fi\/wp-json\/wp\/v2\/tags?post=39568"}],"curies":[{"name":"wp","href":"https:\/\/api.w.org\/{rel}","templated":true}]}}