{"id":39569,"date":"2025-09-19T12:40:08","date_gmt":"2025-09-19T12:40:08","guid":{"rendered":"https:\/\/www.europesays.com\/fi\/39569\/"},"modified":"2025-09-19T12:40:08","modified_gmt":"2025-09-19T12:40:08","slug":"poliisi-epailee-noin-87-kiloa-kokaiinia-salakuljetettiin-merikontissa-kolumbiasta-suomeen","status":"publish","type":"post","link":"https:\/\/www.europesays.com\/fi\/39569\/","title":{"rendered":"Poliisi ep\u00e4ilee: Noin 87 kiloa kokaiinia salakuljetettiin merikontissa Kolumbiasta Suomeen"},"content":{"rendered":"<p>Rikoksesta on ep\u00e4iltyn\u00e4 viisi ihmist\u00e4.<\/p>\n<p class=\"article-body mb-nof-24 px-nof-16\">Noin 87 kiloa kokaiinia salakuljetettiin rahtialuksella Kolumbiasta Suomeen, ep\u00e4ilee <a class=\"article-genericlink\" href=\"https:\/\/poliisi.fi\/-\/kokaiinia-tuotiin-merikontissa-kolumbiasta-suomeen\" rel=\"nofollow noopener\" target=\"_blank\">L\u00e4nsi-Uudenmaan poliisi<\/a>.<\/p>\n<p class=\"article-body mb-nof-24 px-nof-16\">Poliisin mukaan kokaiini oli k\u00e4tketty merikonttiin, joka tuotiin Vuosaaren satamaan. Ep\u00e4illyt murtautuivat Vuosaaren satama-alueelle ja siell\u00e4 konttiin, mist\u00e4 he hakivat nelj\u00e4 kassia. Poliisi ep\u00e4ilee kassien olleen t\u00e4ynn\u00e4 kokaiinia.<\/p>\n<p class=\"article-body mb-nof-24 px-nof-16\">Poliisi takavarikoi n\u00e4ist\u00e4 kaksi kassia, joissa oli 43,8 kiloa kokaiinia. Poliisi arvioi, ett\u00e4 yhteens\u00e4 kontista oli haettu noin 87 kiloa kokaiinia. Takavarikko tehtiin toukokuun alussa vuokratusta asunnosta Vantaalla.<\/p>\n<p class=\"article-body mb-nof-24 px-nof-16\">Poliisin mukaan takavarikoidun kokaiinin arvo katukaupassa on noin 4,4 miljoonaa euroa.<\/p>\n<p><img decoding=\"async\" src=\"https:\/\/www.europesays.com\/fi\/wp-content\/uploads\/2025\/09\/1758285608_989_468.jpg\" alt=\"Poliisi takavarikoi kaksi kassia, joista l\u00f6ytyi 44 kiloa kokaiinia.\" class=\"_Img_tdqg8_1\" style=\"aspect-ratio:0.5625\" loading=\"eager\"\/><\/p>\n<p class=\"article-picture-caption\">Poliisi takavarikoi kaksi kassia, joista l\u00f6ytyi 44 kiloa kokaiinia. Kuva:\u00a0Poliisi<\/p>\n<p class=\"article-body mb-nof-24 px-nof-16\">Rikoksesta on ep\u00e4iltyn\u00e4 viisi ihmist\u00e4, joista nelj\u00e4 on ruotsalaisia tai kiinte\u00e4sti Ruotsiin liittyvi\u00e4. Viides ep\u00e4ilty on suomalainen nainen, jota ep\u00e4ill\u00e4\u00e4n avunannosta t\u00f6rke\u00e4\u00e4n huumausainerikokseen.<\/p>\n<p class=\"article-body mb-nof-24 px-nof-16\">Esitutkinnan aikana kaksi ihmist\u00e4 on ollut vangittuna ep\u00e4iltyn\u00e4 t\u00f6rke\u00e4st\u00e4 huumaus\u00adainerikoksesta.<\/p>\n<p class=\"article-body mb-nof-24 px-nof-16\">\u2013\u2009Vaikuttaisi silt\u00e4, ett\u00e4 tekij\u00e4t ovat tulleet Suomeen ainoastaan suorittamaan t\u00e4t\u00e4 tekoa. T\u00e4llainen tekotapa, jossa merikontissa salakuljetetaan kokaiinia, vaatii suunnitelmallisuutta, j\u00e4rjestelyj\u00e4 ja organisoitumista, kertoo tutkinnanjohtaja, rikoskomisario <a class=\"article-personlink\" href=\"https:\/\/www.is.fi\/haku\/?query=Tuomas%20Kuure\" rel=\"nofollow noopener\" target=\"_blank\">Tuomas Kuure<\/a> tiedotteessa.<\/p>\n<p class=\"article-body mb-nof-24 px-nof-16\">Tapaus siirtyy syyteharkintaan l\u00e4hip\u00e4ivin\u00e4.<\/p>\n<p class=\"article-body mb-nof-24 px-nof-16\">Keskusrikospoliisin rikosteknisen laboratorion takavarikkotilaston mukaan hein\u00e4kuuhun menness\u00e4 poliisi oli takavarikoinut Suomessa yhteens\u00e4 104,5 kiloa kokaiinia. Viime vuoden kokonaism\u00e4\u00e4r\u00e4 oli 57,3 kiloa.<\/p>\n","protected":false},"excerpt":{"rendered":"Rikoksesta on ep\u00e4iltyn\u00e4 viisi ihmist\u00e4. Noin 87 kiloa kokaiinia salakuljetettiin rahtialuksella Kolumbiasta Suomeen, ep\u00e4ilee L\u00e4nsi-Uudenmaan poliisi. Poliisin mukaan&hellip;\n","protected":false},"author":2,"featured_media":39570,"comment_status":"","ping_status":"","sticky":false,"template":"","format":"standard","meta":{"footnotes":""},"categories":[12],"tags":[22,23,26,27,33,31,30,17,34,24,25,28,29,15,18,21,32,19,20,16],"class_list":{"0":"post-39569","1":"post","2":"type-post","3":"status-publish","4":"format-standard","5":"has-post-thumbnail","7":"category-suomi","8":"tag-breaking-news","9":"tag-breakingnews","10":"tag-featured-news","11":"tag-featurednews","12":"tag-fi","13":"tag-finland","14":"tag-finnish","15":"tag-headlines","16":"tag-ilta-sanomat","17":"tag-latest-news","18":"tag-latestnews","19":"tag-main-news","20":"tag-mainnews","21":"tag-news","22":"tag-otsikot","23":"tag-paauutiset","24":"tag-suomi","25":"tag-top-stories","26":"tag-topstories","27":"tag-uutiset"},"share_on_mastodon":{"url":"","error":""},"_links":{"self":[{"href":"https:\/\/www.europesays.com\/fi\/wp-json\/wp\/v2\/posts\/39569","targetHints":{"allow":["GET"]}}],"collection":[{"href":"https:\/\/www.europesays.com\/fi\/wp-json\/wp\/v2\/posts"}],"about":[{"href":"https:\/\/www.europesays.com\/fi\/wp-json\/wp\/v2\/types\/post"}],"author":[{"embeddable":true,"href":"https:\/\/www.europesays.com\/fi\/wp-json\/wp\/v2\/users\/2"}],"replies":[{"embeddable":true,"href":"https:\/\/www.europesays.com\/fi\/wp-json\/wp\/v2\/comments?post=39569"}],"version-history":[{"count":0,"href":"https:\/\/www.europesays.com\/fi\/wp-json\/wp\/v2\/posts\/39569\/revisions"}],"wp:featuredmedia":[{"embeddable":true,"href":"https:\/\/www.europesays.com\/fi\/wp-json\/wp\/v2\/media\/39570"}],"wp:attachment":[{"href":"https:\/\/www.europesays.com\/fi\/wp-json\/wp\/v2\/media?parent=39569"}],"wp:term":[{"taxonomy":"category","embeddable":true,"href":"https:\/\/www.europesays.com\/fi\/wp-json\/wp\/v2\/categories?post=39569"},{"taxonomy":"post_tag","embeddable":true,"href":"https:\/\/www.europesays.com\/fi\/wp-json\/wp\/v2\/tags?post=39569"}],"curies":[{"name":"wp","href":"https:\/\/api.w.org\/{rel}","templated":true}]}}