{"id":39575,"date":"2025-09-19T12:53:07","date_gmt":"2025-09-19T12:53:07","guid":{"rendered":"https:\/\/www.europesays.com\/fi\/39575\/"},"modified":"2025-09-19T12:53:07","modified_gmt":"2025-09-19T12:53:07","slug":"jarkko-niemi-joutui-leikkaukseen-flunssa-olikin-tulehtunut-umpilisake","status":"publish","type":"post","link":"https:\/\/www.europesays.com\/fi\/39575\/","title":{"rendered":"Jarkko Niemi joutui leikkaukseen \u2013 flunssa olikin tulehtunut umpilis\u00e4ke"},"content":{"rendered":"<p>N\u00e4yttelij\u00e4 Jarkko Niemi p\u00e4ivitt\u00e4\u00e4 kuulumisiaan sairaalasta.<\/p>\n<p class=\"article-body mb-nof-24 px-nof-16\">N\u00e4yttelij\u00e4 <a class=\"article-personlink\" href=\"https:\/\/www.is.fi\/haku\/?query=Jarkko%20Niemi\" rel=\"nofollow noopener\" target=\"_blank\">Jarkko Niemi<\/a> on joutunut sairaalaan. Niemi on julkaissut <a class=\"article-genericlink\" href=\"https:\/\/www.instagram.com\/niemenjarkko\/\" rel=\"nofollow noopener\" target=\"_blank\">Instagram-tilins\u00e4<\/a> tarinaosiossa kuvia, jotka ovat sittemmin poistuneet. Instagramin tarinat ovat n\u00e4ht\u00e4vill\u00e4 24 tuntia niiden julkaisusta.<\/p>\n<p class=\"article-body mb-nof-24 px-nof-16\"><a class=\"article-genericlink\" href=\"https:\/\/www.iltalehti.fi\/viihdeuutiset\/a\/72a419ae-9a24-468c-92eb-1dcaadf55d9f\" rel=\"nofollow noopener\" target=\"_blank\">Iltalehden<\/a> mukaan Niemi oli kuvissa sairaalapedill\u00e4 ja h\u00e4nell\u00e4 oli p\u00e4\u00e4ll\u00e4\u00e4n valkoinen potilasvaate ja musta pipo. Sormillaan h\u00e4n n\u00e4ytti rauhan merkki\u00e4.<\/p>\n<p class=\"article-body mb-nof-24 px-nof-16\">Nieminen kertoi tarinoissaan, ett\u00e4 aluksi flunssalta vaikuttaneiden oireiden syyksi olikin paljastunut tulehdustila.<\/p>\n<p class=\"article-body mb-nof-24 px-nof-16\">\u2013 Lenssu olikin tulehtunut umppari. Nyt on selvitty leikkauksesta ja toipuminen alkaa.<\/p>\n<p class=\"article-body mb-nof-24 px-nof-16\">\u2013 Huhhuh, ei ole ennen ollut tuollaisia vatsakipuja. Kiitos hoitohenkil\u00f6kunnan huikeasta hoidosta, Niemi kiitteli tarinoissaan Iltalehden mukaan.<\/p>\n<p class=\"article-body mb-nof-24 px-nof-16\">Kyseisten tarinoiden j\u00e4lkeen Niemi julkaisi sairaalasta viel\u00e4 videon, jossa h\u00e4n k\u00e4yskentelee k\u00e4yt\u00e4v\u00e4ll\u00e4 infuusiotelineen kanssa. Telineeseen voidaan kiinnitt\u00e4\u00e4 esimerkiksi tippapussi.<\/p>\n<p class=\"article-body mb-nof-24 px-nof-16\">\u2013 Kylm\u00e4\u00e4 syd\u00e4nt\u00e4 l\u00e4mmitt\u00e4nyt kaikki ne tsemppiviestit. Ootte kyll\u00e4 kivaa sakkia. Kiitos! T\u00e4\u00e4ll\u00e4 on hyv\u00e4 meininki ja k\u00e4velen lenkki\u00e4 jo! Huomenna himaan jatkamaan toipumista! Jee, n\u00e4yttelij\u00e4 on kirjoittanut tarinaansa, joka on viel\u00e4 n\u00e4ht\u00e4vill\u00e4.<\/p>\n<p><script async src=\"\/\/www.instagram.com\/embed.js\"><\/script><\/p>\n","protected":false},"excerpt":{"rendered":"N\u00e4yttelij\u00e4 Jarkko Niemi p\u00e4ivitt\u00e4\u00e4 kuulumisiaan sairaalasta. N\u00e4yttelij\u00e4 Jarkko Niemi on joutunut sairaalaan. Niemi on julkaissut Instagram-tilins\u00e4 tarinaosiossa kuvia,&hellip;\n","protected":false},"author":2,"featured_media":39576,"comment_status":"","ping_status":"","sticky":false,"template":"","format":"standard","meta":{"footnotes":""},"categories":[136],"tags":[407,137,33,31,30,34,408,32,109],"class_list":{"0":"post-39575","1":"post","2":"type-post","3":"status-publish","4":"format-standard","5":"has-post-thumbnail","7":"category-julkkikset","8":"tag-celebrities","9":"tag-entertainment","10":"tag-fi","11":"tag-finland","12":"tag-finnish","13":"tag-ilta-sanomat","14":"tag-julkkikset","15":"tag-suomi","16":"tag-viihde"},"share_on_mastodon":{"url":"","error":""},"_links":{"self":[{"href":"https:\/\/www.europesays.com\/fi\/wp-json\/wp\/v2\/posts\/39575","targetHints":{"allow":["GET"]}}],"collection":[{"href":"https:\/\/www.europesays.com\/fi\/wp-json\/wp\/v2\/posts"}],"about":[{"href":"https:\/\/www.europesays.com\/fi\/wp-json\/wp\/v2\/types\/post"}],"author":[{"embeddable":true,"href":"https:\/\/www.europesays.com\/fi\/wp-json\/wp\/v2\/users\/2"}],"replies":[{"embeddable":true,"href":"https:\/\/www.europesays.com\/fi\/wp-json\/wp\/v2\/comments?post=39575"}],"version-history":[{"count":0,"href":"https:\/\/www.europesays.com\/fi\/wp-json\/wp\/v2\/posts\/39575\/revisions"}],"wp:featuredmedia":[{"embeddable":true,"href":"https:\/\/www.europesays.com\/fi\/wp-json\/wp\/v2\/media\/39576"}],"wp:attachment":[{"href":"https:\/\/www.europesays.com\/fi\/wp-json\/wp\/v2\/media?parent=39575"}],"wp:term":[{"taxonomy":"category","embeddable":true,"href":"https:\/\/www.europesays.com\/fi\/wp-json\/wp\/v2\/categories?post=39575"},{"taxonomy":"post_tag","embeddable":true,"href":"https:\/\/www.europesays.com\/fi\/wp-json\/wp\/v2\/tags?post=39575"}],"curies":[{"name":"wp","href":"https:\/\/api.w.org\/{rel}","templated":true}]}}