{"id":39577,"date":"2025-09-19T12:54:07","date_gmt":"2025-09-19T12:54:07","guid":{"rendered":"https:\/\/www.europesays.com\/fi\/39577\/"},"modified":"2025-09-19T12:54:07","modified_gmt":"2025-09-19T12:54:07","slug":"valkeakoskelaisen-legendaarisen-kylafilosofin-tauluja-kaupataan","status":"publish","type":"post","link":"https:\/\/www.europesays.com\/fi\/39577\/","title":{"rendered":"Valkeakoskelaisen legendaarisen kyl\u00e4filosofin tauluja kaupataan"},"content":{"rendered":"<p>Valkeakoskelaisella Veikko Nissisell\u00e4 oli tapana tulla kauppaamaan taulujaan niiden nykyisen omistajan ty\u00f6paikalle.<\/p>\n<p class=\"article-body mb-nof-24 px-nof-16\">Valkeakoskella myyntiin on tullut legendaarisen kyl\u00e4filosofi <a class=\"article-personlink\" href=\"https:\/\/www.valkeakoskensanomat.fi\/haku\/?query=Veikko%20Nissisen\" rel=\"nofollow noopener\" target=\"_blank\">Veikko Nissisen<\/a> tekemi\u00e4 tauluja. Nissinen tunnettiin Valkeakoskella esimerkiksi tarinankerronnastaan.<\/p>\n<p class=\"article-body mb-nof-24 px-nof-16\">Tarinoiden lis\u00e4ksi Nissinen teki my\u00f6s taidetta. Tori.fi-sivustolle on elokuun puoliv\u00e4liss\u00e4 ilmoitettu kolme Nissisen tekem\u00e4\u00e4 taulua 120 euron ja 150 euron hintoihin.<\/p>\n","protected":false},"excerpt":{"rendered":"Valkeakoskelaisella Veikko Nissisell\u00e4 oli tapana tulla kauppaamaan taulujaan niiden nykyisen omistajan ty\u00f6paikalle. Valkeakoskella myyntiin on tullut legendaarisen kyl\u00e4filosofi&hellip;\n","protected":false},"author":2,"featured_media":39578,"comment_status":"","ping_status":"","sticky":false,"template":"","format":"standard","meta":{"footnotes":""},"categories":[135],"tags":[389,387,388,390,137,33,31,30,32,394,393,391,392,3856,109],"class_list":{"0":"post-39577","1":"post","2":"type-post","3":"status-publish","4":"format-standard","5":"has-post-thumbnail","7":"category-taiteet-ja-suunnittelu","8":"tag-arts","9":"tag-arts-and-design","10":"tag-artsanddesign","11":"tag-design","12":"tag-entertainment","13":"tag-fi","14":"tag-finland","15":"tag-finnish","16":"tag-suomi","17":"tag-suunnittelu","18":"tag-taiteet","19":"tag-taiteet-ja-suunnittelu","20":"tag-taiteetsuunnittelu","21":"tag-valkeakosken-sanomat","22":"tag-viihde"},"share_on_mastodon":{"url":"","error":""},"_links":{"self":[{"href":"https:\/\/www.europesays.com\/fi\/wp-json\/wp\/v2\/posts\/39577","targetHints":{"allow":["GET"]}}],"collection":[{"href":"https:\/\/www.europesays.com\/fi\/wp-json\/wp\/v2\/posts"}],"about":[{"href":"https:\/\/www.europesays.com\/fi\/wp-json\/wp\/v2\/types\/post"}],"author":[{"embeddable":true,"href":"https:\/\/www.europesays.com\/fi\/wp-json\/wp\/v2\/users\/2"}],"replies":[{"embeddable":true,"href":"https:\/\/www.europesays.com\/fi\/wp-json\/wp\/v2\/comments?post=39577"}],"version-history":[{"count":0,"href":"https:\/\/www.europesays.com\/fi\/wp-json\/wp\/v2\/posts\/39577\/revisions"}],"wp:featuredmedia":[{"embeddable":true,"href":"https:\/\/www.europesays.com\/fi\/wp-json\/wp\/v2\/media\/39578"}],"wp:attachment":[{"href":"https:\/\/www.europesays.com\/fi\/wp-json\/wp\/v2\/media?parent=39577"}],"wp:term":[{"taxonomy":"category","embeddable":true,"href":"https:\/\/www.europesays.com\/fi\/wp-json\/wp\/v2\/categories?post=39577"},{"taxonomy":"post_tag","embeddable":true,"href":"https:\/\/www.europesays.com\/fi\/wp-json\/wp\/v2\/tags?post=39577"}],"curies":[{"name":"wp","href":"https:\/\/api.w.org\/{rel}","templated":true}]}}