{"id":39821,"date":"2025-09-19T19:27:07","date_gmt":"2025-09-19T19:27:07","guid":{"rendered":"https:\/\/www.europesays.com\/fi\/39821\/"},"modified":"2025-09-19T19:27:07","modified_gmt":"2025-09-19T19:27:07","slug":"jukka-haapalainen-kommentoi-vakavaa-kannanottoaan","status":"publish","type":"post","link":"https:\/\/www.europesays.com\/fi\/39821\/","title":{"rendered":"Jukka Haapalainen kommentoi vakavaa kannanottoaan"},"content":{"rendered":"<p><strong class=\"typography-bold\">Jukka Haapalaiselta kuultiin sunnuntain TTK-l\u00e4hetyksess\u00e4 vakava kannanotto. H\u00e4n kertoi l\u00e4hetyksen j\u00e4lkeen MTV Uutisille, miksi p\u00e4\u00e4tti avata suunsa.<\/strong><\/p>\n<p>Sunnuntaina 14. syyskuuta <a class=\"underline\" data-testid=\"internal-link\" role=\"link\" data-sentry-element=\"Link\" data-sentry-component=\"InternalLink\" data-sentry-source-file=\"InternalLink.tsx\" href=\"https:\/\/www.mtvuutiset.fi\/aihe\/tanssii-tahtien-kanssa\/2839810\" rel=\"nofollow noopener\" target=\"_blank\">Tanssii T\u00e4htien Kanssa<\/a> -l\u00e4hetyksess\u00e4 n\u00e4htiin kirjo suuria tunteita, kun t\u00e4htioppilaat avasivat syd\u00e4mens\u00e4 ja kertoivat oman t\u00e4rke\u00e4n tarinansa Oma tarina -jakson merkeiss\u00e4.<\/p>\n<p>L\u00e4hetyksen alussa TTK-tuomari <a class=\"underline\" data-testid=\"internal-link\" role=\"link\" data-sentry-element=\"Link\" data-sentry-component=\"InternalLink\" data-sentry-source-file=\"InternalLink.tsx\" href=\"https:\/\/www.mtvuutiset.fi\/aihe\/jukka-haapalainen\/7593898\" rel=\"nofollow noopener\" target=\"_blank\"><strong class=\"typography-bold\">Jukka Haapalaiselta<\/strong><\/a> kuultiin vakava kannanotto liittyen ik\u00e4viin kommentteihin, joita t\u00e4htioppilaat ovat saaneet osakseen.<\/p>\n<p><img alt=\"tanssiitahtienkanssa_s17_eps11_kuvaajakatjatamminen_jukkahaapalainen1\" data-testid=\"crops-image\" class=\"h-full w-full object-cover transition duration-700 ease-in-out hover:scale-[1.05]\" fetchpriority=\"low\" loading=\"lazy\" width=\"1024\" height=\"576\" decoding=\"async\" style=\"color:transparent;background-size:cover;background-position:50% 50%;background-repeat:no-repeat;background-image:url(&quot;data:image\/svg+xml;base64,Cjxzdmcgd2lkdGg9IjEwMjQiIGhlaWdodD0iNTc2IiB2ZXJzaW9uPSIxLjEiIHhtbG5zPSJodHRwOi8vd3d3LnczLm9yZy8yMDAwL3N2ZyIgeG1sbnM6eGxpbms9Imh0dHA6Ly93d3cudzMub3JnLzE5OTkveGxpbmsiPgogIDxkZWZzPgogICAgPGxpbmVhckdyYWRpZW50IGlkPSJnIj4KICAgICAgPHN0b3Agc3RvcC1jb2xvcj0iIzBCMTgyMyIgb2Zmc2V0PSIyMCUiIC8+CiAgICAgIDxzdG9wIHN0b3AtY29sb3I9IiMxQTI3MzIiIG9mZnNldD0iNTAlIiAvPgogICAgICA8c3RvcCBzdG9wLWNvbG9yPSIjMEIxODIzIiBvZmZzZXQ9IjcwJSIgLz4KICAgIDwvbGluZWFyR3JhZGllbnQ+CiAgPC9kZWZzPgogIDxyZWN0IHdpZHRoPSIxMDI0IiBoZWlnaHQ9IjU3NiIgZmlsbD0iIzBCMTgyMyIgLz4KICA8cmVjdCBpZD0iciIgd2lkdGg9IjEwMjQiIGhlaWdodD0iNTc2IiBmaWxsPSJ1cmwoI2cpIiAvPgogIDxhbmltYXRlIHhsaW5rOmhyZWY9IiNyIiBhdHRyaWJ1dGVOYW1lPSJ4IiBmcm9tPSItMTAyNCIgdG89IjEwMjQiIGR1cj0iMXMiIHJlcGVhdENvdW50PSJpbmRlZmluaXRlIiAgLz4KPC9zdmc+&quot;)\" src=\"https:\/\/www.europesays.com\/fi\/wp-content\/uploads\/2025\/09\/1758310027_573_image\"\/>Jukka Haapalainen otti kantaa t\u00e4htioppilaille osoitettuihin ik\u00e4viin kommentteihin.MTV \/ Katja Tamminen<\/p>\n<p>Lue my\u00f6s: <a class=\"underline\" data-testid=\"external-link\" href=\"https:\/\/www.mtvuutiset.fi\/artikkeli\/jukka-haapalainen-otti-suorassa-ttk-lahetyksessa-kantaa-tahtioppilaisiin-kohdistuneeseen-ilkeaan-kommentointiin\/9222340\" rel=\"noopener noreferrer nofollow\" target=\"_blank\" data-sentry-component=\"ExternalLink\" data-sentry-source-file=\"ExternalLink.tsx\">Jukka Haapalaiselta vakava kannanotto suorassa l\u00e4hetyksess\u00e4<\/a><\/p>\n<p>Haapalainen kertoi TTK-l\u00e4hetyksen j\u00e4lkeen MTV Uutisille, miksi p\u00e4\u00e4tti avata suunsa asian tiimoilta.\u00a0<\/p>\n<p>\u2013\u00a0Min\u00e4 puolustan omiani. Puolustan tietysti ihmisyytt\u00e4 ja ihmisi\u00e4 kaikin tavoin. Sit\u00e4 (ilke\u00e4\u00e4 kommentointia) ei pit\u00e4isi tapahtua miss\u00e4\u00e4n eik\u00e4 koskaan, h\u00e4n sanoi.<\/p>\n<p>Haapalainen totesi, ett\u00e4 kaikkien ihmisten tulisi osata kontrolloida sit\u00e4, millaisia viestej\u00e4 he esimerkiksi netin keskustelupalstoille kirjoittavat.\u00a0<\/p>\n<p>\u2013\u00a0Me emme saa kiusata. Me emme saa olla ilkeit\u00e4. Meid\u00e4n t\u00e4ytyy olla hyv\u00e4ksyvi\u00e4, h\u00e4n sanoi.<\/p>\n<p>\u2013\u00a0Korostan sit\u00e4, ett\u00e4 n\u00e4m\u00e4 ihmiset ovat kaikki todella rohkeita ja l\u00e4htev\u00e4t eri l\u00e4ht\u00f6kohdista ja t\u00e4ysin vailla valmistautumista t\u00e4llaiseen ohjelmaan. Joo, arvosteltaviksi, mutta meille on annettu se ty\u00f6, ett\u00e4 meid\u00e4n t\u00e4ytyy arvostella. Oman tonttimme tehd\u00e4ksemme meid\u00e4n t\u00e4ytyy laittaa tanssijoita johonkin j\u00e4rjestykseen ja meill\u00e4 t\u00e4ytyy olla hyvin perustellut mielipiteet siit\u00e4, miksi sanomme ja mit\u00e4 sanomme, mutta se ei ole huutelua tai ilkeytt\u00e4, \u00a0h\u00e4n jatkoi.<\/p>\n<p>Haapalaisen mukaan TTK-tuomareille voi my\u00f6s huomauttaa siit\u00e4, jos n\u00e4iden palaute tuntuu liian kovalta.\u00a0<\/p>\n<p>\u2013\u00a0Yleens\u00e4 pyrimme l\u00f6yt\u00e4m\u00e4\u00e4n perustelun siihen, miksi sanomme mit\u00e4 sanomme. Se on ammattitaidon kautta suhteellisen helppoa, kun perustaa mielipiteens\u00e4 tiet\u00e4mykseen.<\/p>\n<p>Tanssii T\u00e4htien Kanssa <a class=\"underline\" data-testid=\"external-link\" href=\"https:\/\/www.mtv.fi\/ohjelma\/5d872b916e7968c4206a\/tanssii-tahtien-kanssa\" rel=\"noopener noreferrer nofollow\" target=\"_blank\" data-sentry-component=\"ExternalLink\" data-sentry-source-file=\"ExternalLink.tsx\">MTV Katsomossa<\/a> ja MTV3-kanavalla sunnuntaisin klo 19.30.<\/p>\n","protected":false},"excerpt":{"rendered":"Jukka Haapalaiselta kuultiin sunnuntain TTK-l\u00e4hetyksess\u00e4 vakava kannanotto. H\u00e4n kertoi l\u00e4hetyksen j\u00e4lkeen MTV Uutisille, miksi p\u00e4\u00e4tti avata suunsa. Sunnuntaina&hellip;\n","protected":false},"author":2,"featured_media":39822,"comment_status":"","ping_status":"","sticky":false,"template":"","format":"standard","meta":{"footnotes":""},"categories":[133],"tags":[137,33,31,30,32,206,156,109],"class_list":{"0":"post-39821","1":"post","2":"type-post","3":"status-publish","4":"format-standard","5":"has-post-thumbnail","7":"category-televisiot","8":"tag-entertainment","9":"tag-fi","10":"tag-finland","11":"tag-finnish","12":"tag-suomi","13":"tag-televisiot","14":"tag-tv","15":"tag-viihde"},"share_on_mastodon":{"url":"","error":""},"_links":{"self":[{"href":"https:\/\/www.europesays.com\/fi\/wp-json\/wp\/v2\/posts\/39821","targetHints":{"allow":["GET"]}}],"collection":[{"href":"https:\/\/www.europesays.com\/fi\/wp-json\/wp\/v2\/posts"}],"about":[{"href":"https:\/\/www.europesays.com\/fi\/wp-json\/wp\/v2\/types\/post"}],"author":[{"embeddable":true,"href":"https:\/\/www.europesays.com\/fi\/wp-json\/wp\/v2\/users\/2"}],"replies":[{"embeddable":true,"href":"https:\/\/www.europesays.com\/fi\/wp-json\/wp\/v2\/comments?post=39821"}],"version-history":[{"count":0,"href":"https:\/\/www.europesays.com\/fi\/wp-json\/wp\/v2\/posts\/39821\/revisions"}],"wp:featuredmedia":[{"embeddable":true,"href":"https:\/\/www.europesays.com\/fi\/wp-json\/wp\/v2\/media\/39822"}],"wp:attachment":[{"href":"https:\/\/www.europesays.com\/fi\/wp-json\/wp\/v2\/media?parent=39821"}],"wp:term":[{"taxonomy":"category","embeddable":true,"href":"https:\/\/www.europesays.com\/fi\/wp-json\/wp\/v2\/categories?post=39821"},{"taxonomy":"post_tag","embeddable":true,"href":"https:\/\/www.europesays.com\/fi\/wp-json\/wp\/v2\/tags?post=39821"}],"curies":[{"name":"wp","href":"https:\/\/api.w.org\/{rel}","templated":true}]}}