{"id":39843,"date":"2025-09-19T19:54:08","date_gmt":"2025-09-19T19:54:08","guid":{"rendered":"https:\/\/www.europesays.com\/fi\/39843\/"},"modified":"2025-09-19T19:54:08","modified_gmt":"2025-09-19T19:54:08","slug":"yungblud-ja-aerosmith-yhdistivat-voimansa-ensimaistiainen-tulevalta-eplta-julki","status":"publish","type":"post","link":"https:\/\/www.europesays.com\/fi\/39843\/","title":{"rendered":"Yungblud ja Aerosmith yhdistiv\u00e4t voimansa &#8211; Ensimaistiainen tulevalta ep:lt\u00e4 julki"},"content":{"rendered":"<p>Rockin t\u00e4m\u00e4n hetken kuumimpiin nouseviin t\u00e4htiin lukeutuva Yungblud ja pitk\u00e4n linjan rockveteraani Aerosmith ovat yhdist\u00e4neet voimansa ja julkaisevat marraskuussa yhteisty\u00f6n hedelm\u00e4n\u00e4 syntyneen One More Time -ep:n. Levy koostuu nelj\u00e4st\u00e4 kokonaan uudesta rallista sek\u00e4 Aerosmithin vuoden 1976 Back in the Saddle -klassikon uudesta versiosta.<\/p>\n<p>Nyt levylt\u00e4 on julkaistu ensimm\u00e4isen\u00e4 maistiaisena avausraita My Only Angel, jonka voit kuunnella alta. Kappaleen kylkeen on tehty my\u00f6s video, joka on katsottavissa Youtubessa (ja my\u00f6s tuossa alla) 19.9. kello 18 j\u00e4lkeen.<\/p>\n<p>Yungblud ja Aerosmithin Steven Tyler ja Joe Perry n\u00e4htiin hiljattain <a href=\"https:\/\/www.soundi.fi\/uutiset\/aerosmithin-ja-extremen-muusikot-yhdessa-yungbludin-kanssa-tekivat-ozzylle-kunniaa-mtvn-palkintogaalassa-talta-se-naytti-ja-kuulosti\/\" target=\"_blank\" rel=\"noreferrer noopener nofollow\">yhdess\u00e4 lavalla<\/a> MTV:n Video Music Awardseissa, jossa ryhm\u00e4 esitti Ozzy Osbourne -potpurin edesmenneen laulajalegendan muistolle. Sek\u00e4 Yungblud ett\u00e4 Tyler olivat my\u00f6s mukana Osbournen ja Black Sabbathin j\u00e4\u00e4hyv\u00e4iskonsertissa Birminghamissa hein\u00e4kuussa.<\/p>\n<p><img loading=\"lazy\" decoding=\"async\" alt=\"YouTube video\" width=\"480\" height=\"360\" data-pin-nopin=\"true\" nopin=\"nopin\" class=\"perfmatters-lazy\" src=\"https:\/\/www.europesays.com\/fi\/wp-content\/uploads\/2025\/09\/1758311648_438_hqdefault.jpg\"\/><\/p>\n<p><img loading=\"lazy\" decoding=\"async\" alt=\"YouTube video\" width=\"480\" height=\"360\" data-pin-nopin=\"true\" nopin=\"nopin\" class=\"perfmatters-lazy\" src=\"https:\/\/www.europesays.com\/fi\/wp-content\/uploads\/2025\/09\/1758311648_967_hqdefault.jpg\"\/><\/p>\n<p>Lue my\u00f6s: <a href=\"https:\/\/www.soundi.fi\/jutut\/kuuluisuus-vangitsee-tiettyyn-hetkeen-jossa-joku-piti-sinusta-etka-voi-enaa-olla-mitaan-muuta-haastattelussa-yungblud\/\" title=\"\u201dKuuluisuus vangitsee tiettyyn hetkeen, jossa joku piti sinusta, etk\u00e4 voi en\u00e4\u00e4 olla mit\u00e4\u00e4n muuta\u201d \u2013 haastattelussa Yungblud\" class=\"underline-custom !font-montserrat !font-bold !underline-offset-4 !decoration-4 !decoration-tilt-light\" rel=\"nofollow noopener\" target=\"_blank\">\u201dKuuluisuus vangitsee tiettyyn hetkeen, jossa joku piti sinusta, etk\u00e4 voi en\u00e4\u00e4 olla mit\u00e4\u00e4n muuta\u201d \u2013 haastattelussa Yungblud<\/a><\/p>\n<p>Lue my\u00f6s: <a href=\"https:\/\/www.soundi.fi\/uutiset\/aerosmithin-ja-extremen-muusikot-yhdessa-yungbludin-kanssa-tekivat-ozzylle-kunniaa-mtvn-palkintogaalassa-talta-se-naytti-ja-kuulosti\/\" title=\"Aerosmithin ja Extremen muusikot yhdess\u00e4 Yungbludin kanssa tekiv\u00e4t Ozzylle kunniaa MTV:n palkintogaalassa \u2013 t\u00e4lt\u00e4 se n\u00e4ytti ja kuulosti\" class=\"underline-custom !font-montserrat !font-bold !underline-offset-4 !decoration-4 !decoration-tilt-light\" rel=\"nofollow noopener\" target=\"_blank\">Aerosmithin ja Extremen muusikot yhdess\u00e4 Yungbludin kanssa tekiv\u00e4t Ozzylle kunniaa MTV:n palkintogaalassa \u2013 t\u00e4lt\u00e4 se n\u00e4ytti ja kuulosti<\/a><\/p>\n","protected":false},"excerpt":{"rendered":"Rockin t\u00e4m\u00e4n hetken kuumimpiin nouseviin t\u00e4htiin lukeutuva Yungblud ja pitk\u00e4n linjan rockveteraani Aerosmith ovat yhdist\u00e4neet voimansa ja julkaisevat&hellip;\n","protected":false},"author":2,"featured_media":39844,"comment_status":"","ping_status":"","sticky":false,"template":"","format":"standard","meta":{"footnotes":""},"categories":[132],"tags":[137,33,31,30,195,47,32,109],"class_list":{"0":"post-39843","1":"post","2":"type-post","3":"status-publish","4":"format-standard","5":"has-post-thumbnail","7":"category-musiikki","8":"tag-entertainment","9":"tag-fi","10":"tag-finland","11":"tag-finnish","12":"tag-music","13":"tag-musiikki","14":"tag-suomi","15":"tag-viihde"},"share_on_mastodon":{"url":"","error":""},"_links":{"self":[{"href":"https:\/\/www.europesays.com\/fi\/wp-json\/wp\/v2\/posts\/39843","targetHints":{"allow":["GET"]}}],"collection":[{"href":"https:\/\/www.europesays.com\/fi\/wp-json\/wp\/v2\/posts"}],"about":[{"href":"https:\/\/www.europesays.com\/fi\/wp-json\/wp\/v2\/types\/post"}],"author":[{"embeddable":true,"href":"https:\/\/www.europesays.com\/fi\/wp-json\/wp\/v2\/users\/2"}],"replies":[{"embeddable":true,"href":"https:\/\/www.europesays.com\/fi\/wp-json\/wp\/v2\/comments?post=39843"}],"version-history":[{"count":0,"href":"https:\/\/www.europesays.com\/fi\/wp-json\/wp\/v2\/posts\/39843\/revisions"}],"wp:featuredmedia":[{"embeddable":true,"href":"https:\/\/www.europesays.com\/fi\/wp-json\/wp\/v2\/media\/39844"}],"wp:attachment":[{"href":"https:\/\/www.europesays.com\/fi\/wp-json\/wp\/v2\/media?parent=39843"}],"wp:term":[{"taxonomy":"category","embeddable":true,"href":"https:\/\/www.europesays.com\/fi\/wp-json\/wp\/v2\/categories?post=39843"},{"taxonomy":"post_tag","embeddable":true,"href":"https:\/\/www.europesays.com\/fi\/wp-json\/wp\/v2\/tags?post=39843"}],"curies":[{"name":"wp","href":"https:\/\/api.w.org\/{rel}","templated":true}]}}