{"id":39911,"date":"2025-09-19T21:34:09","date_gmt":"2025-09-19T21:34:09","guid":{"rendered":"https:\/\/www.europesays.com\/fi\/39911\/"},"modified":"2025-09-19T21:34:09","modified_gmt":"2025-09-19T21:34:09","slug":"mikko-peltola-nylkee-kengat-porosta-tvssa","status":"publish","type":"post","link":"https:\/\/www.europesays.com\/fi\/39911\/","title":{"rendered":"Mikko Peltola nylkee keng\u00e4t porosta tv:ss\u00e4"},"content":{"rendered":"<p>\n            Mikko &#8221;Peltsi&#8221; Peltolan podcast ei saa en\u00e4\u00e4 jatkoa.<br \/>\n            ATTE KAJOVA\n        <\/p>\n<p class=\"subtitle \">Mikko &#8221;Peltsi&#8221; Peltola tutustuu porokulttuuriin Pallasj\u00e4rven tuntumassa.<\/p>\n<p class=\"article-content article-content-width !bg-background\"> on iskenyt pohjoisen reissuilla Lapin-kuume. Uusintana esitett\u00e4v\u00e4ll\u00e4 Peltsin Lapin kolmannella kaudella toimittaja seikkailee j\u00e4lleen napapiirin tuntumassa.<\/p>\n<p class=\"article-content article-content-width !bg-background\">Avausjaksossa 19.9. Peltsi l\u00f6yt\u00e4\u00e4 itsens\u00e4 Pallasj\u00e4rvelt\u00e4, jonne on jo lumi laskeutunut maahan. Raattaman pieness\u00e4 kyl\u00e4ss\u00e4 h\u00e4n p\u00e4\u00e4see tekem\u00e4\u00e4n jalkineet porosta.<\/p>\n<p class=\"article-content article-content-width !bg-background\">\u2013 Lapissa k\u00e4sity\u00f6l\u00e4isyys on ollut aina arvossaan ja on edelleen, Peltsi tuumaa.<\/p>\n<p class=\"article-content article-content-width !bg-background\"> odottaa paikalla toimittajaa.<\/p>\n<p class=\"article-content article-content-width !bg-background\">\u2013 Meid\u00e4n pit\u00e4isi nylke\u00e4 n\u00e4m\u00e4 koivet. On pain poron koivet eli kaks kunturaa, Kristiina opastaa.<\/p>\n<p class=\"article-content article-content-width !bg-background\">\u2013 Niist\u00e4 tulee nutukkaat. Karvakeng\u00e4t. Maailman parhaimmat keng\u00e4t, pakkaskelin keng\u00e4t, h\u00e4n jatkaa.<\/p>\n<p>        <a itemprop=\"url\" href=\"https:\/\/www.seiska.fi\/katso\/mikko-peltsi-peltola-paljastaa-tasta-syysta-vaimoa-ei-nahty-osmo-ja-peltsi-sarjassa\/1584580\" rel=\"nofollow noopener\" target=\"_blank\"><\/p>\n<p class=\"section-date\">\n        <strong class=\"article-section\" data-section=\"katso\"><br \/>\n            katso<br \/>\n        <\/strong><br \/>\n        17.1. 19:57\n    <\/p>\n<p>    Mikko &#8221;Peltsi&#8221; Peltola paljastaa: T\u00e4st\u00e4 syyst\u00e4 vaimoa ei n\u00e4hty Osmo ja Peltsi-sarjassa<\/p>\n<p itemprop=\"description\" class=\"subtitle \">\n    Mikko Peltola ja Osmo-poika kertovat, miten ohjelman k\u00e4y jatkossa.\n<\/p>\n<p>        <\/a><\/p>\n<p>                <img loading=\"lazy\" decoding=\"async\" src=\"https:\/\/www.europesays.com\/fi\/wp-content\/uploads\/2025\/09\/1566245.webp\" width=\"576\" height=\"274\" alt=\"Peltsi seikkaili hiljattain Suomen luonnossa Osmo-poikansa kanssa Peltsi ja Osmo -sarjassa. Toimittajan Peltsin toinen luonto -sarjasta puolestaan on luvassa viides kausi.\" \/>            <\/p>\n<p>\n            Peltsi seikkaili hiljattain Suomen luonnossa Osmo-poikansa kanssa Peltsi ja Osmo -sarjassa. Toimittajan Peltsin toinen luonto -sarjasta puolestaan on luvassa viides kausi.<br \/>\n            Juha Korhonen \/ Yle\n        <\/p>\n<p>        <a itemprop=\"url\" href=\"https:\/\/www.seiska.fi\/katso\/osmo-peltola-palaa-televisioon\/1834989\" rel=\"nofollow noopener\" target=\"_blank\"><\/p>\n<p>\nPeltsi &amp; Osmo\n<\/p>\n<p class=\"section-date\">\n        <strong class=\"article-section\" data-section=\"katso\"><br \/>\n            katso<br \/>\n        <\/strong><br \/>\n        12.6. 10:37\n    <\/p>\n<p>    Osmo Peltola palaa televisioon<\/p>\n<p itemprop=\"description\" class=\"subtitle \">\n    Peltsin toinen luonto -sarjassa n\u00e4hd\u00e4\u00e4n mukana supersuosittu Osmo-poika.\n<\/p>\n<p>        <\/a><\/p>\n<p>Poron koipinahat nyljet\u00e4\u00e4n<\/p>\n<p class=\"article-content article-content-width !bg-background\">Peltsi ja Kristiina ryhtyv\u00e4t tuumasta toimeen. Jaksossa n\u00e4ytet\u00e4\u00e4n, kuinka he nylkev\u00e4t poron koivet.<\/p>\n<p class=\"article-content article-content-width !bg-background\">\u2013 T\u00e4ss\u00e4 on semmoinen vaara, ett\u00e4 tulee uutta designia minun kengist\u00e4ni. Toinen vaihtoehto on mietti\u00e4, miss\u00e4 on l\u00e4hin terveyskeskus, Peltsi heitt\u00e4\u00e4, kun veitsell\u00e4 irrottaa nahkaa irti sorkasta ja luusta.<\/p>\n<p class=\"article-content article-content-width !bg-background\">Seuraavaksi nyljetyt koivet suolataan eli s\u00e4il\u00f6t\u00e4\u00e4n ja k\u00e4\u00e4rit\u00e4\u00e4n sanomalehteen. Kristiinan mukaan t\u00e4t\u00e4 vaihetta ei Peltsi pysty pilaamaan.<\/p>\n<p class=\"article-content article-content-width !bg-background\">S\u00e4il\u00f6nn\u00e4n j\u00e4lkeen koivet sivell\u00e4\u00e4n parkilla. Parkki on pajun kuorta, joka keitettyn\u00e4 muuttuu ruskeaksi. Sill\u00e4 saadaan hyv\u00e4 v\u00e4ri ja t\u00e4rkeimp\u00e4n\u00e4, se pehmitt\u00e4\u00e4 koiven nahan.<\/p>\n<p>                <img decoding=\"async\" src=\"https:\/\/www.europesays.com\/fi\/wp-content\/uploads\/2025\/09\/1936183.webp\" width=\"576\" height=\"797\" alt=\"Peltsi p\u00e4\u00e4see mukaan my\u00f6s porperotukseen. Kuvassa Peltsi ja keitti\u00f6mestari Tero M\u00e4ntykangas.\" loading=\"lazy\" \/>            <\/p>\n<p>\n            Peltsi p\u00e4\u00e4see mukaan my\u00f6s porperotukseen. Kuvassa Peltsi ja keitti\u00f6mestari Tero M\u00e4ntykangas.<br \/>\n            Yle\n        <\/p>\n<p>Kanootit valmistuvat<\/p>\n<p class=\"article-content article-content-width !bg-background\">Kristiina alkaa kaavoittaa Peltsille kenki\u00e4 koivista. Yht\u00e4 suuria h\u00e4n ei ole aiemmin tehnyt, mutta muutamaa kokoa pienemm\u00e4t kyll\u00e4kin.<\/p>\n<p class=\"article-content article-content-width !bg-background\">\u2013 Kanootit kaivoit sielt\u00e4, Peltsi ihailee uusia kenki\u00e4\u00e4n.<\/p>\n<p class=\"article-content article-content-width !bg-background\">Keng\u00e4t ovat kurenutukkaan purkakoivista tehty. Karva on hienojakoista, mik\u00e4 tarkoittaa sit\u00e4, ett\u00e4 koivet on nyljetty elokuussa. Poron karva on silloin kauneimmillaan ja ohkaisimmillaan, kertoo Kristiina.<\/p>\n<p class=\"article-content article-content-width !bg-background\">Peltsin Lapin kolmas kausi on kuvattu vuonna 2017.<\/p>\n<p>        <a itemprop=\"url\" href=\"https:\/\/www.seiska.fi\/katso\/peltsi-ja-osmo-peltola-kertovat-laheisesta-suhteestaan-iska-on-hyva-ja-kaunis\/1585615\" rel=\"nofollow noopener\" target=\"_blank\"><\/p>\n<p class=\"section-date\">\n        <strong class=\"article-section\" data-section=\"katso\"><br \/>\n            katso<br \/>\n        <\/strong><br \/>\n        20.1. 08:58\n    <\/p>\n<p>    Peltsi ja Osmo Peltola kertovat l\u00e4heisest\u00e4 suhteestaan: \u201dIsk\u00e4 on hyv\u00e4 ja kaunis\u201d<\/p>\n<p itemprop=\"description\" class=\"subtitle \">\n    Tuoreet Kultainen Venla -voittajat Mikko Peltola ja Osmo-poika jakoivat fiiliksi\u00e4\u00e4n Yle Uutiset Sunnuntai -l\u00e4hetyksess\u00e4.\n<\/p>\n<p>        <\/a><\/p>\n<p class=\"italic m-italic article-content article-content-width !bg-background\">Peltsin Lappi Yle Areenassa. Kolmannen kauden jaksot esitet\u00e4\u00e4n TV1:ll\u00e4 per\u00e4kk\u00e4isin\u00e4 arkip\u00e4ivin\u00e4 19.9. alkaen.<\/p>\n","protected":false},"excerpt":{"rendered":"Mikko &#8221;Peltsi&#8221; Peltolan podcast ei saa en\u00e4\u00e4 jatkoa. ATTE KAJOVA Mikko &#8221;Peltsi&#8221; Peltola tutustuu porokulttuuriin Pallasj\u00e4rven tuntumassa. on&hellip;\n","protected":false},"author":2,"featured_media":39912,"comment_status":"","ping_status":"","sticky":false,"template":"","format":"standard","meta":{"footnotes":""},"categories":[136],"tags":[407,137,33,31,30,408,10831,10830,3222,10829,10828,32,1318,109,1149,913],"class_list":{"0":"post-39911","1":"post","2":"type-post","3":"status-publish","4":"format-standard","5":"has-post-thumbnail","7":"category-julkkikset","8":"tag-celebrities","9":"tag-entertainment","10":"tag-fi","11":"tag-finland","12":"tag-finnish","13":"tag-julkkikset","14":"tag-kristiina-nakkalajarvi","15":"tag-lapin-kuume","16":"tag-mikko-peltola","17":"tag-peltsin-lappi","18":"tag-porokulttuuri","19":"tag-suomi","20":"tag-tv-ohjelma","21":"tag-viihde","22":"tag-yle","23":"tag-yle-areena"},"share_on_mastodon":{"url":"","error":""},"_links":{"self":[{"href":"https:\/\/www.europesays.com\/fi\/wp-json\/wp\/v2\/posts\/39911","targetHints":{"allow":["GET"]}}],"collection":[{"href":"https:\/\/www.europesays.com\/fi\/wp-json\/wp\/v2\/posts"}],"about":[{"href":"https:\/\/www.europesays.com\/fi\/wp-json\/wp\/v2\/types\/post"}],"author":[{"embeddable":true,"href":"https:\/\/www.europesays.com\/fi\/wp-json\/wp\/v2\/users\/2"}],"replies":[{"embeddable":true,"href":"https:\/\/www.europesays.com\/fi\/wp-json\/wp\/v2\/comments?post=39911"}],"version-history":[{"count":0,"href":"https:\/\/www.europesays.com\/fi\/wp-json\/wp\/v2\/posts\/39911\/revisions"}],"wp:featuredmedia":[{"embeddable":true,"href":"https:\/\/www.europesays.com\/fi\/wp-json\/wp\/v2\/media\/39912"}],"wp:attachment":[{"href":"https:\/\/www.europesays.com\/fi\/wp-json\/wp\/v2\/media?parent=39911"}],"wp:term":[{"taxonomy":"category","embeddable":true,"href":"https:\/\/www.europesays.com\/fi\/wp-json\/wp\/v2\/categories?post=39911"},{"taxonomy":"post_tag","embeddable":true,"href":"https:\/\/www.europesays.com\/fi\/wp-json\/wp\/v2\/tags?post=39911"}],"curies":[{"name":"wp","href":"https:\/\/api.w.org\/{rel}","templated":true}]}}