{"id":39919,"date":"2025-09-19T21:42:11","date_gmt":"2025-09-19T21:42:11","guid":{"rendered":"https:\/\/www.europesays.com\/fi\/39919\/"},"modified":"2025-09-19T21:42:11","modified_gmt":"2025-09-19T21:42:11","slug":"jarkko-niemi-kiireellinen-leikkaus","status":"publish","type":"post","link":"https:\/\/www.europesays.com\/fi\/39919\/","title":{"rendered":"Jarkko Niemi: Kiireellinen leikkaus!"},"content":{"rendered":"<p>            ATTE KAJOVA\n        <\/p>\n<p class=\"subtitle \">Suosikkin\u00e4yttelij\u00e4 kiittelee saamaansa apua.<\/p>\n<p class=\"article-content article-content-width !bg-background\">N\u00e4yttelij\u00e4  joutui taannoin \u00e4killiseen leikkaukseen. Asia selvi\u00e4\u00e4<br \/>\nJarkon torstaina (18.9.) julkaisemasta <a href=\"https:\/\/www.instagram.com\/niemenjarkko\/?hl=fi\" target=\"_blank\" rel=\"nofollow noopener\">Instagram<\/a>-tarinasta.<\/p>\n<p class=\"article-content article-content-width !bg-background\">Sairaalasta julkaistussa kuvassa Jarkko makoilee<br \/>\nsairaspedill\u00e4 hoitokaavussa ja n\u00e4ytt\u00e4\u00e4 kameralle voitonmerkki\u00e4.<\/p>\n<p class=\"article-content article-content-width !bg-background\">Flunssaoireeksi luultu vatsakipu olikin tulehtunut umpilis\u00e4ke<\/p>\n<p class=\"article-content article-content-width !bg-background\">\u2013 Lenssu olikin tulehtunut umppari. Nyt selvitty<br \/>\nleikkauksesta ja toipuminen alkaa. Huh huh, ei oo kyll\u00e4 ennen ollut tuommoisia<br \/>\nvatsakipuja.<\/p>\n<p class=\"article-content article-content-width !bg-background\">\u2013 Kiitos hoitohenkil\u00f6kunnan huikeasta hoidosta,<br \/>\nn\u00e4yttelij\u00e4 kirjoitti kuvan p\u00e4\u00e4lle.<\/p>\n<p class=\"article-content article-content-width !bg-background\">Tarinat ovat katsottavissa vuorokauden ajan julkaisustaan. <\/p>\n<p>Tuttu ymp\u00e4rist\u00f6<\/p>\n<p class=\"article-content article-content-width !bg-background\">Jarkko tunnetaan erityisesti roolistaan arvonsa tiet\u00e4v\u00e4n\u00e4 yleiskirurgi Petteri<br \/>\nHolopaisena Syke-sairaalasarjassa. <\/p>\n<p class=\"article-content article-content-width !bg-background\">Jarkko t\u00e4hditti jo yli vuosikymmenen py\u00f6rinytt\u00e4 sarjaa ensimm\u00e4isen viiden tuotantokauden ajan. Sit\u00e4 seurasi pitk\u00e4 hiatus, mutta mies<br \/>\nteki v\u00e4kev\u00e4n paluun vuonna 2024 alkaneella kaudella.<\/p>\n<p class=\"article-content article-content-width !bg-background\">Monipuolinen n\u00e4yttelij\u00e4 tunnetaan my\u00f6s Modernit miehet<br \/>\n-komedian Peten\u00e4. Lis\u00e4ksi h\u00e4n on t\u00e4hditt\u00e4nyt lukuisia kotimaisia elokuvia.<\/p>\n<p>        <a itemprop=\"url\" href=\"https:\/\/www.seiska.fi\/katso\/jarkko-niemelta-paljastus-suhteesta-lauraan\/1649028\" rel=\"nofollow noopener\" target=\"_blank\"><\/p>\n<p>\nJarkko Niemi\n<\/p>\n<p class=\"section-date\">\n        <strong class=\"article-section\" data-section=\"katso\"><br \/>\n            katso<br \/>\n        <\/strong><br \/>\n        4.4. 17:15\n    <\/p>\n<p>    Jarkko Niemelt\u00e4 paljastus suhteesta Lauraan<\/p>\n<p itemprop=\"description\" class=\"subtitle \">\n    Jarkko Niemi otti Laura Haimilan mukaansa tv-reissukilpailuun.\n<\/p>\n<p>        <\/a><\/p>\n<p>                <img decoding=\"async\" src=\"https:\/\/www.europesays.com\/fi\/wp-content\/uploads\/2025\/09\/1936150.webp\" width=\"576\" height=\"274\" alt=\"T\u00e4lt\u00e4 Jarkon roolihahmo Petteri Holopainen n\u00e4ytti Syke-sarjassa vuonna 2017 \/PR\" loading=\"lazy\" \/>            <\/p>\n<p>\n            T\u00e4lt\u00e4 Jarkon roolihahmo Petteri Holopainen n\u00e4ytti Syke-sarjassa vuonna 2017 \/PR<br \/>\n            Yellow Film &amp; TV\n        <\/p>\n<p>&#8221;Meni tunteisiin&#8221;<\/p>\n<p class=\"article-content article-content-width !bg-background\"><a href=\"https:\/\/www.seiska.fi\/kotimaa\/jarkko-niemella-hammentava-taksimatka\/1673455\" target=\"_blank\" rel=\"nofollow noopener\">Seiska kertoi<\/a> toukokuussa Jarkon sykett\u00e4 nostattaneesta<br \/>\ntaksimatkasta.<\/p>\n<p class=\"article-content article-content-width !bg-background\">Tuolloin n\u00e4yttelij\u00e4 oli noussut kuminilkan kyytiin, ja \u2013<br \/>\nyll\u00e4tyksekseen \u2013 joutunut kuuntelemaan koko matkan ajan kuljettajan n\u00e4kemyksi\u00e4<br \/>\nilmastonmuutoksesta. <\/p>\n<p class=\"article-content article-content-width !bg-background\">\u2013 Vittu ett\u00e4 meni tunteisiin, h\u00e4n p\u00e4\u00e4tti<br \/>\nInstagramissaan julkaisemansa toukokuisen tarinansa.<\/p>\n<p>        <a itemprop=\"url\" href=\"https:\/\/www.seiska.fi\/kotimaa\/jarkko-niemella-hammentava-taksimatka\/1673455\" rel=\"nofollow noopener\" target=\"_blank\"><\/p>\n<p>\nSyke-t\u00e4hti Jarkko Niemi\n<\/p>\n<p class=\"section-date\">\n        <strong class=\"article-section\" data-section=\"kotimaa\"><br \/>\n            kotimaa<br \/>\n        <\/strong><br \/>\n        23.5. 13:35\n    <\/p>\n<p>    Jarkko Niemell\u00e4 h\u00e4mment\u00e4v\u00e4 taksimatka<\/p>\n<p itemprop=\"description\" class=\"subtitle \">\n    Taksikuskin kummalliset puheet laittoivat n\u00e4yttelij\u00e4n vet\u00e4m\u00e4\u00e4n syv\u00e4\u00e4n henke\u00e4.\n<\/p>\n<p>        <\/a><\/p>\n<p><script async src=\"\/\/www.instagram.com\/embed.js\"><\/script><\/p>\n","protected":false},"excerpt":{"rendered":"ATTE KAJOVA Suosikkin\u00e4yttelij\u00e4 kiittelee saamaansa apua. N\u00e4yttelij\u00e4 joutui taannoin \u00e4killiseen leikkaukseen. Asia selvi\u00e4\u00e4 Jarkon torstaina (18.9.) julkaisemasta Instagram-tarinasta.&hellip;\n","protected":false},"author":2,"featured_media":39920,"comment_status":"","ping_status":"","sticky":false,"template":"","format":"standard","meta":{"footnotes":""},"categories":[130],"tags":[137,33,31,30,10748,5939,1342,32,4137,167,109],"class_list":{"0":"post-39919","1":"post","2":"type-post","3":"status-publish","4":"format-standard","5":"has-post-thumbnail","7":"category-viihde","8":"tag-entertainment","9":"tag-fi","10":"tag-finland","11":"tag-finnish","12":"tag-jarkko-niemi","13":"tag-leikkaus","14":"tag-nayttelija","15":"tag-suomi","16":"tag-syke","17":"tag-terveys","18":"tag-viihde"},"share_on_mastodon":{"url":"","error":""},"_links":{"self":[{"href":"https:\/\/www.europesays.com\/fi\/wp-json\/wp\/v2\/posts\/39919","targetHints":{"allow":["GET"]}}],"collection":[{"href":"https:\/\/www.europesays.com\/fi\/wp-json\/wp\/v2\/posts"}],"about":[{"href":"https:\/\/www.europesays.com\/fi\/wp-json\/wp\/v2\/types\/post"}],"author":[{"embeddable":true,"href":"https:\/\/www.europesays.com\/fi\/wp-json\/wp\/v2\/users\/2"}],"replies":[{"embeddable":true,"href":"https:\/\/www.europesays.com\/fi\/wp-json\/wp\/v2\/comments?post=39919"}],"version-history":[{"count":0,"href":"https:\/\/www.europesays.com\/fi\/wp-json\/wp\/v2\/posts\/39919\/revisions"}],"wp:featuredmedia":[{"embeddable":true,"href":"https:\/\/www.europesays.com\/fi\/wp-json\/wp\/v2\/media\/39920"}],"wp:attachment":[{"href":"https:\/\/www.europesays.com\/fi\/wp-json\/wp\/v2\/media?parent=39919"}],"wp:term":[{"taxonomy":"category","embeddable":true,"href":"https:\/\/www.europesays.com\/fi\/wp-json\/wp\/v2\/categories?post=39919"},{"taxonomy":"post_tag","embeddable":true,"href":"https:\/\/www.europesays.com\/fi\/wp-json\/wp\/v2\/tags?post=39919"}],"curies":[{"name":"wp","href":"https:\/\/api.w.org\/{rel}","templated":true}]}}