{"id":39925,"date":"2025-09-19T21:48:08","date_gmt":"2025-09-19T21:48:08","guid":{"rendered":"https:\/\/www.europesays.com\/fi\/39925\/"},"modified":"2025-09-19T21:48:08","modified_gmt":"2025-09-19T21:48:08","slug":"jaro-sailyy-veikkausliigassa-ktp-antoi-potkut-paavalmentajalleen","status":"publish","type":"post","link":"https:\/\/www.europesays.com\/fi\/39925\/","title":{"rendered":"Jaro s\u00e4ilyy Veikkausliigassa \u2013 KTP antoi potkut p\u00e4\u00e4valmentajalleen"},"content":{"rendered":"<p>Veikkausliiga|S\u00e4ilymistaistosta tuli kahden kauppa.<\/p>\n<p>Huippuhetket: Haka\u2013Oulu.Video: Ruutu<\/p>\n<p>19.9. 21:35 | P\u00e4ivitetty 19.9. 22:45<\/p>\n<p class=\"article-body mb-nof-24 px-nof-16\">Pietarsaaren Jaro pelaa Veikkausliigassa my\u00f6s kaudella 2026.<\/p>\n<p class=\"article-body mb-nof-24 px-nof-16\">Asia varmistui perjantai-iltana, jolloin Jaro k\u00e4vi Kotkassa hakemassa 2\u20131-vierasvoiton toisesta nousijaseurasta KTP:st\u00e4.<\/p>\n<p class=\"article-body mb-nof-24 px-nof-16\"><a class=\"article-personlink\" href=\"https:\/\/www.hs.fi\/haku\/?query=Severi%20K%C3%A4hk%C3%B6nen\" rel=\"nofollow noopener\" target=\"_blank\">Severi K\u00e4hk\u00f6nen<\/a> aloitti Jaron maalinteon jo viidennell\u00e4 minuutilla. Osumaa edelsi KTP:n topparin <a class=\"article-personlink\" href=\"https:\/\/www.hs.fi\/haku\/?query=Joshua%20Akpudjen\" rel=\"nofollow noopener\" target=\"_blank\">Joshua Akpudjen<\/a> karmea harhasy\u00f6tt\u00f6.<\/p>\n<p class=\"article-body mb-nof-24 px-nof-16\">K\u00e4hk\u00f6nen tarjoili reilun puolen tunnin kohdalla <a class=\"article-personlink\" href=\"https:\/\/www.hs.fi\/haku\/?query=Kerfala%20Cissokolle\" rel=\"nofollow noopener\" target=\"_blank\">Kerfala Cissokolle<\/a> avopaikan, josta Jaron maalitykki viimeisteli kauden kolmannentoista osumansa.<\/p>\n<p class=\"article-body mb-nof-24 px-nof-16\"><a class=\"article-personlink\" href=\"https:\/\/www.hs.fi\/haku\/?query=Assane%20Seckin\" rel=\"nofollow noopener\" target=\"_blank\">Assane Seckin<\/a> avausjakson lopussa syntynyt kavennusmaali toi kotijoukkueelle toivoa, mutta Jaron maalivahti <a class=\"article-personlink\" href=\"https:\/\/www.hs.fi\/haku\/?query=Miguel%20Santos\" rel=\"nofollow noopener\" target=\"_blank\">Miguel Santos <\/a>venyi loistopelastuksiin ja tuomitsi kotkalaiset seitsem\u00e4nteen per\u00e4kk\u00e4iseen tappioon.<\/p>\n<p class=\"article-body mb-nof-24 px-nof-16\">KTP reagoi tulokseen irtisanomalla p\u00e4\u00e4valmentajansa <a class=\"article-personlink\" href=\"https:\/\/www.hs.fi\/haku\/?query=Jonas%20Nyholmin\" rel=\"nofollow noopener\" target=\"_blank\">Jonas Nyholmin<\/a>. Seura tiedotti asiasta nopeasti ottelun j\u00e4lkeen. Nyholmin korvaa entinen HJK:n p\u00e4\u00e4valmentaja <a class=\"article-personlink\" href=\"https:\/\/www.hs.fi\/haku\/?query=Ossi%20Virta.\" rel=\"nofollow noopener\" target=\"_blank\">Ossi Virta.<\/a><\/p>\n<p class=\"article-body mb-nof-24 px-nof-16\">Perjantai-illan toisessa ottelussa AC Oulu l\u00f6i Hakan vieraissa 1\u20130 ja otti harppauksen kohti s\u00e4ilymist\u00e4.<\/p>\n<p class=\"article-body mb-nof-24 px-nof-16\">Putoamistaistossa KTP pit\u00e4\u00e4 liigan jumbosijaa 14 pisteell\u00e4, Hakalla pisteit\u00e4 on 17, IFK Mariehamnilla 22 ja Oululla nyt 24.<\/p>\n<p class=\"article-body mb-nof-24 px-nof-16\">IFK Mariehamnilla on viel\u00e4 nelj\u00e4 ottelua pelaamatta, muilla kolme.<\/p>\n","protected":false},"excerpt":{"rendered":"Veikkausliiga|S\u00e4ilymistaistosta tuli kahden kauppa. Huippuhetket: Haka\u2013Oulu.Video: Ruutu 19.9. 21:35 | P\u00e4ivitetty 19.9. 22:45 Pietarsaaren Jaro pelaa Veikkausliigassa my\u00f6s&hellip;\n","protected":false},"author":2,"featured_media":39926,"comment_status":"","ping_status":"","sticky":false,"template":"","format":"standard","meta":{"footnotes":""},"categories":[5],"tags":[22,23,26,27,33,31,30,17,46,24,25,28,29,15,18,21,32,19,20,16],"class_list":{"0":"post-39925","1":"post","2":"type-post","3":"status-publish","4":"format-standard","5":"has-post-thumbnail","7":"category-otsikot","8":"tag-breaking-news","9":"tag-breakingnews","10":"tag-featured-news","11":"tag-featurednews","12":"tag-fi","13":"tag-finland","14":"tag-finnish","15":"tag-headlines","16":"tag-helsingin-sanomat","17":"tag-latest-news","18":"tag-latestnews","19":"tag-main-news","20":"tag-mainnews","21":"tag-news","22":"tag-otsikot","23":"tag-paauutiset","24":"tag-suomi","25":"tag-top-stories","26":"tag-topstories","27":"tag-uutiset"},"share_on_mastodon":{"url":"","error":""},"_links":{"self":[{"href":"https:\/\/www.europesays.com\/fi\/wp-json\/wp\/v2\/posts\/39925","targetHints":{"allow":["GET"]}}],"collection":[{"href":"https:\/\/www.europesays.com\/fi\/wp-json\/wp\/v2\/posts"}],"about":[{"href":"https:\/\/www.europesays.com\/fi\/wp-json\/wp\/v2\/types\/post"}],"author":[{"embeddable":true,"href":"https:\/\/www.europesays.com\/fi\/wp-json\/wp\/v2\/users\/2"}],"replies":[{"embeddable":true,"href":"https:\/\/www.europesays.com\/fi\/wp-json\/wp\/v2\/comments?post=39925"}],"version-history":[{"count":0,"href":"https:\/\/www.europesays.com\/fi\/wp-json\/wp\/v2\/posts\/39925\/revisions"}],"wp:featuredmedia":[{"embeddable":true,"href":"https:\/\/www.europesays.com\/fi\/wp-json\/wp\/v2\/media\/39926"}],"wp:attachment":[{"href":"https:\/\/www.europesays.com\/fi\/wp-json\/wp\/v2\/media?parent=39925"}],"wp:term":[{"taxonomy":"category","embeddable":true,"href":"https:\/\/www.europesays.com\/fi\/wp-json\/wp\/v2\/categories?post=39925"},{"taxonomy":"post_tag","embeddable":true,"href":"https:\/\/www.europesays.com\/fi\/wp-json\/wp\/v2\/tags?post=39925"}],"curies":[{"name":"wp","href":"https:\/\/api.w.org\/{rel}","templated":true}]}}