{"id":39931,"date":"2025-09-19T22:04:07","date_gmt":"2025-09-19T22:04:07","guid":{"rendered":"https:\/\/www.europesays.com\/fi\/39931\/"},"modified":"2025-09-19T22:04:07","modified_gmt":"2025-09-19T22:04:07","slug":"vesterinen-yhtyeineen-siirtyy-haavalssitunnelmiin-uusi-kappale-musiikkivideoineen-julki","status":"publish","type":"post","link":"https:\/\/www.europesays.com\/fi\/39931\/","title":{"rendered":"Vesterinen yhtyeineen siirtyy h\u00e4\u00e4valssitunnelmiin \u2013 uusi kappale musiikkivideoineen julki"},"content":{"rendered":"<p>Vesterinen yhtyeineen esittelee taas kappaleen verran lis\u00e4\u00e4 kev\u00e4\u00e4ll\u00e4 julkaistavaa yhdeks\u00e4tt\u00e4 studioalbumiaan. Uusimman singlen nimi on Antaisin kai mit\u00e4 vaan, ja laulu syntyi alun perin tilausty\u00f6n\u00e4 h\u00e4\u00e4valssiksi. Katso biisiin tehty, Elias Ryyn\u00e4sen\u00a0ohjaama musiikkivideo alempaa.<\/p>\n<p>Tuleva albumi\u00a0Liian hiljaista ilmestyy 6. maaliskuuta.\u00a0Levy on b\u00e4ndin mukaan \u201dvastavoima valtavirtaistuneelle tuottajavetoiselle digitaaliselle musiikille\u201d ja se puolustaa yhtyeelle t\u00e4rkeit\u00e4 asioita.<\/p>\n<p>\u201dEnsimm\u00e4ist\u00e4 kertaa olemme saaneet k\u00e4ytt\u00e4\u00e4 studiossa juuri niin paljon aikaa kuin halusimme. T\u00e4m\u00e4n ansiosta moni biisi on syntynyt nimenomaan koko yhtyeen yhteisty\u00f6ll\u00e4. Yhteiskuntamme on t\u00e4ynn\u00e4 ahdistavia asioita ja tapahtumia, jotka hiljaisesti hyv\u00e4ksyt\u00e4\u00e4n. Meille t\u00e4rkeit\u00e4 asioita, yhteis\u00f6llisyytt\u00e4, rauhaa ja rakkautta tulee puolustaa kova\u00e4\u00e4nisesti\u201d,\u00a0Tero Vesterinen\u00a0kertoo tiedotteessa.<\/p>\n<p>Vesterinen yhtyeineen n\u00e4hd\u00e4\u00e4n 9. lokakuuta p\u00e4\u00e4st\u00e4 suurella keikalla Helsingiss\u00e4, ja kokoonpano saakin olla ensimm\u00e4inen artisti uudistetulla Veikkaus-areenalla. Kev\u00e4tkaudella odottaa sitten levyjulkaisukiertue, katso sen keikkap\u00e4iv\u00e4t alempaa.<br \/>21.3. Tampere, Tavara-asema<br \/>27.3. J\u00e4rvenp\u00e4\u00e4, Aino-areena<br \/>28.3. Kokkola, Kampushalli<br \/>11.4. Sein\u00e4joki, Rytmikorjaamo<br \/>18.4. Oulu, Tullisali<br \/>25.4. H\u00e4meenlinna, Verkatehdas<br \/>30.4. Lappeenranta, Holiday Club Saimaa<br \/>1.5. Lepp\u00e4virta, Vesileppis Areena<br \/>2.5. Julkaistaan my\u00f6hemmin<br \/>8.5. Salohalli<br \/>9.5. Kotka, Satama-areena<\/p>\n<p><img loading=\"lazy\" decoding=\"async\" alt=\"YouTube video\" width=\"480\" height=\"360\" data-pin-nopin=\"true\" nopin=\"nopin\" class=\"perfmatters-lazy\" src=\"https:\/\/www.europesays.com\/fi\/wp-content\/uploads\/2025\/09\/1758319447_77_hqdefault.jpg\"\/><\/p>\n","protected":false},"excerpt":{"rendered":"Vesterinen yhtyeineen esittelee taas kappaleen verran lis\u00e4\u00e4 kev\u00e4\u00e4ll\u00e4 julkaistavaa yhdeks\u00e4tt\u00e4 studioalbumiaan. Uusimman singlen nimi on Antaisin kai mit\u00e4&hellip;\n","protected":false},"author":2,"featured_media":39932,"comment_status":"","ping_status":"","sticky":false,"template":"","format":"standard","meta":{"footnotes":""},"categories":[132],"tags":[137,33,31,30,195,47,32,109],"class_list":{"0":"post-39931","1":"post","2":"type-post","3":"status-publish","4":"format-standard","5":"has-post-thumbnail","7":"category-musiikki","8":"tag-entertainment","9":"tag-fi","10":"tag-finland","11":"tag-finnish","12":"tag-music","13":"tag-musiikki","14":"tag-suomi","15":"tag-viihde"},"share_on_mastodon":{"url":"","error":""},"_links":{"self":[{"href":"https:\/\/www.europesays.com\/fi\/wp-json\/wp\/v2\/posts\/39931","targetHints":{"allow":["GET"]}}],"collection":[{"href":"https:\/\/www.europesays.com\/fi\/wp-json\/wp\/v2\/posts"}],"about":[{"href":"https:\/\/www.europesays.com\/fi\/wp-json\/wp\/v2\/types\/post"}],"author":[{"embeddable":true,"href":"https:\/\/www.europesays.com\/fi\/wp-json\/wp\/v2\/users\/2"}],"replies":[{"embeddable":true,"href":"https:\/\/www.europesays.com\/fi\/wp-json\/wp\/v2\/comments?post=39931"}],"version-history":[{"count":0,"href":"https:\/\/www.europesays.com\/fi\/wp-json\/wp\/v2\/posts\/39931\/revisions"}],"wp:featuredmedia":[{"embeddable":true,"href":"https:\/\/www.europesays.com\/fi\/wp-json\/wp\/v2\/media\/39932"}],"wp:attachment":[{"href":"https:\/\/www.europesays.com\/fi\/wp-json\/wp\/v2\/media?parent=39931"}],"wp:term":[{"taxonomy":"category","embeddable":true,"href":"https:\/\/www.europesays.com\/fi\/wp-json\/wp\/v2\/categories?post=39931"},{"taxonomy":"post_tag","embeddable":true,"href":"https:\/\/www.europesays.com\/fi\/wp-json\/wp\/v2\/tags?post=39931"}],"curies":[{"name":"wp","href":"https:\/\/api.w.org\/{rel}","templated":true}]}}