{"id":39957,"date":"2025-09-19T22:39:14","date_gmt":"2025-09-19T22:39:14","guid":{"rendered":"https:\/\/www.europesays.com\/fi\/39957\/"},"modified":"2025-09-19T22:39:14","modified_gmt":"2025-09-19T22:39:14","slug":"voiko-suomi-luottaa-yhdysvaltoihin-nain-vastaa-puolustusministeri","status":"publish","type":"post","link":"https:\/\/www.europesays.com\/fi\/39957\/","title":{"rendered":"Voiko Suomi luottaa Yhdysvaltoihin? N\u00e4in vastaa puolustusministeri"},"content":{"rendered":"<p>Puolustusministeri ei usko, ett\u00e4 edes Ven\u00e4j\u00e4 voisi arvioida omia kykyj\u00e4\u00e4n niin pieleen, ett\u00e4 l\u00e4htisi haastamaan Natoa sotilaallisesti.<\/p>\n<p>Puolustusministeri Antti H\u00e4kk\u00e4nen vastasi kysymykseen, auttaisiko Yhdysvallat Suomea tosipaikan tullen. Lis\u00e4ksi h\u00e4n arvioi, onko Suomella riitt\u00e4v\u00e4 sotilaallinen pelote Ven\u00e4j\u00e4\u00e4 vastaan.<\/p>\n<p>19.9. 19:47<\/p>\n<p class=\"article-body mb-nof-24 px-nof-16\">Puolustusministeri <a class=\"article-personlink\" href=\"https:\/\/www.is.fi\/haku\/?query=Antti%20H%C3%A4kk%C3%A4nen\" rel=\"nofollow noopener\" target=\"_blank\">Antti H\u00e4kk\u00e4nen<\/a> (kok) osallistui perjantaina Helsinki Security Forumin yleis\u00f6tilaisuuteen.<\/p>\n<p class=\"article-body mb-nof-24 px-nof-16\">Tilaisuudessa keskusteltiin muun muassa siit\u00e4, riitt\u00e4\u00e4k\u00f6 Suomen sotilaallinen pelote pit\u00e4m\u00e4\u00e4n Ven\u00e4j\u00e4n loitolla. Ainakin yhdess\u00e4 Natoon liittymisen ja siin\u00e4 mukana tulevien etujen kanssa, uskoo H\u00e4kk\u00e4nen.<\/p>\n<p class=\"article-body mb-nof-24 px-nof-16\">H\u00e4kk\u00e4sen mukaan Suomella on vahva maanpuolustuskyky, joka perustuu laajalti suomalaisten kovaan maanpuolustustahtoon. Suomella on tarvittaessa miltei miljoonan sotilaan reservi. Lis\u00e4ksi Suomi on tehnyt suuria rahallisia satsauksia omaan puolustuskykyyns\u00e4.<\/p>\n<p class=\"article-body mb-nof-24 px-nof-16\">H\u00e4kk\u00e4nen toteaa, ett\u00e4 Ukrainan sota opetti Suomelle sen, ett\u00e4 Ven\u00e4j\u00e4 on valmis ottamaan riskej\u00e4 ja tekem\u00e4\u00e4n v\u00e4\u00e4ri\u00e4 ja jopa mielivaltaisia johtop\u00e4\u00e4t\u00f6ksi\u00e4. Puolustusministeri ei kuitenkaan usko, ett\u00e4 edes Ven\u00e4j\u00e4 tekisi niin suurta virhearviota, ett\u00e4 l\u00e4htisi haastamaan Natoa sotilaallisesti.<\/p>\n<p class=\"article-body mb-nof-24 px-nof-16\">Naton j\u00e4senen\u00e4 Suomella olisi tarvittaessa takanaan koko liittokunnan voima. Unohtamatta ydinasesuojaa.<\/p>\n<p class=\"article-body mb-nof-24 px-nof-16\">\u2013 Meit\u00e4 ei voi naapuri kirist\u00e4\u00e4 ydinasepelotteella. Olemme t\u00e4ysim\u00e4\u00e4r\u00e4isen suojan piiriss\u00e4 ja se on vahva pid\u00e4ke. Ven\u00e4j\u00e4 tiet\u00e4\u00e4 sen t\u00e4ysim\u00e4\u00e4r\u00e4isesti. T\u00e4llainen hybridivaikuttaminen, h\u00e4rn\u00e4\u00e4minen ja muu on aivan eri asia kuin se, ett\u00e4 Ven\u00e4j\u00e4 l\u00e4htisi sotilaallisesti haastamaan Natoa. Siihen on pitk\u00e4 matka. En usko sellaisiin virhearvioihin edes id\u00e4n suunnalla.<\/p>\n<p><img decoding=\"async\" src=\"https:\/\/www.europesays.com\/fi\/wp-content\/uploads\/2025\/09\/1758321554_698_468.jpg\" alt=\"Puolustusministeri Antti H\u00e4kk\u00e4sen mukaan Ukrainan sota opetti Suomelle sen, ett\u00e4 Ven\u00e4j\u00e4 on valmis ottamaan riskej\u00e4 ja tekem\u00e4\u00e4n v\u00e4\u00e4ri\u00e4 ja jopa mielivaltaisia johtop\u00e4\u00e4t\u00f6ksi\u00e4.\" class=\"_Img_tdqg8_1\" style=\"aspect-ratio:1.5\" loading=\"eager\"\/><\/p>\n<p class=\"article-picture-caption\">Puolustusministeri Antti H\u00e4kk\u00e4sen mukaan Ukrainan sota opetti Suomelle sen, ett\u00e4 Ven\u00e4j\u00e4 on valmis ottamaan riskej\u00e4 ja tekem\u00e4\u00e4n v\u00e4\u00e4ri\u00e4 ja jopa mielivaltaisia johtop\u00e4\u00e4t\u00f6ksi\u00e4. Kuva:\u00a0Lassi Rinne<\/p>\n<p class=\"article-body mb-nof-24 px-nof-16\">Yhdysvaltojen sitoutumisesta Natoon on kannettu huolta presidentti <a class=\"article-personlink\" href=\"https:\/\/www.is.fi\/haku\/?query=Donald%20Trumpin\" rel=\"nofollow noopener\" target=\"_blank\">Donald Trumpin<\/a> kaudella. Voiko Suomi tosipaikan tullen luottaa Yhdysvaltoihin?<\/p>\n<p class=\"article-body mb-nof-24 px-nof-16\">H\u00e4kk\u00e4nen toteaa, ett\u00e4 Yhdysvaltojen ja Euroopan yhteisty\u00f6 on parantunut huomattavasti, koska Eurooppa lupasi Yhdysvalloille ryhty\u00e4 panostamaan jatkossa omaan puolustuskykyyns\u00e4.<\/p>\n<p class=\"article-body mb-nof-24 px-nof-16\">\u2013 Se johti siihen, ett\u00e4 Naton huippukokouksen yhteydess\u00e4 amerikkalaiset sanoivat, ett\u00e4 edelleen siihen voidaan luottaa, ett\u00e4 Yhdysvallat on viime k\u00e4dess\u00e4 Naton perusta ja tukena ja turvana, vaikka eurooppalaiset jatkossa joutuvat maksamaan omasta puolustuksestaan enemm\u00e4n.<\/p>\n<p class=\"article-body mb-nof-24 px-nof-16\">H\u00e4kk\u00e4nen my\u00f6s muistutti, ett\u00e4 Eurooppa on ollut riippuvainen Yhdysvaltojen puolustuskyvyst\u00e4 vuosikymmeni\u00e4. Nyt kaikkien Euroopan maiden on kannettava kortensa kekoon.<\/p>\n<p class=\"article-body mb-nof-24 px-nof-16\">\u2013 K\u00e4yt\u00e4nn\u00f6n toimenpiteen\u00e4 syksyst\u00e4 l\u00e4htien kaikki Euroopan maat aidosti hankkivat puolustuskyky\u00e4, kalustoa, joukkorakenteita ja muuta. Se on valitettavasti kallista, mutta vaihtoehto sille voi olla viel\u00e4kin kalliimpi.<\/p>\n<p class=\"article-body mb-nof-24 px-nof-16\">H\u00e4kk\u00e4nen kehuu Suomen ja Yhdysvaltojen kahdenv\u00e4list\u00e4 suhdetta eritt\u00e4in hyv\u00e4ksi ja laajaksi. H\u00e4kk\u00e4nen sanoo, ett\u00e4 harjoitusyhteisty\u00f6, materiaaliyhteisty\u00f6 ja asevoimayhteisty\u00f6 maiden v\u00e4lill\u00e4 on tiivistynyt.<\/p>\n<p class=\"article-body mb-nof-24 px-nof-16\">Lis\u00e4ksi Suomen puolustusministeri\u00f6n ja Pentagonin v\u00e4linen suhde on syventynyt koko ajan.<\/p>\n<p class=\"article-body mb-nof-24 px-nof-16\">H\u00e4kk\u00e4nen kiittelee my\u00f6s presidentti <a class=\"article-personlink\" href=\"https:\/\/www.is.fi\/haku\/?query=Alexander%20Stubbin\" rel=\"nofollow noopener\" target=\"_blank\">Alexander Stubbin<\/a> tehneen eritt\u00e4in hyv\u00e4\u00e4 ty\u00f6t\u00e4 ulkopolitiikan puolella Suomen ja Yhdysvaltojen suhteen syventymisess\u00e4.<\/p>\n<p class=\"article-body mb-nof-24 px-nof-16\">Puolustusministerilt\u00e4 yritettiin kysy\u00e4, millaista apua Suomen sopisi Yhdysvalloilta odottaa, jos Suomeen hy\u00f6k\u00e4tt\u00e4isiin. H\u00e4kk\u00e4nen vastaa hymyillen, ett\u00e4 vaikka pit\u00e4\u00e4kin tilaisuutta kuuntelevaa yleis\u00f6\u00e4 luotettavana, t\u00e4t\u00e4 asiaa ei sovi juuri avata.<\/p>\n<p class=\"article-body mb-nof-24 px-nof-16\">\u2013 T\u00e4m\u00e4 liittyy tietysti ihan oleellisesti meid\u00e4n salaisiin sotilaallisiin suunnitelmiin, joita en l\u00e4hde nyt t\u00e4ss\u00e4 avaamaan enemp\u00e4\u00e4.<\/p>\n<p class=\"article-body mb-nof-24 px-nof-16\">Puolustusministeri sanoo kuitenkin, ett\u00e4 Suomella on Naton liittokunnassa eritt\u00e4in vahva puolustuskyky, joka on vahvistunut entisest\u00e4\u00e4n puolustukseen tehtyjen investointien ansiosta.<\/p>\n<p class=\"article-body mb-nof-24 px-nof-16\">\u2013 Nato on suunnitellut puolustaa jokaista neli\u00f6sentti\u00e4. Suomi on t\u00e4ysim\u00e4\u00e4r\u00e4isesti t\u00e4ss\u00e4 puolustussuunnitelmassa mukana.<\/p>\n<p class=\"article-body mb-nof-24 px-nof-16\">Lis\u00e4ksi H\u00e4kk\u00e4nen muistuttaa, ett\u00e4 Naton pohjoisen alueen maavoimajohtoporras on aloittanut ty\u00f6ns\u00e4 Mikkeliss\u00e4.<\/p>\n<p class=\"article-body mb-nof-24 px-nof-16\">\u2013 Jos tulisi sotilaallinen konflikti ja Ven\u00e4j\u00e4 yritt\u00e4isi jotain, meill\u00e4 on suunnitelmat sit\u00e4 varten, mill\u00e4 koko liittokunnan voimalla puolustetaan kaikkia maita. N\u00e4it\u00e4 me ei tietystik\u00e4\u00e4n avata enemp\u00e4\u00e4, mutta siihen k\u00e4ytet\u00e4\u00e4n koko liittokunnan voimaa tarvittaessa.<\/p>\n<p class=\"article-body mb-nof-24 px-nof-16\">Yleis\u00f6tilaisuuden j\u00e4rjestiv\u00e4t Ilta-Sanomat ja Ulkopoliittinen instituutti.<\/p>\n","protected":false},"excerpt":{"rendered":"Puolustusministeri ei usko, ett\u00e4 edes Ven\u00e4j\u00e4 voisi arvioida omia kykyj\u00e4\u00e4n niin pieleen, ett\u00e4 l\u00e4htisi haastamaan Natoa sotilaallisesti. Puolustusministeri&hellip;\n","protected":false},"author":2,"featured_media":39958,"comment_status":"","ping_status":"","sticky":false,"template":"","format":"standard","meta":{"footnotes":""},"categories":[12],"tags":[22,23,26,27,33,31,30,17,34,24,25,28,29,15,18,21,32,19,20,16],"class_list":{"0":"post-39957","1":"post","2":"type-post","3":"status-publish","4":"format-standard","5":"has-post-thumbnail","7":"category-suomi","8":"tag-breaking-news","9":"tag-breakingnews","10":"tag-featured-news","11":"tag-featurednews","12":"tag-fi","13":"tag-finland","14":"tag-finnish","15":"tag-headlines","16":"tag-ilta-sanomat","17":"tag-latest-news","18":"tag-latestnews","19":"tag-main-news","20":"tag-mainnews","21":"tag-news","22":"tag-otsikot","23":"tag-paauutiset","24":"tag-suomi","25":"tag-top-stories","26":"tag-topstories","27":"tag-uutiset"},"share_on_mastodon":{"url":"","error":""},"_links":{"self":[{"href":"https:\/\/www.europesays.com\/fi\/wp-json\/wp\/v2\/posts\/39957","targetHints":{"allow":["GET"]}}],"collection":[{"href":"https:\/\/www.europesays.com\/fi\/wp-json\/wp\/v2\/posts"}],"about":[{"href":"https:\/\/www.europesays.com\/fi\/wp-json\/wp\/v2\/types\/post"}],"author":[{"embeddable":true,"href":"https:\/\/www.europesays.com\/fi\/wp-json\/wp\/v2\/users\/2"}],"replies":[{"embeddable":true,"href":"https:\/\/www.europesays.com\/fi\/wp-json\/wp\/v2\/comments?post=39957"}],"version-history":[{"count":0,"href":"https:\/\/www.europesays.com\/fi\/wp-json\/wp\/v2\/posts\/39957\/revisions"}],"wp:featuredmedia":[{"embeddable":true,"href":"https:\/\/www.europesays.com\/fi\/wp-json\/wp\/v2\/media\/39958"}],"wp:attachment":[{"href":"https:\/\/www.europesays.com\/fi\/wp-json\/wp\/v2\/media?parent=39957"}],"wp:term":[{"taxonomy":"category","embeddable":true,"href":"https:\/\/www.europesays.com\/fi\/wp-json\/wp\/v2\/categories?post=39957"},{"taxonomy":"post_tag","embeddable":true,"href":"https:\/\/www.europesays.com\/fi\/wp-json\/wp\/v2\/tags?post=39957"}],"curies":[{"name":"wp","href":"https:\/\/api.w.org\/{rel}","templated":true}]}}