{"id":39961,"date":"2025-09-19T22:52:15","date_gmt":"2025-09-19T22:52:15","guid":{"rendered":"https:\/\/www.europesays.com\/fi\/39961\/"},"modified":"2025-09-19T22:52:15","modified_gmt":"2025-09-19T22:52:15","slug":"olenko-turhaankin-venyttanyt-tata-miettii-uutta-musiikkia-julkaissut-timo-paakko-tarjolla-on-porilaista-soul-rockia","status":"publish","type":"post","link":"https:\/\/www.europesays.com\/fi\/39961\/","title":{"rendered":"Olenko turhaankin venytt\u00e4nyt t\u00e4t\u00e4?&#8221; miettii uutta musiikkia julkaissut Timo P\u00e4\u00e4kk\u00f6 \u2013 tarjolla on &#8221;porilaista soul-rockia"},"content":{"rendered":"<p>Vuosien odottelun j\u00e4lkeen Timo P\u00e4\u00e4kk\u00f6 julkaisi vihdoin musiikkia omalla nimell\u00e4\u00e4n.<\/p>\n<p>18.9. 21:00<\/p>\n<p class=\"article-body mb-nof-24 px-nof-16\">Pitk\u00e4\u00e4n musiikin parissa viihtynyt, Harjavallasta kotoisin oleva <a class=\"article-personlink\" href=\"https:\/\/www.satakunnankansa.fi\/haku\/?query=Timo%20P%C3%A4%C3%A4kk%C3%B6\" rel=\"nofollow noopener\" target=\"_blank\">Timo P\u00e4\u00e4kk\u00f6<\/a> p\u00e4\u00e4tti aiemmin t\u00e4n\u00e4 vuonna, ett\u00e4 nyt olisi oikea aika julkaista uutta musiikkia, ja nimenomaan omalla nimell\u00e4.<\/p>\n<p class=\"article-body mb-nof-24 px-nof-16\">\u201dOlen aika pitk\u00e4lle jo n\u00e4hnyt b\u00e4ndikuviot. Niit\u00e4 on ollut uralla niin paljon. Jos nyt kiukuttelen, en voi syytt\u00e4\u00e4 muita kuin itse\u00e4ni. En tied\u00e4, olenko turhaankin venytt\u00e4nyt t\u00e4t\u00e4\u201d, h\u00e4n miettii.<\/p>\n","protected":false},"excerpt":{"rendered":"Vuosien odottelun j\u00e4lkeen Timo P\u00e4\u00e4kk\u00f6 julkaisi vihdoin musiikkia omalla nimell\u00e4\u00e4n. 18.9. 21:00 Pitk\u00e4\u00e4n musiikin parissa viihtynyt, Harjavallasta kotoisin&hellip;\n","protected":false},"author":2,"featured_media":39962,"comment_status":"","ping_status":"","sticky":false,"template":"","format":"standard","meta":{"footnotes":""},"categories":[136],"tags":[407,137,33,31,30,408,80,32,109],"class_list":{"0":"post-39961","1":"post","2":"type-post","3":"status-publish","4":"format-standard","5":"has-post-thumbnail","7":"category-julkkikset","8":"tag-celebrities","9":"tag-entertainment","10":"tag-fi","11":"tag-finland","12":"tag-finnish","13":"tag-julkkikset","14":"tag-satakunnan-kansa","15":"tag-suomi","16":"tag-viihde"},"share_on_mastodon":{"url":"","error":""},"_links":{"self":[{"href":"https:\/\/www.europesays.com\/fi\/wp-json\/wp\/v2\/posts\/39961","targetHints":{"allow":["GET"]}}],"collection":[{"href":"https:\/\/www.europesays.com\/fi\/wp-json\/wp\/v2\/posts"}],"about":[{"href":"https:\/\/www.europesays.com\/fi\/wp-json\/wp\/v2\/types\/post"}],"author":[{"embeddable":true,"href":"https:\/\/www.europesays.com\/fi\/wp-json\/wp\/v2\/users\/2"}],"replies":[{"embeddable":true,"href":"https:\/\/www.europesays.com\/fi\/wp-json\/wp\/v2\/comments?post=39961"}],"version-history":[{"count":0,"href":"https:\/\/www.europesays.com\/fi\/wp-json\/wp\/v2\/posts\/39961\/revisions"}],"wp:featuredmedia":[{"embeddable":true,"href":"https:\/\/www.europesays.com\/fi\/wp-json\/wp\/v2\/media\/39962"}],"wp:attachment":[{"href":"https:\/\/www.europesays.com\/fi\/wp-json\/wp\/v2\/media?parent=39961"}],"wp:term":[{"taxonomy":"category","embeddable":true,"href":"https:\/\/www.europesays.com\/fi\/wp-json\/wp\/v2\/categories?post=39961"},{"taxonomy":"post_tag","embeddable":true,"href":"https:\/\/www.europesays.com\/fi\/wp-json\/wp\/v2\/tags?post=39961"}],"curies":[{"name":"wp","href":"https:\/\/api.w.org\/{rel}","templated":true}]}}