{"id":39978,"date":"2025-09-19T23:22:07","date_gmt":"2025-09-19T23:22:07","guid":{"rendered":"https:\/\/www.europesays.com\/fi\/39978\/"},"modified":"2025-09-19T23:22:07","modified_gmt":"2025-09-19T23:22:07","slug":"morrissey-peruu-keikkojaan-syyna-artistin-henkeen-kohdistuva-uskottava-uhka","status":"publish","type":"post","link":"https:\/\/www.europesays.com\/fi\/39978\/","title":{"rendered":"Morrissey peruu keikkojaan, syyn\u00e4 artistin &#8221;henkeen kohdistuva uskottava uhka&#8221;"},"content":{"rendered":"<p>Morrissey peruu viikonlopun keikkansa. Instagramissa julkaistussa tiedoksiannossa syyksi ilmoitetaan \u201duskottava uhka\u201d artistin hengelle.<\/p>\n<p>\u201dViime p\u00e4ivin\u00e4 on noussut esiin uskottava Morrisseyn henkeen kohdistuva uhka\u201d, p\u00e4ivityksess\u00e4 kirjoitetaan. \u201dSek\u00e4 artistin ett\u00e4 yleis\u00f6n turvallisuuden vuoksi keikat Foxwoodsissa ja MGM Music Hallissa on peruttu.\u201d<\/p>\n<p>My\u00f6s Bostonissa sijaitseva MGM Music Hall, miss\u00e4 Morrisseyn oli m\u00e4\u00e4r\u00e4 konsertoida lauantaina, on vahvistanut tiedon.<\/p>\n<p>Muutama viikko sitten ottawalainen 26-vuotias Noah Castellano pid\u00e4tettiin Morrisseyn hengen ja terveyden uhkaamisesta Blue Sky -viestipalvelussa.<\/p>\n<p>Uhkauksesta huolimatta Morrissey esiintyi Ottawassa CityFolk-tapahtumassa. Castellano on vapaalla jalalla takuita vastaan, mutta m\u00e4\u00e4r\u00e4tty pysyttelem\u00e4\u00e4n Washington DC:n alueella.<\/p>\n<p>Lue my\u00f6s: <a href=\"https:\/\/www.soundi.fi\/uutiset\/suurempaa-totuudenkertojaa-morrissey-mozzer-yllattavaa-ylistysta-metallimaailmasta\/\" title=\"\u201dEi ole suurempaa totuudenkertojaa kuin Morrissey\u201d \u2013 Mozzer saa yll\u00e4tt\u00e4v\u00e4\u00e4 ylistyst\u00e4 metallimaailmasta\" class=\"underline-custom !font-montserrat !font-bold !underline-offset-4 !decoration-4 !decoration-tilt-light\" rel=\"nofollow noopener\" target=\"_blank\">\u201dEi ole suurempaa totuudenkertojaa kuin Morrissey\u201d \u2013 Mozzer saa yll\u00e4tt\u00e4v\u00e4\u00e4 ylistyst\u00e4 metallimaailmasta<\/a><\/p>\n<p>Lue my\u00f6s: <a href=\"https:\/\/www.soundi.fi\/uutiset\/en-haluaisikaan-olla-yhtiolla-joka-sanelee-tarkasti-miten-artistin-tulee-kayttaytya-morrissey-sanoo-saaneensa-potkut-bmglta\/\" title=\"\u201dEn haluaisikaan olla yhti\u00f6ll\u00e4, joka sanelee tarkasti, miten artistin tulee k\u00e4ytt\u00e4yty\u00e4\u201d \u2013 Morrissey sanoo saaneensa potkut BMG:lta\" class=\"underline-custom !font-montserrat !font-bold !underline-offset-4 !decoration-4 !decoration-tilt-light\" rel=\"nofollow noopener\" target=\"_blank\">\u201dEn haluaisikaan olla yhti\u00f6ll\u00e4, joka sanelee tarkasti, miten artistin tulee k\u00e4ytt\u00e4yty\u00e4\u201d \u2013 Morrissey sanoo saaneensa potkut BMG:lta<\/a><\/p>\n","protected":false},"excerpt":{"rendered":"Morrissey peruu viikonlopun keikkansa. Instagramissa julkaistussa tiedoksiannossa syyksi ilmoitetaan \u201duskottava uhka\u201d artistin hengelle. \u201dViime p\u00e4ivin\u00e4 on noussut esiin&hellip;\n","protected":false},"author":2,"featured_media":39979,"comment_status":"","ping_status":"","sticky":false,"template":"","format":"standard","meta":{"footnotes":""},"categories":[132],"tags":[137,33,31,30,195,47,32,109],"class_list":{"0":"post-39978","1":"post","2":"type-post","3":"status-publish","4":"format-standard","5":"has-post-thumbnail","7":"category-musiikki","8":"tag-entertainment","9":"tag-fi","10":"tag-finland","11":"tag-finnish","12":"tag-music","13":"tag-musiikki","14":"tag-suomi","15":"tag-viihde"},"share_on_mastodon":{"url":"","error":""},"_links":{"self":[{"href":"https:\/\/www.europesays.com\/fi\/wp-json\/wp\/v2\/posts\/39978","targetHints":{"allow":["GET"]}}],"collection":[{"href":"https:\/\/www.europesays.com\/fi\/wp-json\/wp\/v2\/posts"}],"about":[{"href":"https:\/\/www.europesays.com\/fi\/wp-json\/wp\/v2\/types\/post"}],"author":[{"embeddable":true,"href":"https:\/\/www.europesays.com\/fi\/wp-json\/wp\/v2\/users\/2"}],"replies":[{"embeddable":true,"href":"https:\/\/www.europesays.com\/fi\/wp-json\/wp\/v2\/comments?post=39978"}],"version-history":[{"count":0,"href":"https:\/\/www.europesays.com\/fi\/wp-json\/wp\/v2\/posts\/39978\/revisions"}],"wp:featuredmedia":[{"embeddable":true,"href":"https:\/\/www.europesays.com\/fi\/wp-json\/wp\/v2\/media\/39979"}],"wp:attachment":[{"href":"https:\/\/www.europesays.com\/fi\/wp-json\/wp\/v2\/media?parent=39978"}],"wp:term":[{"taxonomy":"category","embeddable":true,"href":"https:\/\/www.europesays.com\/fi\/wp-json\/wp\/v2\/categories?post=39978"},{"taxonomy":"post_tag","embeddable":true,"href":"https:\/\/www.europesays.com\/fi\/wp-json\/wp\/v2\/tags?post=39978"}],"curies":[{"name":"wp","href":"https:\/\/api.w.org\/{rel}","templated":true}]}}