{"id":39994,"date":"2025-09-19T23:51:13","date_gmt":"2025-09-19T23:51:13","guid":{"rendered":"https:\/\/www.europesays.com\/fi\/39994\/"},"modified":"2025-09-19T23:51:13","modified_gmt":"2025-09-19T23:51:13","slug":"elias-kuosmanen-paini-mm-pronssin-hs-fi","status":"publish","type":"post","link":"https:\/\/www.europesays.com\/fi\/39994\/","title":{"rendered":"Elias Kuosmanen paini MM-pronssin | HS.fi"},"content":{"rendered":"<p>Paini|Elias Kuosmanen onnistui Kroatiassa.<\/p>\n<p>19.9. 21:22<\/p>\n<p class=\"article-body mb-nof-24 px-nof-16\">Suomen <a class=\"article-personlink\" href=\"https:\/\/www.hs.fi\/haku\/?query=Elias%20Kuosmanen\" rel=\"nofollow noopener\" target=\"_blank\">Elias Kuosmanen<\/a> voitti kreikkalaisroomalaisen painin 130 kilon sarjan MM-pronssia perjantai-iltana Zagrebissa.<\/p>\n<p class=\"article-body mb-nof-24 px-nof-16\">Kuosmanen, 30, l\u00f6i pronssiottelussa Kiinan j\u00e4tin <a class=\"article-personlink\" href=\"https:\/\/www.hs.fi\/haku\/?query=Jiang%20Wenhaon\" rel=\"nofollow noopener\" target=\"_blank\">Jiang Wenhaon<\/a>. Ottelu p\u00e4\u00e4ttyi pistein 3\u20133, mutta Kuosmanen nappasi voiton, koska otti kamppailun viimeisen pisteen.<\/p>\n<p class=\"article-body mb-nof-24 px-nof-16\">Ratkaisu tuli viimeisell\u00e4 minuutilla, kun Kuosmanen sai ty\u00f6nnetty\u00e4 vastustajansa ulos matolta. Suoritus toi ratkaisevan pisteen.<\/p>\n<p class=\"article-body mb-nof-24 px-nof-16\">Helsingin Hakaa edustava Kuosmanen on urallaan voittanut aiemmin kaksi EM-pronssia 97 kilon sarjassa.<\/p>\n<p class=\"article-body mb-nof-24 px-nof-16\">Kuosmanen katkaisi suomalaismiesten pitk\u00e4n kuivan putken MM-tasolla. Edellist\u00e4 mitalia juhli <a class=\"article-personlink\" href=\"https:\/\/www.hs.fi\/haku\/?query=Rami%20Hietaniemi,\" rel=\"nofollow noopener\" target=\"_blank\">Rami Hietaniemi,<\/a> joka nappasi pronssin vuonna 2011.<\/p>\n<p class=\"article-body mb-nof-24 px-nof-16\">Naisten sarjassa <a class=\"article-personlink\" href=\"https:\/\/www.hs.fi\/haku\/?query=Petra%20Olli\" rel=\"nofollow noopener\" target=\"_blank\">Petra Olli<\/a> juhli MM-kultaa vuonna 2018.<\/p>\n","protected":false},"excerpt":{"rendered":"Paini|Elias Kuosmanen onnistui Kroatiassa. 19.9. 21:22 Suomen Elias Kuosmanen voitti kreikkalaisroomalaisen painin 130 kilon sarjan MM-pronssia perjantai-iltana Zagrebissa.&hellip;\n","protected":false},"author":2,"featured_media":39995,"comment_status":"","ping_status":"","sticky":false,"template":"","format":"standard","meta":{"footnotes":""},"categories":[158],"tags":[33,31,30,46,159,32,160],"class_list":{"0":"post-39994","1":"post","2":"type-post","3":"status-publish","4":"format-standard","5":"has-post-thumbnail","7":"category-urheilu","8":"tag-fi","9":"tag-finland","10":"tag-finnish","11":"tag-helsingin-sanomat","12":"tag-sports","13":"tag-suomi","14":"tag-urheilu"},"share_on_mastodon":{"url":"","error":""},"_links":{"self":[{"href":"https:\/\/www.europesays.com\/fi\/wp-json\/wp\/v2\/posts\/39994","targetHints":{"allow":["GET"]}}],"collection":[{"href":"https:\/\/www.europesays.com\/fi\/wp-json\/wp\/v2\/posts"}],"about":[{"href":"https:\/\/www.europesays.com\/fi\/wp-json\/wp\/v2\/types\/post"}],"author":[{"embeddable":true,"href":"https:\/\/www.europesays.com\/fi\/wp-json\/wp\/v2\/users\/2"}],"replies":[{"embeddable":true,"href":"https:\/\/www.europesays.com\/fi\/wp-json\/wp\/v2\/comments?post=39994"}],"version-history":[{"count":0,"href":"https:\/\/www.europesays.com\/fi\/wp-json\/wp\/v2\/posts\/39994\/revisions"}],"wp:featuredmedia":[{"embeddable":true,"href":"https:\/\/www.europesays.com\/fi\/wp-json\/wp\/v2\/media\/39995"}],"wp:attachment":[{"href":"https:\/\/www.europesays.com\/fi\/wp-json\/wp\/v2\/media?parent=39994"}],"wp:term":[{"taxonomy":"category","embeddable":true,"href":"https:\/\/www.europesays.com\/fi\/wp-json\/wp\/v2\/categories?post=39994"},{"taxonomy":"post_tag","embeddable":true,"href":"https:\/\/www.europesays.com\/fi\/wp-json\/wp\/v2\/tags?post=39994"}],"curies":[{"name":"wp","href":"https:\/\/api.w.org\/{rel}","templated":true}]}}