{"id":40006,"date":"2025-09-20T00:13:08","date_gmt":"2025-09-20T00:13:08","guid":{"rendered":"https:\/\/www.europesays.com\/fi\/40006\/"},"modified":"2025-09-20T00:13:08","modified_gmt":"2025-09-20T00:13:08","slug":"elamani-biisi-paljastus-tana-lauantaina-nama-julkkikset-istahtavat-sinisille-sohville","status":"publish","type":"post","link":"https:\/\/www.europesays.com\/fi\/40006\/","title":{"rendered":"El\u00e4m\u00e4ni biisi -paljastus: T\u00e4n\u00e4 lauantaina n\u00e4m\u00e4 julkkikset istahtavat sinisille sohville!"},"content":{"rendered":"<p>Televisio<\/p>\n<p>  El\u00e4m\u00e4ni Biisi on palannut syksyn iloksi. Lauantaina 20.9. vieraina mm. Anna Puu, Jukka Hild\u00e9n ja Eva Wahlstr\u00f6m.19.9.2025 klo 9:30<a href=\"https:\/\/www.suomi24.fi\/viihde\/l\/68caaed14d9c7-5208.webp\" rel=\"nofollow noopener\" target=\"_blank\"><img decoding=\"async\" src=\"https:\/\/www.europesays.com\/fi\/wp-content\/uploads\/2025\/09\/68caaed14d9c7-5208.webp.webp\" alt=\"El\u00e4m\u00e4ni Biisi\" loading=\"lazy\"\/><\/a>Katja St\u00e5hl juontaa El\u00e4m\u00e4ni biisi -viihdeohjelman. Kuva: Atte M\u00e4l\u00e4sk\u00e4, Yellow Film &amp; TV Oy, Yle<\/p>\n<p>El\u00e4m\u00e4ni Biisi on startannut uusin jaksoin. Suosikkisarja n\u00e4hd\u00e4\u00e4n tuttuun tapaan lauantai-iltaisin televisiossa ja juontajana jatkaa <strong>Katja St\u00e5hl<\/strong>. Syksyn aikana on tiedossa kymmenen suoraa l\u00e4hetyst\u00e4, joiden j\u00e4lkeen on luvassa viel\u00e4 kolme nauhoitettua erikoisjaksoa.<\/p>\n<p>T\u00e4n\u00e4 lauantaina 20.9. sinisille sohvalle istahtaa viisi vierasta: <strong>Anna Puu, Eva Wahlstr\u00f6m, Jukka Hild\u00e9n, Jukka Rintala <\/strong>ja <strong>Minna Parikka<\/strong>.<\/p>\n<p><a href=\"https:\/\/www.suomi24.fi\/viihde\/elamani-biisi-nama-julkkikset-istahtavat-sinisille-sohville-katso-tasta-vieraslista-ja-paivamaarat\" rel=\"noopener noreferrer nofollow\" target=\"_blank\">Katso t\u00e4st\u00e4 syksyn kaikki vieraat ja p\u00e4iv\u00e4m\u00e4\u00e4r\u00e4t &gt;<\/a><\/p>\n<p><a href=\"https:\/\/www.suomi24.fi\/viihde\/l\/68caaf3e5cfed-5208.webp\" rel=\"nofollow noopener\" target=\"_blank\"><img decoding=\"async\" src=\"https:\/\/www.europesays.com\/fi\/wp-content\/uploads\/2025\/09\/68caaf3e5cfed-5208.webp.webp\" alt=\"El\u00e4m\u00e4ni Biisi\" loading=\"lazy\"\/><\/a><\/p>\n<p>Anna Puu on laulaja-lauluntekij\u00e4, joka tunnetaan my\u00f6s Rodeo-yhtyeest\u00e4. Kuva: Suomi24 Viihde<\/p>\n<p>Ensimm\u00e4inen erikoisjakso on klassisen musiikin erikoisjakso, joka n\u00e4hd\u00e4\u00e4n 27.12. Orkesterina on <strong>Radion sinfoniaorkesteri <\/strong>kapellimestarinaan <strong>Dalia Stasevska<\/strong>. Toinen erikoisjakso tulee ulos 3.1., siin\u00e4 vieraana on Suomea euroviisuissa edustaneita artisteja. Kolmannessa erikoisjaksossa vieraana on nuoria tunnettuja nimi\u00e4.<\/p>\n<p><a href=\"https:\/\/www.suomi24.fi\/viihde\/l\/68caaf769a44d-5208.webp\" rel=\"nofollow noopener\" target=\"_blank\"><img decoding=\"async\" src=\"https:\/\/www.europesays.com\/fi\/wp-content\/uploads\/2025\/09\/68caaf769a44d-5208.webp.webp\" alt=\"El\u00e4m\u00e4ni Biisi\" loading=\"lazy\"\/><\/a>El\u00e4m\u00e4ni biisi -t\u00e4htisolistit syksyll\u00e4 2025. Kuva: Yellow Film &amp; TV \/ Yle<\/p>\n<p>Uudella kaudella jatkavat tutut artistit <strong>Diandra, JP Lepp\u00e4luoto, Lauri Mikkola <\/strong>ja <strong>Suvi Ter\u00e4sniska<\/strong>. Uudet lis\u00e4ykset t\u00e4htikaartiin ovat <strong>Markku Aro, Henri Piispanen <\/strong>ja <strong>Johanna Rauma<\/strong>.<\/p>\n<p>El\u00e4m\u00e4ni Biisi Yle TV1 lauantaisin klo 21.00.<\/p>\n<p><a href=\"https:\/\/www.telsu.fi\/el%C3%A4m%C3%A4ni+biisi\" rel=\"noopener noreferrer nofollow\" target=\"_blank\">Katso tv-ohjelma-ajat Telsu.fi<\/a><\/p>\n<p>Suomi24 Viihde<\/p>\n<p>Lue seuraavaksi<\/p>\n","protected":false},"excerpt":{"rendered":"Televisio El\u00e4m\u00e4ni Biisi on palannut syksyn iloksi. Lauantaina 20.9. vieraina mm. Anna Puu, Jukka Hild\u00e9n ja Eva Wahlstr\u00f6m.19.9.2025&hellip;\n","protected":false},"author":2,"featured_media":40007,"comment_status":"","ping_status":"","sticky":false,"template":"","format":"standard","meta":{"footnotes":""},"categories":[133],"tags":[137,33,31,30,32,206,156,109],"class_list":{"0":"post-40006","1":"post","2":"type-post","3":"status-publish","4":"format-standard","5":"has-post-thumbnail","7":"category-televisiot","8":"tag-entertainment","9":"tag-fi","10":"tag-finland","11":"tag-finnish","12":"tag-suomi","13":"tag-televisiot","14":"tag-tv","15":"tag-viihde"},"share_on_mastodon":{"url":"","error":""},"_links":{"self":[{"href":"https:\/\/www.europesays.com\/fi\/wp-json\/wp\/v2\/posts\/40006","targetHints":{"allow":["GET"]}}],"collection":[{"href":"https:\/\/www.europesays.com\/fi\/wp-json\/wp\/v2\/posts"}],"about":[{"href":"https:\/\/www.europesays.com\/fi\/wp-json\/wp\/v2\/types\/post"}],"author":[{"embeddable":true,"href":"https:\/\/www.europesays.com\/fi\/wp-json\/wp\/v2\/users\/2"}],"replies":[{"embeddable":true,"href":"https:\/\/www.europesays.com\/fi\/wp-json\/wp\/v2\/comments?post=40006"}],"version-history":[{"count":0,"href":"https:\/\/www.europesays.com\/fi\/wp-json\/wp\/v2\/posts\/40006\/revisions"}],"wp:featuredmedia":[{"embeddable":true,"href":"https:\/\/www.europesays.com\/fi\/wp-json\/wp\/v2\/media\/40007"}],"wp:attachment":[{"href":"https:\/\/www.europesays.com\/fi\/wp-json\/wp\/v2\/media?parent=40006"}],"wp:term":[{"taxonomy":"category","embeddable":true,"href":"https:\/\/www.europesays.com\/fi\/wp-json\/wp\/v2\/categories?post=40006"},{"taxonomy":"post_tag","embeddable":true,"href":"https:\/\/www.europesays.com\/fi\/wp-json\/wp\/v2\/tags?post=40006"}],"curies":[{"name":"wp","href":"https:\/\/api.w.org\/{rel}","templated":true}]}}