{"id":40013,"date":"2025-09-20T00:22:10","date_gmt":"2025-09-20T00:22:10","guid":{"rendered":"https:\/\/www.europesays.com\/fi\/40013\/"},"modified":"2025-09-20T00:22:10","modified_gmt":"2025-09-20T00:22:10","slug":"trump-sanoo-matkustavansa-kiinaan-ensi-vuoden-alussa","status":"publish","type":"post","link":"https:\/\/www.europesays.com\/fi\/40013\/","title":{"rendered":"Trump sanoo matkustavansa Kiinaan ensi vuoden alussa"},"content":{"rendered":"<p>Yhdysvallat|Trump ja Kiinan Xi puhuivat perjantaina puhelimessa. Keskustelussa ei ilmeisesti p\u00e4\u00e4sty sopimukseen Tiktokin toiminnan jatkumisesta Yhdys\u00advalloissa.<\/p>\n<p>19.9. 19:44<\/p>\n<p class=\"article-body mb-nof-24 px-nof-16\">Yhdysvaltain presidentti <a class=\"article-personlink\" href=\"https:\/\/www.hs.fi\/haku\/?query=Donald%20Trump\" rel=\"nofollow noopener\" target=\"_blank\">Donald Trump<\/a> sanoo matkustavansa Kiinaan ensi vuoden alussa. Trump sanoi my\u00f6s Kiinan presidentin <a class=\"article-personlink\" href=\"https:\/\/www.hs.fi\/haku\/?query=Xi%20Jinpingin\" rel=\"nofollow noopener\" target=\"_blank\">Xi Jinpingin<\/a> tekev\u00e4n vastavierailun Yhdysvaltoihin \u201dsopivana ajankohtana\u201d.<\/p>\n<p class=\"article-body mb-nof-24 px-nof-16\">Trumpin mukaan johtajat tapaavat t\u00e4t\u00e4 ennen lokakuun lopulla Etel\u00e4-Koreassa j\u00e4rjestett\u00e4v\u00e4ss\u00e4 APEC-kokouksessa. H\u00e4n sanoi my\u00f6s, ett\u00e4 johtajat puhuisivat my\u00f6s puhelimessa uudelleen.<\/p>\n<p class=\"article-body mb-nof-24 px-nof-16\">Trump kertoi asiasta perjantaina keskusteluaan puhelimessa Xin kanssa. Johtajat keskustelivat muun muassa sosiaalisen median Tiktok-sovelluksen toiminnasta sek\u00e4 Ukrainan sodan lopettamisesta, Trump kertoi.<\/p>\n<p class=\"article-body mb-nof-24 px-nof-16\">Trump kertoi keskusteluissa Tiktokista tapahtuneen \u201dedistyst\u00e4\u201d, mutta ilmeisesti sopimukseen ei ole p\u00e4\u00e4sty. Kiinan valtiollisten medioiden mukaan Xi sanoi puhelun j\u00e4lkeen, ett\u00e4 ratkaisuun tulisi p\u00e4\u00e4st\u00e4 \u201dmarkkinoiden s\u00e4\u00e4nn\u00f6ill\u00e4\u201d.<\/p>\n<p class=\"article-body mb-nof-24 px-nof-16\">My\u00f6sk\u00e4\u00e4n Kiina ei vahvistanut sopimuksen aikaansaamista, toisin kuin oli odotettu.<\/p>\n<p class=\"article-body mb-nof-24 px-nof-16\">Aiemmin t\u00e4ll\u00e4 viikolla Yhdysvaltojen ja Kiinan oli kerrottu p\u00e4\u00e4sseen sopuun Tiktokin toiminnan jatkamisesta Yhdysvalloissa. Sovellus on aiottu kielt\u00e4\u00e4 Yhdysvalloissa.<\/p>\n<p class=\"article-body mb-nof-24 px-nof-16\">\u201dMit\u00e4 tulee Tiktok-kysymykseen, Xi totesi, ett\u00e4 Kiinan kanta on selke\u00e4. Kiinan hallitus kunnioittaa yritysten tahtoa ja [kehottaa] k\u00e4ym\u00e4\u00e4n markkina\u00ads\u00e4\u00e4nt\u00f6ihin perustuvia neuvotteluja liiketoiminnasta. N\u00e4in p\u00e4\u00e4st\u00e4\u00e4n ratkaisuihin, jotka tasapainottavat etuja ja ovat Kiinan lakien ja m\u00e4\u00e4r\u00e4ysten mukaisia\u201d, Kiinan valtion yleisradioyhti\u00f6 CCTV raportoi AFP:n mukaan.<\/p>\n<p class=\"article-body mb-nof-24 px-nof-16\">\u201dKiina toivoo, ett\u00e4 Yhdysvallat tarjoaa avoimen, oikeudenmukaisen ja syrjim\u00e4tt\u00f6m\u00e4n liiketoimintaymp\u00e4rist\u00f6n Yhdysvalloissa sijoituksia tekeville kiinalaisille yrityksille\u201d, CCTV lis\u00e4si.<\/p>\n<p class=\"article-body mb-nof-24 px-nof-16\">Kiinan presidentti Xi pyysi Trumpia v\u00e4ltt\u00e4m\u00e4\u00e4n \u201dyksipuolisia p\u00e4\u00e4t\u00f6ksi\u00e4 kauppa\u00adkysymyksiss\u00e4\u201d viitaten Trumpin asettamiin korkeisiin tuontitulleihin.<\/p>\n<p class=\"article-body mb-nof-24 px-nof-16\">Xi kuitenkin luonnehti keskusteluja Trumpin kanssa \u201dpositiivisiksi ja rakentaviksi\u201d.<\/p>\n","protected":false},"excerpt":{"rendered":"Yhdysvallat|Trump ja Kiinan Xi puhuivat perjantaina puhelimessa. Keskustelussa ei ilmeisesti p\u00e4\u00e4sty sopimukseen Tiktokin toiminnan jatkumisesta Yhdys\u00advalloissa. 19.9. 19:44&hellip;\n","protected":false},"author":2,"featured_media":40014,"comment_status":"","ping_status":"","sticky":false,"template":"","format":"standard","meta":{"footnotes":""},"categories":[14],"tags":[22,23,26,27,33,31,30,17,46,24,25,28,29,15,18,21,32,19,20,56,16,59,60,61],"class_list":{"0":"post-40013","1":"post","2":"type-post","3":"status-publish","4":"format-standard","5":"has-post-thumbnail","7":"category-ulkomaat","8":"tag-breaking-news","9":"tag-breakingnews","10":"tag-featured-news","11":"tag-featurednews","12":"tag-fi","13":"tag-finland","14":"tag-finnish","15":"tag-headlines","16":"tag-helsingin-sanomat","17":"tag-latest-news","18":"tag-latestnews","19":"tag-main-news","20":"tag-mainnews","21":"tag-news","22":"tag-otsikot","23":"tag-paauutiset","24":"tag-suomi","25":"tag-top-stories","26":"tag-topstories","27":"tag-ulkomaat","28":"tag-uutiset","29":"tag-world","30":"tag-world-news","31":"tag-worldnews"},"share_on_mastodon":{"url":"","error":""},"_links":{"self":[{"href":"https:\/\/www.europesays.com\/fi\/wp-json\/wp\/v2\/posts\/40013","targetHints":{"allow":["GET"]}}],"collection":[{"href":"https:\/\/www.europesays.com\/fi\/wp-json\/wp\/v2\/posts"}],"about":[{"href":"https:\/\/www.europesays.com\/fi\/wp-json\/wp\/v2\/types\/post"}],"author":[{"embeddable":true,"href":"https:\/\/www.europesays.com\/fi\/wp-json\/wp\/v2\/users\/2"}],"replies":[{"embeddable":true,"href":"https:\/\/www.europesays.com\/fi\/wp-json\/wp\/v2\/comments?post=40013"}],"version-history":[{"count":0,"href":"https:\/\/www.europesays.com\/fi\/wp-json\/wp\/v2\/posts\/40013\/revisions"}],"wp:featuredmedia":[{"embeddable":true,"href":"https:\/\/www.europesays.com\/fi\/wp-json\/wp\/v2\/media\/40014"}],"wp:attachment":[{"href":"https:\/\/www.europesays.com\/fi\/wp-json\/wp\/v2\/media?parent=40013"}],"wp:term":[{"taxonomy":"category","embeddable":true,"href":"https:\/\/www.europesays.com\/fi\/wp-json\/wp\/v2\/categories?post=40013"},{"taxonomy":"post_tag","embeddable":true,"href":"https:\/\/www.europesays.com\/fi\/wp-json\/wp\/v2\/tags?post=40013"}],"curies":[{"name":"wp","href":"https:\/\/api.w.org\/{rel}","templated":true}]}}