{"id":40021,"date":"2025-09-20T00:39:11","date_gmt":"2025-09-20T00:39:11","guid":{"rendered":"https:\/\/www.europesays.com\/fi\/40021\/"},"modified":"2025-09-20T00:39:11","modified_gmt":"2025-09-20T00:39:11","slug":"kake-randelinin-fanit-tulevat-tasta-ilmoituksesta-onnesta-soikeiksi","status":"publish","type":"post","link":"https:\/\/www.europesays.com\/fi\/40021\/","title":{"rendered":"Kake Randelinin fanit tulevat t\u00e4st\u00e4 ilmoituksesta onnesta soikeiksi"},"content":{"rendered":"<p>Kake Randelin ratsastaa nostalgiabuumin aallonharjalla aivan kuten Eini, Vicky Rosti tai vaikkapa Markku Aro. Kaikilla on kysynt\u00e4\u00e4 vaikka joka p\u00e4iv\u00e4lle.<\/p>\n<p>Nyt Kake kertoo faneilleen yll\u00e4tt\u00e4vi\u00e4 ja upeita uutisia.<\/p>\n<p>H\u00e4n jatkaa 70-vuotisjuhliaan klubi- ja areenakiertueella ymp\u00e4ri Suomen!<\/p>\n<p>Kake jatkaa paahtamista useilla eri paikkakunnilla<\/p>\n<p>Tammikuussa 70 vuotta t\u00e4ytt\u00e4nyt ja juhlakiertueellaan t\u00e4ysille katsomoille jo esiintynyt Kake Randelin jatkaa juhlintaansa klubi- ja areenakiertueella ymp\u00e4ri Suomen. <\/p>\n<p>Kiertue alkaa Viitasaari Areenalta 24. lokakuuta ja p\u00e4\u00e4ttyy J\u00e4rvenp\u00e4\u00e4n Aino Areenalle 13. joulukuuta. Muut kiertuekohteet ovat Kalajoki, Kuusankoski, J\u00e4ms\u00e4, Nurmes, Joensuu, Tallink Victoria I, Vantaa, Lohja, Tampere, K\u00f6yli\u00f6, Kauhajoki, Kuopio, Laukaa, Lappeenranta ja Mikkeli.<\/p>\n<p>Luvassa on vuosien varrelta monia Randelinin suosituimpia kappaleita, kuten yhdess\u00e4 Portion Boysin kanssa tehty Juhannusy\u00f6, JVG:n Amatimies eli Pakko painaa pitk\u00e4\u00e4 p\u00e4iv\u00e4\u00e4 -kappaleen s\u00e4mpl\u00e4ys sek\u00e4 jo vuosien takaiset Nasta pimu, Tarja, Avaa hakas, Jannu huoleton, Tilip\u00e4iv\u00e4 koittaa ja Kielletyt tunteet.<\/p>\n<p>Lue my\u00f6s: <a href=\"https:\/\/www.como.fi\/uutiset\/kake-randelinin-keikkalavalla-kosinta-video-nayttaa-kaiken\/\" title=\"Kake Randelinin keikkalavalla tapahtui uskomaton tilanne \u2013 video!\" class=\"underline-custom !font-montserrat !font-bold !underline-offset-4 !decoration-4 !decoration-red-600 !text-md\" rel=\"nofollow noopener\" target=\"_blank\">Kake Randelinin keikkalavalla tapahtui uskomaton tilanne \u2013 video!<\/a><\/p>\n<p>Lue my\u00f6s: <a href=\"https:\/\/www.como.fi\/uutiset\/kake-randelin-unohti-jotain-tarkeaa-kylla-ika-tekee-tehtavansa\/\" title=\"Kake Randelin unohti jotain t\u00e4rke\u00e4\u00e4 \u2013 \u201dKyll\u00e4 ik\u00e4 tekee teht\u00e4v\u00e4ns\u00e4\u201d\" class=\"underline-custom !font-montserrat !font-bold !underline-offset-4 !decoration-4 !decoration-red-600 !text-md\" rel=\"nofollow noopener\" target=\"_blank\">Kake Randelin unohti jotain t\u00e4rke\u00e4\u00e4 \u2013 \u201dKyll\u00e4 ik\u00e4 tekee teht\u00e4v\u00e4ns\u00e4\u201d<\/a><\/p>\n<p>Kake on t\u00e4h\u00e4n menness\u00e4 julkaissut yli 20 albumia. H\u00e4n oli pop jo 1970-luvulla, ja h\u00e4n on kiist\u00e4m\u00e4tt\u00e4 ehk\u00e4 viel\u00e4 enemm\u00e4n pop t\u00e4n\u00e4\u00e4n. Mies on maamme kysytyimmist\u00e4 kevyen musiikin artisteista.<\/p>\n<p>Kiertueen liput ovat jo tulleet myyntiin eri lippukauppoihin.<\/p>\n<p><strong>Kiertueen aikataulu:<\/strong><\/p>\n<p>PE 24.10. Viitasaari Areena<\/p>\n<p>LA 25.10. Meris\u00e4rkk\u00e4, Kalajoki<\/p>\n<p>PE 31.10. Pato Areena, Kuusankoski<\/p>\n<p>LA 1.11. Himos Areena, J\u00e4ms\u00e4<\/p>\n<p>PE 14.11. Break Sokos Hotel Bomba, Nurmes<\/p>\n<p>LA 15.11. Las Palmas Kimmel, Joensuu<\/p>\n<p>TO 20.11. Kake Randelin -risteily, Tallink Victoria I<\/p>\n<p>PE 21.11. Tulisuudelma, Vantaa<\/p>\n<p>LA 22.11. Lohja Spa<\/p>\n<p>TO 27.11. Tavara-asema, Tampere<\/p>\n<p>PE 28.11. Lallintalo, K\u00f6yli\u00f6<\/p>\n<p>LA 29.11. IKH Areena, Kauhajoki<\/p>\n<p>TO 4.12. Sawohouse Underground, Kuopio<\/p>\n<p>PE 5.12. Peurunka Areena, Laukaa<\/p>\n<p>LA 6.12. Saimaa Areena, Lappeenranta<\/p>\n<p>PE 12.12. Bigkujoulut, Mikkeli<\/p>\n<p>LA 13.12. Aino Areena, J\u00e4rvenp\u00e4\u00e4<\/p>\n<p>Lue my\u00f6s: <a href=\"https:\/\/www.como.fi\/tilaa-comon-uutiskirje\/\" title=\"Tilaa Comon uutiskirje ja tied\u00e4t mist\u00e4 kahvitauolla puhutaan! Nappaa kotimaan tv-vinkit ja puheenaiheet suoraan s\u00e4hk\u00f6postiin t\u00e4st\u00e4.\" class=\"underline-custom !font-montserrat !font-bold !underline-offset-4 !decoration-4 !decoration-red-600 !text-md\" rel=\"nofollow noopener\" target=\"_blank\">Tilaa Comon uutiskirje ja tied\u00e4t mist\u00e4 kahvitauolla puhutaan! Nappaa kotimaan tv-vinkit ja puheenaiheet suoraan s\u00e4hk\u00f6postiin t\u00e4st\u00e4.<\/a><\/p>\n","protected":false},"excerpt":{"rendered":"Kake Randelin ratsastaa nostalgiabuumin aallonharjalla aivan kuten Eini, Vicky Rosti tai vaikkapa Markku Aro. Kaikilla on kysynt\u00e4\u00e4 vaikka&hellip;\n","protected":false},"author":2,"featured_media":40022,"comment_status":"","ping_status":"","sticky":false,"template":"","format":"standard","meta":{"footnotes":""},"categories":[133],"tags":[137,33,31,30,10863,32,206,156,109],"class_list":{"0":"post-40021","1":"post","2":"type-post","3":"status-publish","4":"format-standard","5":"has-post-thumbnail","7":"category-televisiot","8":"tag-entertainment","9":"tag-fi","10":"tag-finland","11":"tag-finnish","12":"tag-kake-randelin","13":"tag-suomi","14":"tag-televisiot","15":"tag-tv","16":"tag-viihde"},"share_on_mastodon":{"url":"","error":""},"_links":{"self":[{"href":"https:\/\/www.europesays.com\/fi\/wp-json\/wp\/v2\/posts\/40021","targetHints":{"allow":["GET"]}}],"collection":[{"href":"https:\/\/www.europesays.com\/fi\/wp-json\/wp\/v2\/posts"}],"about":[{"href":"https:\/\/www.europesays.com\/fi\/wp-json\/wp\/v2\/types\/post"}],"author":[{"embeddable":true,"href":"https:\/\/www.europesays.com\/fi\/wp-json\/wp\/v2\/users\/2"}],"replies":[{"embeddable":true,"href":"https:\/\/www.europesays.com\/fi\/wp-json\/wp\/v2\/comments?post=40021"}],"version-history":[{"count":0,"href":"https:\/\/www.europesays.com\/fi\/wp-json\/wp\/v2\/posts\/40021\/revisions"}],"wp:featuredmedia":[{"embeddable":true,"href":"https:\/\/www.europesays.com\/fi\/wp-json\/wp\/v2\/media\/40022"}],"wp:attachment":[{"href":"https:\/\/www.europesays.com\/fi\/wp-json\/wp\/v2\/media?parent=40021"}],"wp:term":[{"taxonomy":"category","embeddable":true,"href":"https:\/\/www.europesays.com\/fi\/wp-json\/wp\/v2\/categories?post=40021"},{"taxonomy":"post_tag","embeddable":true,"href":"https:\/\/www.europesays.com\/fi\/wp-json\/wp\/v2\/tags?post=40021"}],"curies":[{"name":"wp","href":"https:\/\/api.w.org\/{rel}","templated":true}]}}