{"id":40151,"date":"2025-09-20T05:03:07","date_gmt":"2025-09-20T05:03:07","guid":{"rendered":"https:\/\/www.europesays.com\/fi\/40151\/"},"modified":"2025-09-20T05:03:07","modified_gmt":"2025-09-20T05:03:07","slug":"lintu-kakkasi-aku-partasen-otsaan-emilia-kangas-onnistui-rikkomaan-18-metrin-rajan-yle-seuraa-urheilu","status":"publish","type":"post","link":"https:\/\/www.europesays.com\/fi\/40151\/","title":{"rendered":"Lintu kakkasi Aku Partasen otsaan, Emilia Kangas onnistui rikkomaan 18 metrin rajan \u2013 Yle seuraa | Urheilu"},"content":{"rendered":"<p>Emilia Kangas 18-metrisest\u00e4\u00e4n: Tiesin, ett\u00e4 se on tuloillaanEmilia Kangas luotti itseens\u00e4 karsinnassa.<\/p>\n<p class=\"aw-lzd4tw hrgmTi\">Emilia Kangas oli luonnollisesti tyytyv\u00e4inen kuulakarsinnan tulokseensa, sill\u00e4 h\u00e4n ty\u00f6nsi kolmannen kerran urallaan yli 18 metri\u00e4, 18,07. Kankaan mukaan h\u00e4nell\u00e4 oli hankaluuksia l\u00f6yt\u00e4\u00e4 kunnon ty\u00f6nt\u00f6\u00e4.<\/p>\n<p class=\"aw-lzd4tw hrgmTi\">\u2013 Mallaukset tuntuivat tosi hyv\u00e4lt\u00e4, mutta en ihan saanut tatsia siihen. Verkkaty\u00f6nn\u00f6tkin olivat v\u00e4h\u00e4n vaisuja. Annoin vikaan kaikkeni, ja se onneksi toi noin hyv\u00e4n tuloksen, Kangas totesi<\/p>\n<p class=\"aw-lzd4tw hrgmTi\">\u2013 Se oli kolmas ikin\u00e4 yli 18-metrinen. On tullut piikkej\u00e4, mutta en ole koskaan ty\u00f6nt\u00e4nyt keskity\u00f6nt\u00f6n\u00e4 18 metri\u00e4.<\/p>\n<p class=\"aw-lzd4tw hrgmTi\">Kankaalla ei ole paljoa kokemusta arvokisoista, mutta h\u00e4nest\u00e4 on silti tullut varma ja vahva kilpailija.<\/p>\n<p class=\"aw-lzd4tw hrgmTi\">\u2013 Luotan, ett\u00e4 ty\u00f6 on tehty. Tiesin, ett\u00e4 se on tuloillaan, vaikka kaksi ensimm\u00e4ist\u00e4 ty\u00f6nt\u00f6\u00e4 oli tuhnuja.<\/p>\n<p class=\"aw-lzd4tw hrgmTi\">Kangas j\u00e4i lopulta finaalipaikasta vain 31 sentti\u00e4. H\u00e4n oli karsinnan 15:s.<\/p>\n<p class=\"aw-lzd4tw hrgmTi\">\u2013 Paransin metrin arvokisatulostani, joten katsotaan mit\u00e4 jatkossa tulee.<\/p>\n<p class=\"aw-lzd4tw hrgmTi\">Laura Arffman haastatteli.<\/p>\n","protected":false},"excerpt":{"rendered":"Emilia Kangas 18-metrisest\u00e4\u00e4n: Tiesin, ett\u00e4 se on tuloillaanEmilia Kangas luotti itseens\u00e4 karsinnassa. Emilia Kangas oli luonnollisesti tyytyv\u00e4inen kuulakarsinnan&hellip;\n","protected":false},"author":2,"featured_media":40152,"comment_status":"","ping_status":"","sticky":false,"template":"","format":"standard","meta":{"footnotes":""},"categories":[158],"tags":[33,31,30,159,32,160,162,2611],"class_list":{"0":"post-40151","1":"post","2":"type-post","3":"status-publish","4":"format-standard","5":"has-post-thumbnail","7":"category-urheilu","8":"tag-fi","9":"tag-finland","10":"tag-finnish","11":"tag-sports","12":"tag-suomi","13":"tag-urheilu","14":"tag-yleisurheilu","15":"tag-yleisurheilun-mm-2025"},"share_on_mastodon":{"url":"","error":""},"_links":{"self":[{"href":"https:\/\/www.europesays.com\/fi\/wp-json\/wp\/v2\/posts\/40151","targetHints":{"allow":["GET"]}}],"collection":[{"href":"https:\/\/www.europesays.com\/fi\/wp-json\/wp\/v2\/posts"}],"about":[{"href":"https:\/\/www.europesays.com\/fi\/wp-json\/wp\/v2\/types\/post"}],"author":[{"embeddable":true,"href":"https:\/\/www.europesays.com\/fi\/wp-json\/wp\/v2\/users\/2"}],"replies":[{"embeddable":true,"href":"https:\/\/www.europesays.com\/fi\/wp-json\/wp\/v2\/comments?post=40151"}],"version-history":[{"count":0,"href":"https:\/\/www.europesays.com\/fi\/wp-json\/wp\/v2\/posts\/40151\/revisions"}],"wp:featuredmedia":[{"embeddable":true,"href":"https:\/\/www.europesays.com\/fi\/wp-json\/wp\/v2\/media\/40152"}],"wp:attachment":[{"href":"https:\/\/www.europesays.com\/fi\/wp-json\/wp\/v2\/media?parent=40151"}],"wp:term":[{"taxonomy":"category","embeddable":true,"href":"https:\/\/www.europesays.com\/fi\/wp-json\/wp\/v2\/categories?post=40151"},{"taxonomy":"post_tag","embeddable":true,"href":"https:\/\/www.europesays.com\/fi\/wp-json\/wp\/v2\/tags?post=40151"}],"curies":[{"name":"wp","href":"https:\/\/api.w.org\/{rel}","templated":true}]}}