{"id":40350,"date":"2025-09-20T10:16:11","date_gmt":"2025-09-20T10:16:11","guid":{"rendered":"https:\/\/www.europesays.com\/fi\/40350\/"},"modified":"2025-09-20T10:16:11","modified_gmt":"2025-09-20T10:16:11","slug":"tama-oopperalaulaja-breikkaa-kesken-konsertin-jos-silta-tuntuu-orlinski-esiintyy-suomessa-kulttuuri","status":"publish","type":"post","link":"https:\/\/www.europesays.com\/fi\/40350\/","title":{"rendered":"T\u00e4m\u00e4 oopperalaulaja breikkaa kesken konsertin, jos silt\u00e4 tuntuu \u2013 Orli\u0144ski esiintyy Suomessa | Kulttuuri"},"content":{"rendered":"<p class=\"aw-1gybjub aw-1p7kakr cmIuaG fmSRng yle__article__paragraph\">Puolalaisen <strong class=\"aw-ak79eh KyCXm yle__article__strong\">Jakub J\u00f3zef Orli\u0144skin<\/strong>, 34, ura oopperalaulajana alkoi nihke\u00e4sti.<\/p>\n<p class=\"aw-1gybjub aw-1p7kakr cmIuaG fmSRng yle__article__paragraph\">\u2013 Muistan ensimm\u00e4iset konserttini. Niiss\u00e4 oli ehk\u00e4 yhdeks\u00e4n ihmist\u00e4. Kaksi l\u00e4hti, kun aloin laulaa, Orli\u0144ski muistelee Ylen videohaastattelussa.<\/p>\n<p class=\"aw-1gybjub aw-1p7kakr cmIuaG fmSRng yle__article__paragraph\">H\u00e4n on kontratenori, eik\u00e4 yleis\u00f6 ollut viel\u00e4 valmis kuuntelemaan oopperan kaikkein korkeinta mies\u00e4\u00e4nt\u00e4. Ainakaan Varsovassa yli 15 vuotta sitten.<\/p>\n<p class=\"aw-1gybjub aw-1p7kakr cmIuaG fmSRng yle__article__paragraph\">Tilanne on nyt toinen: Orli\u0144skista on tullut yksi kysytyimmist\u00e4 kontratenoreista maailmalla.<\/p>\n<p class=\"aw-1gybjub aw-1p7kakr cmIuaG fmSRng yle__article__paragraph\">H\u00e4nen puhdasta \u00e4\u00e4nt\u00e4\u00e4n kuvaillaan enkelim\u00e4iseksi, ja Orli\u0144ski on mainio showmies. H\u00e4n ottaa yleis\u00f6n kuin yleis\u00f6n vilpitt\u00f6m\u00e4ll\u00e4 olemuksellaan. Jos tarve vaatii, h\u00e4n heitt\u00e4\u00e4 breakdancesta tutun tanssiliikkeen vaikka kesken konsertin. Orli\u0144skia pidet\u00e4\u00e4n hurmaavana esiintyj\u00e4n\u00e4. Laulaja tekee my\u00f6s mallint\u00f6it\u00e4.<\/p>\n<p class=\"aw-1gybjub aw-1p7kakr cmIuaG fmSRng yle__article__paragraph\">H\u00e4n aloitti breikkaamisen 18-vuotiaana ja harrastaa sit\u00e4 yh\u00e4.<\/p>\n<p class=\"aw-1gybjub aw-1p7kakr cmIuaG fmSRng yle__article__paragraph\">\u2013 Laskettelin ja lumilautailin, harrastin capoeiraa ja akrobatiaa. Sitten l\u00f6ysin breikkauksen. Ajattelin, ett\u00e4 t\u00e4m\u00e4 on lajini. Rakastan t\u00e4t\u00e4 ja haluan jatkaa.<\/p>\n<p class=\"aw-1gybjub aw-1p7kakr cmIuaG fmSRng yle__article__paragraph\">Sosiaalisessa mediassa kuin kotonaan viihtyv\u00e4 kontratenori pit\u00e4\u00e4 ensimm\u00e4isen oman konserttinsa Suomessa. H\u00e4nell\u00e4 on l\u00e4hes 280 000 seuraajaa Instagramissa.<\/p>\n<p class=\"aw-1gybjub aw-1p7kakr cmIuaG fmSRng yle__article__paragraph\">Suomessa Orli\u0144ski vieraili edellisen kerran ennen koronapandemiaa. H\u00e4n esiintyi yhten\u00e4 <strong class=\"aw-ak79eh KyCXm yle__article__strong\">Georg Friedrich H\u00e4ndelin<\/strong> Agrippinan laulajista Turun musiikkijuhlilla vuonna 2019.<br \/>Helsinkiin kontratenori tulee uuden show\u2019nsa kanssa. Musiikkitalossa sunnuntaina 21. syyskuuta j\u00e4rjestett\u00e4v\u00e4 #LetsBaRock kertoo nimens\u00e4 mukaisesti laulajan asenteesta. Orli\u0144ski tekee hartiavoimin t\u00f6it\u00e4 oopperataiteen popularisoimiseksi.<\/p>\n<p class=\"aw-1gybjub aw-1p7kakr cmIuaG fmSRng yle__article__paragraph\">Helsingin konsertissa h\u00e4n tulkitsee barokkimusiikkia uusina sovituksina pianon, bassokitaran ja rumpujen s\u00e4estyksell\u00e4.<\/p>\n<p class=\"aw-1gybjub aw-1p7kakr cmIuaG fmSRng yle__article__paragraph\">\u2013 Haluamme tehd\u00e4 covereita barokkikappaleista ja n\u00e4ytt\u00e4\u00e4, miten l\u00e4hell\u00e4 ne ovat viihde- ja populaarimusiikkia.<\/p>\n<p>Jakub J\u00f3zef Orli\u0144ski kuuluu varsovalaiseen breikkikollektiiviin. Orli\u0144ski jatkaa kastraattilaulajien perinnett\u00e4<\/p>\n<p class=\"aw-1gybjub aw-1p7kakr cmIuaG fmSRng yle__article__paragraph\">Kontratenorit ovat vakiinnuttaneet paikkansa oopperamaailmassa. Shokkiefekti on liudentunut, ja kontratenorit vet\u00e4v\u00e4t puoleensa my\u00f6s queer-yleis\u00f6\u00e4, joka ei ehk\u00e4 muuten seuraisi oopperataidetta.<\/p>\n<p class=\"aw-1gybjub aw-1p7kakr cmIuaG fmSRng yle__article__paragraph\">Orli\u0144ski aloitti lauluopinnot musiikkiyliopistossa ja jatkoi niit\u00e4 Juilliard Schoolissa New Yorkissa. Se on yksi maailman johtavista musiikkikorkeakouluista.<\/p>\n<p class=\"aw-1gybjub aw-1p7kakr cmIuaG fmSRng yle__article__paragraph\">\u2013 Varsovan yliopistossa oli kolme kontratenoria, kun aloitin. Kukaan puolalainen ei ollut tehnyt kontratenorina kansainv\u00e4list\u00e4 uraa.<\/p>\n<p class=\"aw-1gybjub aw-1p7kakr cmIuaG fmSRng yle__article__paragraph\">Alalle on tullut sittemmin kosolti uusia kontratenoreja, ja Ylen musiikkitoimittaja <strong class=\"aw-ak79eh KyCXm yle__article__strong\">Kare Eskola<\/strong> puhui jopa kuumentuneista markkinoista, kun h\u00e4n arvosteli Orli\u0144skin ensialbumin vuonna 2019.<\/p>\n<p class=\"aw-1gybjub aw-1p7kakr cmIuaG fmSRng yle__article__paragraph\">Lue lis\u00e4\u00e4: <a class=\"aw-iao6s4 iHOxEa yle__article__link\" href=\"https:\/\/yle.fi\/aihe\/a\/20-282777\" role=\"link\" rel=\"nofollow noopener\" target=\"_blank\">Jakub Orlinski debytoi kontratenorik\u00e4rkeen<\/a><\/p>\n<p class=\"aw-1gybjub aw-1p7kakr cmIuaG fmSRng yle__article__paragraph\">Markkinat ovat Orli\u0144skin mukaan yh\u00e4 suotuisat.<\/p>\n<p class=\"aw-1gybjub aw-1p7kakr cmIuaG fmSRng yle__article__paragraph\">\u2013 Skene on hyvin el\u00e4v\u00e4. On paljon hyvi\u00e4 kontratenoreita eri maista ja p\u00f6hin\u00e4\u00e4 my\u00f6s barokkimusiikista. Se on hauskaa, ja yh\u00e4 useammissa oopperataloissa esitet\u00e4\u00e4n barokkioopperoita. Roolituksesta vastaavat johtajat haluavat kontratenoreita tiettyihin rooleihin.<\/p>\n<p class=\"aw-1gybjub aw-1p7kakr cmIuaG fmSRng yle__article__paragraph\">Kontratenorit ovat 1600-luvulla syntyneen tyylisuunnan, barokin, tuote. Kastraatit lauloivat silloin naisille tarkoitetut osat. Kastraatin osa oli karmea. Pojilta poistettiin kivekset, jotta \u00e4\u00e4niala j\u00e4i murrosik\u00e4\u00e4 edelt\u00e4v\u00e4lle tasolle. Nyt \u00e4\u00e4nen rakentamiseen k\u00e4ytet\u00e4\u00e4n laulutekniikkaa.<\/p>\n<p class=\"aw-1gybjub aw-1p7kakr cmIuaG fmSRng yle__article__paragraph\">Kastraattilaulajat olivat barokin aikakaudella suuria t\u00e4hti\u00e4.<\/p>\n<p class=\"aw-1gybjub aw-1p7kakr cmIuaG fmSRng yle__article__paragraph\">\u2013 Sit\u00e4 voi verrata pop- tai Hollywood-t\u00e4hden el\u00e4m\u00e4\u00e4n, sill\u00e4 jotkut heist\u00e4 olivat todellisia sensaatioita.<\/p>\n<p class=\"aw-1gybjub aw-1p7kakr cmIuaG fmSRng yle__article__paragraph\">Kontratenori voi olla monelle eksoottinen \u00e4\u00e4niala, mutta Orli\u0144ski muistuttaa, ett\u00e4 siihen liittyv\u00e4 falsettitekniikka on tuttu my\u00f6s popmusiikista.<\/p>\n<p class=\"aw-1gybjub aw-1p7kakr cmIuaG fmSRng yle__article__paragraph\">\u2013 Ihmiset, jotka eiv\u00e4t tunne kontratenorin \u00e4\u00e4nt\u00e4 tai falsettitekniikkaa, eiv\u00e4t tied\u00e4, ett\u00e4 esimerkiksi <strong class=\"aw-ak79eh KyCXm yle__article__strong\">Justin Timberlake<\/strong> k\u00e4ytt\u00e4\u00e4 sit\u00e4. Samoin teki <strong class=\"aw-ak79eh KyCXm yle__article__strong\">Michael Jackson<\/strong>.<\/p>\n<p><img decoding=\"async\" alt=\"Mies laulaa. H\u00e4nell\u00e4 on yll\u00e4\u00e4n musta Boss-huppari.\" src=\"https:\/\/www.europesays.com\/fi\/wp-content\/uploads\/2025\/09\/39-151391868b03adec8a29.jpeg\" loading=\"lazy\" class=\"aw-1l9m598 hKVVvP\"\/><\/p>\n<p>Avaa kuvien katselu<\/p>\n<p>Jakub J\u00f3zef Orli\u0144ski konsertin harjoituksissa Bolognassa Italiassa vuonna 2022.  Kuva: Roberto Serra \/ Getty ImagesKontratenori breikkaa yh\u00e4 kavereiden kanssa<\/p>\n<p class=\"aw-1gybjub aw-1p7kakr cmIuaG fmSRng yle__article__paragraph\">Orli\u0144ski on poikkeuksellisen fyysinen esiintyj\u00e4 ja ohjaajat k\u00e4ytt\u00e4v\u00e4t sit\u00e4 usein teoksissa hyv\u00e4ksi. H\u00e4n saattaa my\u00f6s itse ehdottaa roolihahmon fyysisen ilmaisun laajentamista.<\/p>\n<p class=\"aw-1gybjub aw-1p7kakr cmIuaG fmSRng yle__article__paragraph\">Kontratenori osaa yll\u00e4tt\u00e4\u00e4: h\u00e4n tankotanssi platform-korkokengiss\u00e4 oopperatuotannossa Lontoossa, sill\u00e4 Orli\u0144ski harrastaa breikkauksen lis\u00e4ksi my\u00f6s sit\u00e4.<\/p>\n<p class=\"aw-1gybjub aw-1p7kakr cmIuaG fmSRng yle__article__paragraph\">Laulajalle kunnon yll\u00e4pit\u00e4minen on kaikki kaikessa. Siin\u00e4 breikkaus on valttia.<\/p>\n<p class=\"aw-1gybjub aw-1p7kakr cmIuaG fmSRng yle__article__paragraph\">\u2013 Harjoittelen paljon ja uskon, ett\u00e4 se pit\u00e4\u00e4 minut hyv\u00e4ss\u00e4 kunnossa my\u00f6s laulajana.<\/p>\n<p class=\"aw-1gybjub aw-1p7kakr cmIuaG fmSRng yle__article__paragraph\">Kun pid\u00e4n kehon kunnossa, olen itsevarmempi ja vapaampi lavalla laulajana. Hyv\u00e4 kunto auttaa my\u00f6s henkisesti.<\/p>\n<p><img decoding=\"async\" alt=\"Jakub J\u00f3zef Orli\u0144ski breikkaa.\" src=\"https:\/\/www.europesays.com\/fi\/wp-content\/uploads\/2025\/09\/39-152415068c98ed9023b9.jpeg\" loading=\"lazy\" class=\"aw-1l9m598 hKVVvP\"\/><\/p>\n<p>Avaa kuvien katselu<\/p>\n<p>Orli\u0144skin tavaramerkki. Breikkaus on yh\u00e4 l\u00e4hell\u00e4 oopperalaulajan syd\u00e4nt\u00e4. Kuva: Jiyang Chen<\/p>\n<p class=\"aw-1gybjub aw-1p7kakr cmIuaG fmSRng yle__article__paragraph\">Kontratenori kuuluu varsovalaiseen Skill Fanatikz Crew -nimiseen breakdance-kollektiiviin.<\/p>\n<p class=\"aw-1gybjub aw-1p7kakr cmIuaG fmSRng yle__article__paragraph\">\u2013 Se on mukavaa, olemme yh\u00e4 yhteydess\u00e4 ja tanssimme edelleen.<\/p>\n<p class=\"aw-1gybjub aw-1p7kakr cmIuaG fmSRng yle__article__paragraph\">Breikkaus on tehnyt Orli\u0144skista itsevarmemman. Esill\u00e4 olo oli h\u00e4nen mukaansa alussa vaikeaa. Breikiss\u00e4 paikka otetaan ringiss\u00e4 muiden katseiden edess\u00e4. Termi on englanniksi \u201dcypher\u201d.<\/p>\n<p class=\"aw-1gybjub aw-1p7kakr cmIuaG fmSRng yle__article__paragraph\">\u2013 Tunsin itseni pieneksi ja olin ujo, enk\u00e4 kovin taitava breikissa, mutta opin paljon, kun aloin tehd\u00e4 sit\u00e4 ja taistella itseni kanssa.<\/p>\n<p class=\"aw-1gybjub aw-1p7kakr cmIuaG fmSRng yle__article__paragraph\">Moni rooli aukeaa laulajille koelaulun kautta. Kokemus breikist\u00e4 auttoi niiss\u00e4 Orli\u0144skia.<\/p>\n<p class=\"aw-1gybjub aw-1p7kakr cmIuaG fmSRng yle__article__paragraph\">\u2013 Menin huoneeseen, jossa koelaulu j\u00e4rjestettiin, ja tiesin heti, ett\u00e4 t\u00e4m\u00e4 on minun piirini, minun ympyr\u00e4ni. Se auttoi minua paljon.<\/p>\n","protected":false},"excerpt":{"rendered":"Puolalaisen Jakub J\u00f3zef Orli\u0144skin, 34, ura oopperalaulajana alkoi nihke\u00e4sti. \u2013 Muistan ensimm\u00e4iset konserttini. Niiss\u00e4 oli ehk\u00e4 yhdeks\u00e4n ihmist\u00e4.&hellip;\n","protected":false},"author":2,"featured_media":40351,"comment_status":"","ping_status":"","sticky":false,"template":"","format":"standard","meta":{"footnotes":""},"categories":[130],"tags":[10927,137,33,31,30,10925,10926,108,47,32,109],"class_list":{"0":"post-40350","1":"post","2":"type-post","3":"status-publish","4":"format-standard","5":"has-post-thumbnail","7":"category-viihde","8":"tag-barokkimusiikki","9":"tag-entertainment","10":"tag-fi","11":"tag-finland","12":"tag-finnish","13":"tag-jakub-jozef-orlinski","14":"tag-kontratenori","15":"tag-kulttuuri","16":"tag-musiikki","17":"tag-suomi","18":"tag-viihde"},"share_on_mastodon":{"url":"","error":""},"_links":{"self":[{"href":"https:\/\/www.europesays.com\/fi\/wp-json\/wp\/v2\/posts\/40350","targetHints":{"allow":["GET"]}}],"collection":[{"href":"https:\/\/www.europesays.com\/fi\/wp-json\/wp\/v2\/posts"}],"about":[{"href":"https:\/\/www.europesays.com\/fi\/wp-json\/wp\/v2\/types\/post"}],"author":[{"embeddable":true,"href":"https:\/\/www.europesays.com\/fi\/wp-json\/wp\/v2\/users\/2"}],"replies":[{"embeddable":true,"href":"https:\/\/www.europesays.com\/fi\/wp-json\/wp\/v2\/comments?post=40350"}],"version-history":[{"count":0,"href":"https:\/\/www.europesays.com\/fi\/wp-json\/wp\/v2\/posts\/40350\/revisions"}],"wp:featuredmedia":[{"embeddable":true,"href":"https:\/\/www.europesays.com\/fi\/wp-json\/wp\/v2\/media\/40351"}],"wp:attachment":[{"href":"https:\/\/www.europesays.com\/fi\/wp-json\/wp\/v2\/media?parent=40350"}],"wp:term":[{"taxonomy":"category","embeddable":true,"href":"https:\/\/www.europesays.com\/fi\/wp-json\/wp\/v2\/categories?post=40350"},{"taxonomy":"post_tag","embeddable":true,"href":"https:\/\/www.europesays.com\/fi\/wp-json\/wp\/v2\/tags?post=40350"}],"curies":[{"name":"wp","href":"https:\/\/api.w.org\/{rel}","templated":true}]}}