{"id":40354,"date":"2025-09-20T10:20:13","date_gmt":"2025-09-20T10:20:13","guid":{"rendered":"https:\/\/www.europesays.com\/fi\/40354\/"},"modified":"2025-09-20T10:20:13","modified_gmt":"2025-09-20T10:20:13","slug":"pelatyn-rubikon-yksikon-tukikohta-paljastui-nololla-tavalla","status":"publish","type":"post","link":"https:\/\/www.europesays.com\/fi\/40354\/","title":{"rendered":"Pel\u00e4tyn Rubikon-yksik\u00f6n tukikohta paljastui nololla tavalla"},"content":{"rendered":"<p class=\"ai-optimize-6 ai-optimize-introduction\">Ven\u00e4j\u00e4n asevoimien parhaimmistoon lukeutuvan Rubikon-lennokkiyksik\u00f6n arvioidaan olleen <a href=\"https:\/\/www.verkkouutiset.fi\/a\/rubikon-eliittiyksikko-saattoi-ratkaista-taistelun-kurskista\/\" target=\"_blank\" rel=\"noopener nofollow\">ratkaisevassa roolissa<\/a> Kurskin taistelun kannalta alkuvuodesta 2025.<\/p>\n<p class=\"ai-optimize-6 ai-optimize-introduction\">Sen alaisia joukkoja siirret\u00e4\u00e4n rintaman kuumimpiin kohtiin muiden maajoukkojen tueksi. Miehitt\u00e4m\u00e4tt\u00f6miin ilma-aluksiin erikoistunut Rubikon-ryhm\u00e4 <a href=\"https:\/\/www.verkkouutiset.fi\/a\/nain-venajan-rubikon-joukot-iskevat-dronet-vaijyvat-teiden-varsilla\/\" target=\"_blank\" rel=\"noopener nofollow\">on varustettu<\/a> elektronisen sodank\u00e4ynnin laitteilla, jotka pystyv\u00e4t h\u00e4iritsem\u00e4\u00e4n vastapuolen drooniyhteyksi\u00e4 yli 20 kilometrin p\u00e4\u00e4st\u00e4.<\/p>\n<p class=\"ai-optimize-6 ai-optimize-introduction\">L\u00e4nsimaisten sotilasasiantuntijoiden mukaan sen kalustossa on suuri m\u00e4\u00e4r\u00e4 erityyppisi\u00e4 hy\u00f6kk\u00e4yslennokkeja. Vuosi sitten muodostetun yksik\u00f6n toimintaa on esitelty laajasti ven\u00e4l\u00e4ismedioissa ja sosiaalisessa mediassa.<\/p>\n<p class=\"ai-optimize-6\"><a href=\"https:\/\/x.com\/legal0ve\/status\/1968240646604595411\" target=\"_blank\" rel=\"noopener nofollow\">Radio Free Europe<\/a> kertoo saaneensa selville avointen l\u00e4hteiden tutkimuksessa Rubikonin tukikohdan sijainnin ja sen komentajan henkil\u00f6llisyyden. Drooniyksik\u00f6n \u201dsalaista tukikohtaa\u201d esiteltiin hiljattain Ven\u00e4j\u00e4n puolustusministeri\u00f6n julkaisussa.<\/p>\n<p class=\"ai-optimize-6\">Video jaettiin Rubiconin sosiaalisen median kanavilla, mutta my\u00f6s Kremlin propagandisti <strong>Vladimir Solovjov<\/strong> julkaisi oman versionsa. Kahdessa ensimm\u00e4isess\u00e4 videossa kaikki vinkit tukikohdan ja koulutuskeskuksen sijainnista oli huolellisesti piilotettu esimerkiksi piksel\u00f6innin kautta.<\/p>\n<p class=\"ai-optimize-7\">Vladimir Solovjovin video oli editoitu eri tavalla ja ilmeisen puutteellisesti. Sen perusteella selvisi, ett\u00e4 Rubikonin video oli kuvattu Moskovan alueella sijaitsevassa\u00a0Patriot-Expossa eli <a href=\"https:\/\/www.verkkouutiset.fi\/a\/venajan-armeijan-disneyland-on-isompi-kuin-raisio-ja-taas-sita-vaivaa-korruptio\/\" target=\"_blank\" rel=\"noopener nofollow\">Patrioottipuistossa<\/a>.<\/p>\n<p class=\"ai-optimize-8\">T\u00e4h\u00e4n viittasivat muun muassa omaleimaiset wc-kyltit ja niiden l\u00e4hell\u00e4 sijaitsevat rakennelmat. Solovjovin taustalla n\u00e4kyv\u00e4\u00e4 sein\u00e4\u00e4 oli helppo verrata Patriot-Exposta julkisesti saatavilla olevaan materiaaliin. Rubikonin varusteita sijaitsevan hallin tarkka sijainti pystyttiin samalla selvitt\u00e4m\u00e4\u00e4n.<\/p>\n<p class=\"ai-optimize-9\">RFE:n mukaan Rubikon-yksik\u00f6n taustalla vaikuttaa puolustusministeri\u00f6n alaisen tutkimusosaston johtaja <strong>Jevgeni Shmyrin<\/strong>, joka vilahtaa propagandistin videon taustalla. Rubikonin kerrotaan j\u00e4rjest\u00e4v\u00e4n v\u00e4rv\u00e4ysprosessinsa ensimm\u00e4isen vaiheen Moskovassa. Tulokkaille maksetaan sama kertakorvaus kuin muillekin Moskovassa asevoimiin liittyville eli reilut 23 300 euroa.<\/p>\n<p class=\"ai-optimize-6\">Patrioottipuiston rakennus on todenn\u00e4k\u00f6isesti Rubikonin pysyv\u00e4 tukikohta, eli kyseess\u00e4 ei ollut vain yksitt\u00e4inen n\u00e4yt\u00f6s Vladimir Solovjovin ohjelmaa varten.<\/p>\n<p class=\"ai-optimize-7\">Sotilasasiantuntija <strong>Rob Lee<\/strong> huomauttaa Ukrainan yksik\u00f6iden pit\u00e4v\u00e4n Rubikonia vaarallisena vihollisena. Esimerkiksi Ukrainan K-2-droonirykmentin komentaja <strong>Kyrylo Veres<\/strong> on kutsunut sen j\u00e4seni\u00e4 Ven\u00e4j\u00e4n asevoimien parhaimmistoon kuuluviksi.<\/p>\n<p class=\"ai-optimize-7\">\u2013 En kadehdi omien yksik\u00f6idemme tilannetta siell\u00e4, miss\u00e4 he toimivat. Toivon vain, ettei Rubikonia laajenneta, Veres sanoi.<\/p>\n<p class=\"ai-optimize-8\">Kyseess\u00e4 ei ole pelkk\u00e4 yksikk\u00f6 vaan korkeamman tason rakenne, jolle on keskitetty miehitt\u00e4m\u00e4tt\u00f6mien laitteiden hankinta ja kehitt\u00e4minen, uusien taktiikoiden toimeenpano sek\u00e4 henkil\u00f6st\u00f6n kouluttaminen. K\u00e4yt\u00f6ss\u00e4 on nyky\u00e4\u00e4n my\u00f6s meridrooneja.<\/p>\n<p class=\"ai-optimize-9\">Kreml on ohjannut Rubikonille merkitt\u00e4vi\u00e4 rahavirtoja tutkimus- ja kehitysty\u00f6h\u00f6n. Valintaprosessia kuvaillaan tiukaksi. Rubikonilla oli kev\u00e4\u00e4ll\u00e4 seitsem\u00e4n osastoa, joissa jokaisessa oli noin 130\u2013150 j\u00e4sent\u00e4. Droonioperaattorit keskittyv\u00e4t tiettyihin osa-alueisiin, kuten FPV-r\u00e4j\u00e4hdelennokkeihin, ukrainalaisten tiedusteludroonien tuhoamiseen tai vastapuolen drooniasemien paljastamiseen.<\/p>\n<p class=\"ai-optimize-10\">Rob Leen mukaan hy\u00f6kk\u00e4ykset ukrainalaisia drooniryhmi\u00e4 vastaan ovat olleet paikoin eritt\u00e4in tuhoisia. Rubikon tuhosi er\u00e4\u00e4ll\u00e4 rintamalohkolla viikon aikana yhden Ukrainan prikaatin drooniasemista jopa 70 prosenttia.<\/p>\n<blockquote class=\"twitter-tweet\" data-width=\"550\" data-dnt=\"true\">\n<p lang=\"en\" dir=\"ltr\">5\/ His editors forgot to blur the sign above the entrance to the restroom with its distinctive design and the illuminated display above it. <a href=\"https:\/\/t.co\/wGvXmSAoNR\" rel=\"nofollow\">pic.twitter.com\/wGvXmSAoNR<\/a><\/p>\n<p>\u2014 Yauhen Lehalau (@legal0ve) <a href=\"https:\/\/twitter.com\/legal0ve\/status\/1968240663386083771?ref_src=twsrc%5Etfw\" rel=\"nofollow noopener\" target=\"_blank\">September 17, 2025<\/a><\/p>\n<\/blockquote>\n<blockquote class=\"twitter-tweet\" data-width=\"550\" data-dnt=\"true\">\n<p lang=\"en\" dir=\"ltr\">26\/ Attacks on Ukrainian UAV crews in some areas are having a significant effect: according to Lee, during one week of Rubicon&#8217;s operation in one area, up to 70 per cent of the UAV positions of one of the Ukrainian brigades were destroyed, Rob Lee says.<\/p>\n<p>\u2014 Yauhen Lehalau (@legal0ve) <a href=\"https:\/\/twitter.com\/legal0ve\/status\/1968240843787215353?ref_src=twsrc%5Etfw\" rel=\"nofollow noopener\" target=\"_blank\">September 17, 2025<\/a><\/p>\n<\/blockquote>\n<p>Poimintoja videosis\u00e4ll\u00f6ist\u00e4mme<\/p>\n<p>\t\t\t\t<script async src=\"https:\/\/platform.twitter.com\/widgets.js\" charset=\"utf-8\"><\/script><\/p>\n","protected":false},"excerpt":{"rendered":"Ven\u00e4j\u00e4n asevoimien parhaimmistoon lukeutuvan Rubikon-lennokkiyksik\u00f6n arvioidaan olleen ratkaisevassa roolissa Kurskin taistelun kannalta alkuvuodesta 2025. Sen alaisia joukkoja siirret\u00e4\u00e4n&hellip;\n","protected":false},"author":2,"featured_media":40355,"comment_status":"","ping_status":"","sticky":false,"template":"","format":"standard","meta":{"footnotes":""},"categories":[14],"tags":[22,23,26,27,33,31,30,17,24,25,28,29,15,18,21,32,19,20,56,16,987,59,60,61],"class_list":{"0":"post-40354","1":"post","2":"type-post","3":"status-publish","4":"format-standard","5":"has-post-thumbnail","7":"category-ulkomaat","8":"tag-breaking-news","9":"tag-breakingnews","10":"tag-featured-news","11":"tag-featurednews","12":"tag-fi","13":"tag-finland","14":"tag-finnish","15":"tag-headlines","16":"tag-latest-news","17":"tag-latestnews","18":"tag-main-news","19":"tag-mainnews","20":"tag-news","21":"tag-otsikot","22":"tag-paauutiset","23":"tag-suomi","24":"tag-top-stories","25":"tag-topstories","26":"tag-ulkomaat","27":"tag-uutiset","28":"tag-venajan-hyokkays","29":"tag-world","30":"tag-world-news","31":"tag-worldnews"},"share_on_mastodon":{"url":"","error":""},"_links":{"self":[{"href":"https:\/\/www.europesays.com\/fi\/wp-json\/wp\/v2\/posts\/40354","targetHints":{"allow":["GET"]}}],"collection":[{"href":"https:\/\/www.europesays.com\/fi\/wp-json\/wp\/v2\/posts"}],"about":[{"href":"https:\/\/www.europesays.com\/fi\/wp-json\/wp\/v2\/types\/post"}],"author":[{"embeddable":true,"href":"https:\/\/www.europesays.com\/fi\/wp-json\/wp\/v2\/users\/2"}],"replies":[{"embeddable":true,"href":"https:\/\/www.europesays.com\/fi\/wp-json\/wp\/v2\/comments?post=40354"}],"version-history":[{"count":0,"href":"https:\/\/www.europesays.com\/fi\/wp-json\/wp\/v2\/posts\/40354\/revisions"}],"wp:featuredmedia":[{"embeddable":true,"href":"https:\/\/www.europesays.com\/fi\/wp-json\/wp\/v2\/media\/40355"}],"wp:attachment":[{"href":"https:\/\/www.europesays.com\/fi\/wp-json\/wp\/v2\/media?parent=40354"}],"wp:term":[{"taxonomy":"category","embeddable":true,"href":"https:\/\/www.europesays.com\/fi\/wp-json\/wp\/v2\/categories?post=40354"},{"taxonomy":"post_tag","embeddable":true,"href":"https:\/\/www.europesays.com\/fi\/wp-json\/wp\/v2\/tags?post=40354"}],"curies":[{"name":"wp","href":"https:\/\/api.w.org\/{rel}","templated":true}]}}