{"id":40572,"date":"2025-09-20T15:33:09","date_gmt":"2025-09-20T15:33:09","guid":{"rendered":"https:\/\/www.europesays.com\/fi\/40572\/"},"modified":"2025-09-20T15:33:09","modified_gmt":"2025-09-20T15:33:09","slug":"kyberhyokkays-viivastytti-suomalaisen-tuomon-lentoa-tama-on-tilanne-brysselissa-nyt","status":"publish","type":"post","link":"https:\/\/www.europesays.com\/fi\/40572\/","title":{"rendered":"Kyberhy\u00f6kk\u00e4ys viiv\u00e4stytti suomalaisen Tuomon lentoa \u2013 t\u00e4m\u00e4 on tilanne Brysseliss\u00e4 nyt"},"content":{"rendered":"<p>Kyberhy\u00f6kk\u00e4ys on h\u00e4irinnyt useita Euroopan lentokentti\u00e4. Yksi jumiin j\u00e4\u00e4neist\u00e4 on suomalainen Tuomo Sm\u00e5tt.<\/p>\n<p class=\"article-body mb-nof-24 px-nof-16\">L\u00e4ht\u00f6selvitysj\u00e4rjestelmien palveluntarjoajaan kohdistunut kyberhy\u00f6kk\u00e4ys on h\u00e4irinnyt useita Euroopan lentokentti\u00e4.<\/p>\n<p class=\"article-body mb-nof-24 px-nof-16\">Yksi jumiin j\u00e4\u00e4neist\u00e4 on suomalainen <a class=\"article-personlink\" href=\"https:\/\/www.is.fi\/haku\/?query=Tuomo%20Sm%C3%A5tt\" rel=\"nofollow noopener\" target=\"_blank\">Tuomo Sm\u00e5tt<\/a>, joka odottelee Kroatian Splitiin l\u00e4htev\u00e4\u00e4 lentoansa Brysselin lentokent\u00e4ll\u00e4 Belgiassa.<\/p>\n<p class=\"article-body mb-nof-24 px-nof-16\">\u2013 Minun piti l\u00e4hte\u00e4 kello 12.10, en ole viel\u00e4 l\u00e4htenyt. Nyt minulle on ilmoitettu varmaan nelj\u00e4s portti, Sm\u00e5tt kertoo hieman kello 16 j\u00e4lkeen Suomen aikaa.<\/p>\n<p class=\"article-body mb-nof-24 px-nof-16\">\u2013 T\u00e4\u00e4ll\u00e4 ei edelleenk\u00e4\u00e4n n\u00e4y henkil\u00f6kuntaa, ihmiset py\u00f6riv\u00e4t ja juoksentelevat portilta toiselle. Mutta hyvin rauhallista t\u00e4\u00e4ll\u00e4 on, ei kukaan k\u00e4ytt\u00e4ydy hassusti.<\/p>\n<p><img decoding=\"async\" src=\"https:\/\/www.europesays.com\/fi\/wp-content\/uploads\/2025\/09\/1758382388_642_468.jpg\" alt=\"Tuomo Sm\u00e5tt Brysselin lentoasemalla.\" class=\"_Img_tdqg8_1\" style=\"aspect-ratio:0.75\" loading=\"eager\"\/><\/p>\n<p class=\"article-picture-caption\">Tuomo Sm\u00e5tt Brysselin lentoasemalla. Kuva:\u00a0Tuomo Sm\u00e5tt<\/p>\n<p class=\"article-body mb-nof-24 px-nof-16\">Sm\u00e5ttin mukaan my\u00f6s lentokent\u00e4n henkil\u00f6kunta on pysynyt hyvin rauhallisena, ja kuulutuksia tulee tasaiseen tahtiin.<\/p>\n<p class=\"article-body mb-nof-24 px-nof-16\">\u2013 Eik\u00f6h\u00e4n t\u00e4m\u00e4 ala olla paremman puolella. Mutta lounget ja kahvilat ovat t\u00e4ynn\u00e4.<\/p>\n<p class=\"article-body mb-nof-24 px-nof-16\">Kun Sm\u00e5tt saapui Brysselin lentokent\u00e4lle, bag drop -pisteiss\u00e4 oli viel\u00e4 kovasti ruuhkaa.<\/p>\n<p class=\"article-body mb-nof-24 px-nof-16\">\u2013 K\u00e4yt\u00e4nn\u00f6ss\u00e4 juna-aseman sis\u00e4\u00e4ntuloporteille asti, h\u00e4n kertoo.<\/p>\n<p><img decoding=\"async\" src=\"https:\/\/www.europesays.com\/fi\/wp-content\/uploads\/2025\/09\/1758382388_428_468.jpg\" alt=\"Kyberhy\u00f6kk\u00e4ys on vaikuttanut muun muassa Brysselin lentoaseman toimintaan.\" class=\"_Img_tdqg8_1\" style=\"aspect-ratio:1.5\" loading=\"eager\"\/><\/p>\n<p class=\"article-picture-caption\">Kyberhy\u00f6kk\u00e4ys on vaikuttanut muun muassa Brysselin lentoaseman toimintaan. Kuva:\u00a0Joris Smets \/ AFP \/ Lehtikuva<\/p>\n<p><img decoding=\"async\" src=\"https:\/\/www.europesays.com\/fi\/wp-content\/uploads\/2025\/09\/1758382388_970_468.jpg\" alt=\"Kuva Brysselin lentoasemalta kyberhy\u00f6kk\u00e4yksen j\u00e4lkeen.\" class=\"_Img_tdqg8_1\" style=\"aspect-ratio:1.5\" loading=\"eager\"\/><\/p>\n<p class=\"article-picture-caption\">Kuva Brysselin lentoasemalta kyberhy\u00f6kk\u00e4yksen j\u00e4lkeen. Kuva:\u00a0Joris Smets \/ AFP \/ Lehtikuva<\/p>\n<p class=\"article-body mb-nof-24 px-nof-16\">Sm\u00e5tt itse on pelkkien k\u00e4simatkatavaroiden kanssa liikenteess\u00e4, joten h\u00e4n ei tied\u00e4, kuinka nopeasti jono purkaantui. Turvatarkastus sujui nopeasti.<\/p>\n<p class=\"article-body mb-nof-24 px-nof-16\">Sm\u00e5tt korostaa, ett\u00e4 tilanne Brysselin lentokent\u00e4ll\u00e4 on pysynyt kokoajan rauhallisena.<\/p>\n<p><img decoding=\"async\" src=\"https:\/\/www.europesays.com\/fi\/wp-content\/uploads\/2025\/09\/1758382389_776_468.jpg\" alt=\"Lauantaina lentojaan odottavia matkustajia kehotettiin vahvistamaan matkojensa tilanne lentoyhti\u00f6iden kautta ennen lentokent\u00e4lle l\u00e4ht\u00f6\u00e4.\" class=\"_Img_tdqg8_1\" style=\"aspect-ratio:1.5\" loading=\"eager\"\/><\/p>\n<p class=\"article-picture-caption\">Lauantaina lentojaan odottavia matkustajia kehotettiin vahvistamaan matkojensa tilanne lentoyhti\u00f6iden kautta ennen lentokent\u00e4lle l\u00e4ht\u00f6\u00e4. Kuva:\u00a0Joris Smets \/ AFP \/ Lehtikuva<\/p>\n<p><img decoding=\"async\" src=\"https:\/\/www.europesays.com\/fi\/wp-content\/uploads\/2025\/09\/1758382389_88_468.jpg\" alt=\"Brysselin lentoasemalle ker\u00e4\u00e4ntyi hetkellisesti paljon ruuhkaa.\" class=\"_Img_tdqg8_1\" style=\"aspect-ratio:1.3333333333333333\" loading=\"eager\"\/><\/p>\n<p class=\"article-picture-caption\">Brysselin lentoasemalle ker\u00e4\u00e4ntyi hetkellisesti paljon ruuhkaa. Kuva:\u00a0Marta Fiorin \/ Reuters<\/p>\n<p class=\"article-body mb-nof-24 px-nof-16\">Kyberhy\u00f6kk\u00e4ys on aiheuttanut lentojen viiv\u00e4styksi\u00e4 ja peruutuksia Brysselin ja Berliinin lentokentill\u00e4, operaattorit kertovat. My\u00f6s Lontoon Heathrow\u2019n lentoasema on varoittanut viiv\u00e4styksist\u00e4.<\/p>\n<p><img decoding=\"async\" src=\"https:\/\/www.europesays.com\/fi\/wp-content\/uploads\/2025\/09\/1758382388_428_468.jpg\" alt=\"Finavian lentokentill\u00e4 kuten Helsinki-Vantaalla ei k\u00e4ytet\u00e4 kyberhy\u00f6kk\u00e4yksen kohteena olevan palveluntarjoajan j\u00e4rjestelmi\u00e4.\" class=\"_Img_tdqg8_1\" style=\"aspect-ratio:1.5\" loading=\"eager\"\/><\/p>\n<p class=\"article-picture-caption\">Finavian lentokentill\u00e4 kuten Helsinki-Vantaalla ei k\u00e4ytet\u00e4 kyberhy\u00f6kk\u00e4yksen kohteena olevan palveluntarjoajan j\u00e4rjestelmi\u00e4. Kuva:\u00a0Joris Smets \/ AFP \/ Lehtikuva<\/p>\n<p class=\"article-body mb-nof-24 px-nof-16\">Hy\u00f6kk\u00e4ys teki automatisoidut j\u00e4rjestelm\u00e4t toimimattomiksi, ja l\u00e4ht\u00f6selvitys ja koneeseen nousu on mahdollista vain manuaalisesti, Brysselin lentoasema kertoi aiemmin.<\/p>\n","protected":false},"excerpt":{"rendered":"Kyberhy\u00f6kk\u00e4ys on h\u00e4irinnyt useita Euroopan lentokentti\u00e4. Yksi jumiin j\u00e4\u00e4neist\u00e4 on suomalainen Tuomo Sm\u00e5tt. L\u00e4ht\u00f6selvitysj\u00e4rjestelmien palveluntarjoajaan kohdistunut kyberhy\u00f6kk\u00e4ys on&hellip;\n","protected":false},"author":2,"featured_media":40573,"comment_status":"","ping_status":"","sticky":false,"template":"","format":"standard","meta":{"footnotes":""},"categories":[12],"tags":[22,23,26,27,33,31,30,17,34,24,25,28,29,15,18,21,32,19,20,16],"class_list":{"0":"post-40572","1":"post","2":"type-post","3":"status-publish","4":"format-standard","5":"has-post-thumbnail","7":"category-suomi","8":"tag-breaking-news","9":"tag-breakingnews","10":"tag-featured-news","11":"tag-featurednews","12":"tag-fi","13":"tag-finland","14":"tag-finnish","15":"tag-headlines","16":"tag-ilta-sanomat","17":"tag-latest-news","18":"tag-latestnews","19":"tag-main-news","20":"tag-mainnews","21":"tag-news","22":"tag-otsikot","23":"tag-paauutiset","24":"tag-suomi","25":"tag-top-stories","26":"tag-topstories","27":"tag-uutiset"},"share_on_mastodon":{"url":"","error":""},"_links":{"self":[{"href":"https:\/\/www.europesays.com\/fi\/wp-json\/wp\/v2\/posts\/40572","targetHints":{"allow":["GET"]}}],"collection":[{"href":"https:\/\/www.europesays.com\/fi\/wp-json\/wp\/v2\/posts"}],"about":[{"href":"https:\/\/www.europesays.com\/fi\/wp-json\/wp\/v2\/types\/post"}],"author":[{"embeddable":true,"href":"https:\/\/www.europesays.com\/fi\/wp-json\/wp\/v2\/users\/2"}],"replies":[{"embeddable":true,"href":"https:\/\/www.europesays.com\/fi\/wp-json\/wp\/v2\/comments?post=40572"}],"version-history":[{"count":0,"href":"https:\/\/www.europesays.com\/fi\/wp-json\/wp\/v2\/posts\/40572\/revisions"}],"wp:featuredmedia":[{"embeddable":true,"href":"https:\/\/www.europesays.com\/fi\/wp-json\/wp\/v2\/media\/40573"}],"wp:attachment":[{"href":"https:\/\/www.europesays.com\/fi\/wp-json\/wp\/v2\/media?parent=40572"}],"wp:term":[{"taxonomy":"category","embeddable":true,"href":"https:\/\/www.europesays.com\/fi\/wp-json\/wp\/v2\/categories?post=40572"},{"taxonomy":"post_tag","embeddable":true,"href":"https:\/\/www.europesays.com\/fi\/wp-json\/wp\/v2\/tags?post=40572"}],"curies":[{"name":"wp","href":"https:\/\/api.w.org\/{rel}","templated":true}]}}