{"id":40597,"date":"2025-09-20T16:24:08","date_gmt":"2025-09-20T16:24:08","guid":{"rendered":"https:\/\/www.europesays.com\/fi\/40597\/"},"modified":"2025-09-20T16:24:08","modified_gmt":"2025-09-20T16:24:08","slug":"ex-vaimo-lataa-usan-olympiasankarista-rajuja-vaitteita","status":"publish","type":"post","link":"https:\/\/www.europesays.com\/fi\/40597\/","title":{"rendered":"Ex-vaimo lataa USA:n olympiasankarista rajuja v\u00e4itteit\u00e4"},"content":{"rendered":"<p>Ryan Lochte kiistelee huoltajuudesta ex-vaimonsa kanssa. <\/p>\n<p><img decoding=\"async\" class=\"image image-show image-preview\" src=\"https:\/\/www.europesays.com\/fi\/wp-content\/uploads\/2025\/09\/1e129f1aa0589df87bb9a6d65e23eaadc929b6b56f038bdb0674c0661ea9ab84.jpg\" alt=\"\"\/><img decoding=\"async\" class=\"image image-show\" src=\"https:\/\/www.europesays.com\/fi\/wp-content\/uploads\/2025\/09\/1758385448_490_1e129f1aa0589df87bb9a6d65e23eaadc929b6b56f038bdb0674c0661ea9ab84.jpg\" alt=\"\"\/><\/p>\n<p>Ex-vaimo esitti kovia v\u00e4itteit\u00e4 Ryan Lochtesta. ZumaWire \/ MVPHOTOS<\/p>\n<p class=\"paragraph\">Ryan Lochten, 41, ex-vaimo <strong>Kayla Reid Lochte<\/strong>, 34, esitti 12-kertaisesta olympiamitalistista rankkoja v\u00e4itteit\u00e4 oikeudelle, kertovat tuoreet asiakirjat Yhdysvaltojen median mukaan.<\/p>\n<p class=\"paragraph\">Pariskunnan seitsem\u00e4n vuotta kest\u00e4nyt liitto p\u00e4\u00e4ttyi kes\u00e4kuun alussa, mutta avioeroprosessi on yh\u00e4 kesken.<\/p>\n<p class=\"paragraph\">Kolmen yhteisen lapsen huoltajuuden itselleen haluavan Reid Lochten mukaan entisen t\u00e4htiuimarin p\u00e4ihteidenk\u00e4ytt\u00f6 riist\u00e4ytyi niin pahasti k\u00e4sist\u00e4, ettei h\u00e4n yritt\u00e4nyt edes peitell\u00e4 sit\u00e4 kotona.<\/p>\n<p class=\"paragraph\">\u2013 Jaettu huoltajuus olisi vahingollista lapsille, koska Ryanilla on historiaa huumeidenk\u00e4yt\u00f6st\u00e4. Tietojen mukaan h\u00e4n k\u00e4ytt\u00e4\u00e4 n\u00e4it\u00e4 aineita edelleen, Reid Lochte esitt\u00e4\u00e4 oikeuden papereiden mukaan.<\/p>\n<p class=\"paragraph\">Nainen sanoo l\u00f6yt\u00e4neens\u00e4 tyhji\u00e4 kokaiinipusseja l\u00f6ytyi muun muassa lasten makuuhuoneesta, kylpyhuoneesta ja ruokap\u00f6yd\u00e4n alta.<\/p>\n<p class=\"paragraph\">\u2013 L\u00f6ysimme kokaiinipusseja ymp\u00e4ri yhteist\u00e4 kotiamme. Suurin osa niist\u00e4 oli tyhji\u00e4, koska h\u00e4n oli jo k\u00e4ytt\u00e4nyt aineet, h\u00e4n jatkoi.<\/p>\n<p class=\"paragraph\">Reid Lochte v\u00e4itt\u00e4\u00e4 my\u00f6s l\u00f6yt\u00e4neens\u00e4 Lochten sammuneena pys\u00e4k\u00f6idyn auton kuskin paikalta sen j\u00e4lkeen, kun ex-urheilija oli vienyt pariskunnan lapset kouluun.<\/p>\n<p class=\"paragraph\">Ryan Lochte saavutti urallaan lukuisia arvokisamitaleita varsinkin viestimatkoilla.<\/p>\n<p class=\"paragraph\">Miehen uran loppua tahrasi kaksi noloa episodia. Rion olympialaisissa Lochte j\u00e4i kiinni valehtelusta, kun h\u00e4n v\u00e4itti joutuneensa aseellisen ry\u00f6st\u00f6n uhriksi. Todellisuudessa h\u00e4n yritti peitell\u00e4 humalassa tapahtunutta y\u00f6llist\u00e4 seikkailuaan.<\/p>\n<p class=\"paragraph\">Vuonna 2018 Lochtelle ly\u00f6tiin 14 kuukauden kilpailukielto suonensis\u00e4isest\u00e4 nesteytyksest\u00e4.<\/p>\n","protected":false},"excerpt":{"rendered":"Ryan Lochte kiistelee huoltajuudesta ex-vaimonsa kanssa. Ex-vaimo esitti kovia v\u00e4itteit\u00e4 Ryan Lochtesta. ZumaWire \/ MVPHOTOS Ryan Lochten, 41,&hellip;\n","protected":false},"author":2,"featured_media":40598,"comment_status":"","ping_status":"","sticky":false,"template":"","format":"standard","meta":{"footnotes":""},"categories":[14],"tags":[35,22,23,26,27,33,31,30,17,101,99,100,24,25,41,28,29,15,18,21,98,32,19,20,56,16,59,60,61],"class_list":{"0":"post-40597","1":"post","2":"type-post","3":"status-publish","4":"format-standard","5":"has-post-thumbnail","7":"category-ulkomaat","8":"tag-24h","9":"tag-breaking-news","10":"tag-breakingnews","11":"tag-featured-news","12":"tag-featurednews","13":"tag-fi","14":"tag-finland","15":"tag-finnish","16":"tag-headlines","17":"tag-ihmissuhteet","18":"tag-lapset","19":"tag-lapset-ja-nuoret","20":"tag-latest-news","21":"tag-latestnews","22":"tag-liikunta-ja-urheilu","23":"tag-main-news","24":"tag-mainnews","25":"tag-news","26":"tag-otsikot","27":"tag-paauutiset","28":"tag-perhe","29":"tag-suomi","30":"tag-top-stories","31":"tag-topstories","32":"tag-ulkomaat","33":"tag-uutiset","34":"tag-world","35":"tag-world-news","36":"tag-worldnews"},"share_on_mastodon":{"url":"","error":""},"_links":{"self":[{"href":"https:\/\/www.europesays.com\/fi\/wp-json\/wp\/v2\/posts\/40597","targetHints":{"allow":["GET"]}}],"collection":[{"href":"https:\/\/www.europesays.com\/fi\/wp-json\/wp\/v2\/posts"}],"about":[{"href":"https:\/\/www.europesays.com\/fi\/wp-json\/wp\/v2\/types\/post"}],"author":[{"embeddable":true,"href":"https:\/\/www.europesays.com\/fi\/wp-json\/wp\/v2\/users\/2"}],"replies":[{"embeddable":true,"href":"https:\/\/www.europesays.com\/fi\/wp-json\/wp\/v2\/comments?post=40597"}],"version-history":[{"count":0,"href":"https:\/\/www.europesays.com\/fi\/wp-json\/wp\/v2\/posts\/40597\/revisions"}],"wp:featuredmedia":[{"embeddable":true,"href":"https:\/\/www.europesays.com\/fi\/wp-json\/wp\/v2\/media\/40598"}],"wp:attachment":[{"href":"https:\/\/www.europesays.com\/fi\/wp-json\/wp\/v2\/media?parent=40597"}],"wp:term":[{"taxonomy":"category","embeddable":true,"href":"https:\/\/www.europesays.com\/fi\/wp-json\/wp\/v2\/categories?post=40597"},{"taxonomy":"post_tag","embeddable":true,"href":"https:\/\/www.europesays.com\/fi\/wp-json\/wp\/v2\/tags?post=40597"}],"curies":[{"name":"wp","href":"https:\/\/api.w.org\/{rel}","templated":true}]}}