{"id":40961,"date":"2025-09-21T04:58:07","date_gmt":"2025-09-21T04:58:07","guid":{"rendered":"https:\/\/www.europesays.com\/fi\/40961\/"},"modified":"2025-09-21T04:58:07","modified_gmt":"2025-09-21T04:58:07","slug":"ukrainan-turvatakuut-tarkoittavat-valmiutta-taistella-venajaa-vastaan","status":"publish","type":"post","link":"https:\/\/www.europesays.com\/fi\/40961\/","title":{"rendered":"Ukrainan turvatakuut tarkoittavat valmiutta taistella Ven\u00e4j\u00e4\u00e4 vastaan"},"content":{"rendered":"<p>Presidentti Stubb sanoi brittilehden haastattelussa, ett\u00e4 h\u00e4n odottaa tapaavansa Trumpin kahden kesken l\u00e4hiaikoina.<\/p>\n<p class=\"article-body mb-nof-24 px-nof-16\">Suomen presidentin <a class=\"article-personlink\" href=\"https:\/\/www.aamulehti.fi\/haku\/?query=Alexander%20Stubbin\" rel=\"nofollow noopener\" target=\"_blank\">Alexander Stubbin<\/a> mukaan Ukrainalle kaavaillut turvatakuut tarkoittavat sit\u00e4, ett\u00e4 niihin osallistuvat maat ovat tulevaisuudessa valmiita taistelemaan Ven\u00e4j\u00e4\u00e4 vastaan. Stubb kommentoi asiaa brittilehti <a class=\"article-genericlink\" href=\"https:\/\/www.theguardian.com\/world\/2025\/sep\/20\/security-guarantees-for-ukraine-require-readiness-to-fight-russia-says-finlands-president\" rel=\"nofollow noopener\" target=\"_blank\">Guardianin<\/a> lauantaina julkaistussa haastattelussa.<\/p>\n<p class=\"article-body mb-nof-24 px-nof-16\">Stubbilta kysyttiin, tarkoittavatko turvatakuut sit\u00e4, ett\u00e4 Euroopan maat olisivat valmiita taistelemaan Ven\u00e4j\u00e4\u00e4 vastaan, jos Ven\u00e4j\u00e4 hy\u00f6kk\u00e4isi tulevaisuudessa uudelleen Ukrainaan.<\/p>\n<p class=\"article-body mb-nof-24 px-nof-16\">\u201dSe on m\u00e4\u00e4ritelm\u00e4llisesti turvatakuiden ajatus\u201d, Stubb vastasi.<\/p>\n<p class=\"article-body mb-nof-24 px-nof-16\">Stubbin mukaan turvatakuiden on tarkoitus olla uskottava ja voimakas pelote. H\u00e4n linjasi, ettei Ven\u00e4j\u00e4ll\u00e4 ole sanomista turvatakuiden muodosta.<\/p>\n<p class=\"article-body mb-nof-24 px-nof-16\">Stubb sanoi lehdelle my\u00f6s, ett\u00e4 h\u00e4n odottaa tapaavansa Yhdysvaltain presidentin <a class=\"article-personlink\" href=\"https:\/\/www.aamulehti.fi\/haku\/?query=Donald%20Trumpin\" rel=\"nofollow noopener\" target=\"_blank\">Donald Trumpin<\/a> kanssa kahden kesken l\u00e4hiaikoina.<\/p>\n<p class=\"article-body mb-nof-24 px-nof-16\">Stubb osallistuu ensi viikolla YK:n yleiskokouksen korkean tason viikolle New Yorkissa. Presidentti kertoi Guardianille, ett\u00e4 kokouksen keskipisteess\u00e4 on pitk\u00e4lti Gazan tilanne, mutta h\u00e4n toivoo pystyv\u00e4ns\u00e4 osallistumaan useampaan tapaamiseen Ukrainan presidentti <a class=\"article-personlink\" href=\"https:\/\/www.aamulehti.fi\/haku\/?query=Volodymyr%20Zelenskyin\" rel=\"nofollow noopener\" target=\"_blank\">Volodymyr Zelenskyin<\/a> ja muiden Ukrainan asian kanssa painivien tahojen kanssa.<\/p>\n","protected":false},"excerpt":{"rendered":"Presidentti Stubb sanoi brittilehden haastattelussa, ett\u00e4 h\u00e4n odottaa tapaavansa Trumpin kahden kesken l\u00e4hiaikoina. Suomen presidentin Alexander Stubbin mukaan&hellip;\n","protected":false},"author":2,"featured_media":40962,"comment_status":"","ping_status":"","sticky":false,"template":"","format":"standard","meta":{"footnotes":""},"categories":[14],"tags":[157,22,23,26,27,33,31,30,17,24,25,28,29,15,18,21,32,19,20,56,16,59,60,61],"class_list":{"0":"post-40961","1":"post","2":"type-post","3":"status-publish","4":"format-standard","5":"has-post-thumbnail","7":"category-ulkomaat","8":"tag-aamulehti","9":"tag-breaking-news","10":"tag-breakingnews","11":"tag-featured-news","12":"tag-featurednews","13":"tag-fi","14":"tag-finland","15":"tag-finnish","16":"tag-headlines","17":"tag-latest-news","18":"tag-latestnews","19":"tag-main-news","20":"tag-mainnews","21":"tag-news","22":"tag-otsikot","23":"tag-paauutiset","24":"tag-suomi","25":"tag-top-stories","26":"tag-topstories","27":"tag-ulkomaat","28":"tag-uutiset","29":"tag-world","30":"tag-world-news","31":"tag-worldnews"},"share_on_mastodon":{"url":"","error":""},"_links":{"self":[{"href":"https:\/\/www.europesays.com\/fi\/wp-json\/wp\/v2\/posts\/40961","targetHints":{"allow":["GET"]}}],"collection":[{"href":"https:\/\/www.europesays.com\/fi\/wp-json\/wp\/v2\/posts"}],"about":[{"href":"https:\/\/www.europesays.com\/fi\/wp-json\/wp\/v2\/types\/post"}],"author":[{"embeddable":true,"href":"https:\/\/www.europesays.com\/fi\/wp-json\/wp\/v2\/users\/2"}],"replies":[{"embeddable":true,"href":"https:\/\/www.europesays.com\/fi\/wp-json\/wp\/v2\/comments?post=40961"}],"version-history":[{"count":0,"href":"https:\/\/www.europesays.com\/fi\/wp-json\/wp\/v2\/posts\/40961\/revisions"}],"wp:featuredmedia":[{"embeddable":true,"href":"https:\/\/www.europesays.com\/fi\/wp-json\/wp\/v2\/media\/40962"}],"wp:attachment":[{"href":"https:\/\/www.europesays.com\/fi\/wp-json\/wp\/v2\/media?parent=40961"}],"wp:term":[{"taxonomy":"category","embeddable":true,"href":"https:\/\/www.europesays.com\/fi\/wp-json\/wp\/v2\/categories?post=40961"},{"taxonomy":"post_tag","embeddable":true,"href":"https:\/\/www.europesays.com\/fi\/wp-json\/wp\/v2\/tags?post=40961"}],"curies":[{"name":"wp","href":"https:\/\/api.w.org\/{rel}","templated":true}]}}