{"id":41027,"date":"2025-09-21T06:42:07","date_gmt":"2025-09-21T06:42:07","guid":{"rendered":"https:\/\/www.europesays.com\/fi\/41027\/"},"modified":"2025-09-21T06:42:07","modified_gmt":"2025-09-21T06:42:07","slug":"eu-vai-venaja-moldovan-vaaleissa-paatetaan-maan-uudesta-suunnasta","status":"publish","type":"post","link":"https:\/\/www.europesays.com\/fi\/41027\/","title":{"rendered":"EU vai Ven\u00e4j\u00e4? Moldovan vaaleissa p\u00e4\u00e4tet\u00e4\u00e4n maan uudesta suunnasta"},"content":{"rendered":"<p>Maan historian t\u00e4rkeimm\u00e4t vaalit. N\u00e4in asiantuntijat luonnehtivat Moldovassa syyskuun lopussa k\u00e4yt\u00e4vi\u00e4 parlamenttivaaleja. Niiden tulos ratkaisee, jatkaako maa l\u00e4hentymist\u00e4\u00e4n EU:n kanssa vai ei.<\/p>\n<p>Romanian ja Ukrainan v\u00e4liss\u00e4 sijaitsevan Moldovan EU-pyrkimykset ottivat odottamattoman loikan, kun Ven\u00e4j\u00e4 aloitti hy\u00f6kk\u00e4yssodan Ukrainaan vuonna 2022. Maat p\u00e4\u00e4siv\u00e4t EU-j\u00e4senehdokkaiksi samaan aikaan kes\u00e4ll\u00e4 2024.<\/p>\n<p>Moldovan EU-j\u00e4senyys edellytt\u00e4\u00e4 kuitenkin sit\u00e4, ett\u00e4 my\u00f6s seuraava hallitus suhtautuu asiaan my\u00f6nteisesti. Se voi tarkoittaa jopa EU- ja Ven\u00e4j\u00e4-mielisten hallitusyhteisty\u00f6t\u00e4.<\/p>\n<p><strong>MOLDOVAN<\/strong> parlamenttia on johtanut vuodesta 2021 alkaen EU-mielinen PAS-puolue \u2013 ranskalaistyylisesti yksinkertaisella enemmist\u00f6ll\u00e4.<\/p>\n<p>Syyskuun vaaleissa PAS:in \u00e4\u00e4net eiv\u00e4t n\u00e4yt\u00e4 riitt\u00e4v\u00e4n yksinkertaiseen enemmist\u00f6\u00f6n. Vaikka puolue on useimmissa mielipidekyselyiss\u00e4 ollut ensimm\u00e4isen\u00e4, se ei ole ylt\u00e4nyt yli 50 prosentin kannatukseen lokakuun 2024 j\u00e4lkeen.<\/p>\n<p>Syyskuun alussa tehdyss\u00e4 kyselyss\u00e4 PAS j\u00e4i niukasti toiseksi kommunistien ja sosialistien vaaliliitolle. T\u00e4m\u00e4 synnytt\u00e4isi Ven\u00e4j\u00e4-mielisten koalitiohallituksen ja her\u00e4tt\u00e4isi suurta huolta my\u00f6s muissa l\u00e4nsimaissa.<\/p>\n<p>PAS:in puheenjohtaja <strong>Igor Gro\u0219u<\/strong> kommentoi elokuussa Euronewsille, kuinka Ven\u00e4j\u00e4-mielisten voitto tarkoittaisi EU-j\u00e4senyysprosessin pys\u00e4ytt\u00e4mist\u00e4.<\/p>\n<p>Mielipidekyselyjen perusteella n\u00e4ytt\u00e4\u00e4 todenn\u00e4k\u00f6iselt\u00e4, ett\u00e4 PAS sijoittuu ensimm\u00e4iseksi, mutta saa alle puolet kaikista \u00e4\u00e4nist\u00e4. T\u00e4ll\u00f6in parlamentin enemmist\u00f6 olisi kallellaan Ven\u00e4j\u00e4\u00e4n, mutta suurin puolue EU:hun.<\/p>\n<p>T\u00e4m\u00e4 vaikeuttaisi hallitusneuvotteluja, koska syntyv\u00e4ss\u00e4 hallituksessa osa kaipaisi EU-j\u00e4senyytt\u00e4 ja osa suhteita Ven\u00e4j\u00e4\u00e4n.<\/p>\n<blockquote>\n<p>Moldovalaisten pit\u00e4\u00e4 saada p\u00e4\u00e4tt\u00e4\u00e4 moldovalaisten asioista.<\/p>\n<\/blockquote>\n<p>Aiheen vaikeudesta kertoo, kuinka PAS:in ryhm\u00e4njohtaja <strong>Doina Gherman<\/strong> kielt\u00e4ytyi hein\u00e4kuussa pohtimasta mahdollista hallituspohjaa Ziarul de Gard\u0103 -lehden podcastissa.<\/p>\n<p>\u2013 Spekulointi aiheesta on ep\u00e4kunnioittavaa \u00e4\u00e4nest\u00e4ji\u00e4 kohtaan, h\u00e4n totesi.<\/p>\n<p><strong>EU-PYRKIMYKSI\u00c4<\/strong> olisi silti mahdollista edist\u00e4\u00e4 my\u00f6s Ven\u00e4j\u00e4-mielisten kanssa muodostetussa hallituksessa, selvi\u00e4\u00e4 moldovalaisen politiikan tutkija <strong>Dionis Cenu\u0219an<\/strong> analyysist\u00e4.<\/p>\n<p>\u2013 T\u00e4llaisessa tilanteessa PAS:in imago kuitenkin heikentyisi, kun se joutuisi v\u00e4hent\u00e4m\u00e4\u00e4n nykyisi\u00e4 Ven\u00e4j\u00e4-vastaisia kannanottojaan, h\u00e4n huomauttaa romanialaisen Evenimentul Zilei -lehden kolumnissaan.<\/p>\n<p>Moldovan EU-vastatuulta on totuttu tarkastelemaan l\u00e4nness\u00e4 Ven\u00e4j\u00e4n vaalivaikuttamisen kautta. PAS-puolueen perustaja, presidentti <strong>Maia Sandu<\/strong> kehottikin syyskuun alussa kiinnitt\u00e4m\u00e4\u00e4n huomiota ulkoisiin vaikutusyrityksiin.<\/p>\n<p>\u2013 Moldovalaisten pit\u00e4\u00e4 saada p\u00e4\u00e4tt\u00e4\u00e4 moldovalaisten asioista, Sandu julisti.<\/p>\n<p>Ven\u00e4j\u00e4 on vaikuttanut Moldovan vaaleihin mittavasti, muun muassa kyberhy\u00f6kk\u00e4yksill\u00e4 ja \u00e4\u00e4ni\u00e4 ostamalla. T\u00e4n\u00e4 syksyn\u00e4 maassa on havaittu Ven\u00e4j\u00e4n trollitehtaita.<\/p>\n<p>Ukrainalainen toimittaja <strong>Dmytro Hordon<\/strong> kirjoitti syyskuussa, kuinka Ven\u00e4j\u00e4 pyrkii Kremlin asiakirjavuotojen mukaan vaikuttamaan vaaleihin 350 miljoonan dollarin edest\u00e4.<\/p>\n<p><strong>VEN\u00c4J\u00c4N<\/strong> lis\u00e4ksi moldovalaisten kantoja selitt\u00e4v\u00e4t arkisemmat asiat. Dionis Cenu\u0219a huomauttaa, ett\u00e4 varautuneisuus on laskenut maassa, mik\u00e4 johtuu talouden taantumasta, ep\u00e4luottamuksesta oikeusj\u00e4rjestelm\u00e4n reformeihin ja EU-kannan kirjaamisesta perustuslakiin.<\/p>\n<p>Yksi Moldovan EU-j\u00e4senyyden ongelmista onkin se, ett\u00e4 PAS on ryvettynyt maan sis\u00e4politiikassa. Kun EU:ta ajava iso puolue joutuu ep\u00e4suosioon, v\u00e4henev\u00e4t my\u00f6s EU-linjaa puoltavat \u00e4\u00e4net.<\/p>\n<p>PAS:illa ei my\u00f6sk\u00e4\u00e4n ole kunnollisia vaihtoehtoja, eik\u00e4 se luonut vaaliliittoa muiden EU-mielisten puolueiden kanssa. Sen sijaan se pyysi n\u00e4iden ehdokkaita asettumaan PAS:in listoille \u2013 jolloin he joutuvat eroamaan omista puolueistaan.<\/p>\n<p>T\u00e4st\u00e4 Moldovan demokraattinen oppositio onkin kritisoinut PAS:ia jo pitk\u00e4\u00e4n: tarkoitus pyhitt\u00e4\u00e4 keinot.<\/p>\n","protected":false},"excerpt":{"rendered":"Maan historian t\u00e4rkeimm\u00e4t vaalit. N\u00e4in asiantuntijat luonnehtivat Moldovassa syyskuun lopussa k\u00e4yt\u00e4vi\u00e4 parlamenttivaaleja. Niiden tulos ratkaisee, jatkaako maa l\u00e4hentymist\u00e4\u00e4n&hellip;\n","protected":false},"author":2,"featured_media":41028,"comment_status":"","ping_status":"","sticky":false,"template":"","format":"standard","meta":{"footnotes":""},"categories":[14],"tags":[22,23,26,27,33,31,30,17,24,25,28,29,15,18,21,32,19,20,56,16,59,60,61],"class_list":{"0":"post-41027","1":"post","2":"type-post","3":"status-publish","4":"format-standard","5":"has-post-thumbnail","7":"category-ulkomaat","8":"tag-breaking-news","9":"tag-breakingnews","10":"tag-featured-news","11":"tag-featurednews","12":"tag-fi","13":"tag-finland","14":"tag-finnish","15":"tag-headlines","16":"tag-latest-news","17":"tag-latestnews","18":"tag-main-news","19":"tag-mainnews","20":"tag-news","21":"tag-otsikot","22":"tag-paauutiset","23":"tag-suomi","24":"tag-top-stories","25":"tag-topstories","26":"tag-ulkomaat","27":"tag-uutiset","28":"tag-world","29":"tag-world-news","30":"tag-worldnews"},"share_on_mastodon":{"url":"","error":""},"_links":{"self":[{"href":"https:\/\/www.europesays.com\/fi\/wp-json\/wp\/v2\/posts\/41027","targetHints":{"allow":["GET"]}}],"collection":[{"href":"https:\/\/www.europesays.com\/fi\/wp-json\/wp\/v2\/posts"}],"about":[{"href":"https:\/\/www.europesays.com\/fi\/wp-json\/wp\/v2\/types\/post"}],"author":[{"embeddable":true,"href":"https:\/\/www.europesays.com\/fi\/wp-json\/wp\/v2\/users\/2"}],"replies":[{"embeddable":true,"href":"https:\/\/www.europesays.com\/fi\/wp-json\/wp\/v2\/comments?post=41027"}],"version-history":[{"count":0,"href":"https:\/\/www.europesays.com\/fi\/wp-json\/wp\/v2\/posts\/41027\/revisions"}],"wp:featuredmedia":[{"embeddable":true,"href":"https:\/\/www.europesays.com\/fi\/wp-json\/wp\/v2\/media\/41028"}],"wp:attachment":[{"href":"https:\/\/www.europesays.com\/fi\/wp-json\/wp\/v2\/media?parent=41027"}],"wp:term":[{"taxonomy":"category","embeddable":true,"href":"https:\/\/www.europesays.com\/fi\/wp-json\/wp\/v2\/categories?post=41027"},{"taxonomy":"post_tag","embeddable":true,"href":"https:\/\/www.europesays.com\/fi\/wp-json\/wp\/v2\/tags?post=41027"}],"curies":[{"name":"wp","href":"https:\/\/api.w.org\/{rel}","templated":true}]}}