{"id":41029,"date":"2025-09-21T06:43:09","date_gmt":"2025-09-21T06:43:09","guid":{"rendered":"https:\/\/www.europesays.com\/fi\/41029\/"},"modified":"2025-09-21T06:43:09","modified_gmt":"2025-09-21T06:43:09","slug":"eemeli-peltonen-siunattiin-haudan-lepoon-koskettava-muistokirjoitus-hsssa","status":"publish","type":"post","link":"https:\/\/www.europesays.com\/fi\/41029\/","title":{"rendered":"Eemeli Peltonen siunattiin haudan lepoon \u2013 Koskettava muistokirjoitus HS:ssa"},"content":{"rendered":"<p>SDP-kollegat kirjoittavat Peltosesta l\u00e4mpim\u00e4sti sunnuntaina julkaistussa muistokirjoituksessa. <\/p>\n<p><img decoding=\"async\" class=\"image image-show image-preview\" src=\"https:\/\/www.europesays.com\/fi\/wp-content\/uploads\/2025\/08\/b5ee64baf0b06e732395297d333ff16673a029b895af5fc8110799568a6ac87f.jpg\" alt=\"\"\/><img decoding=\"async\" class=\"image image-show\" src=\"https:\/\/www.europesays.com\/fi\/wp-content\/uploads\/2025\/08\/1755608653_310_b5ee64baf0b06e732395297d333ff16673a029b895af5fc8110799568a6ac87f.jpg\" alt=\"\"\/><\/p>\n<p>Eemeli Peltonen kuoli tiistaina 19. elokuuta. Eduskunta<\/p>\n<p class=\"paragraph\">Eduskunnassa elokuussa kuolleen kansanedustaja <strong>Eemeli Peltosen<\/strong> (sd) kuolinilmoitukset julkaistiin <a href=\"https:\/\/www.keski-uusimaa.fi\/nakoislehti\/\" target=\"_blank\" rel=\"noopener nofollow\">Keski-Uusimaa-lehdess\u00e4<\/a> sunnuntaina.<\/p>\n<p class=\"paragraph\">Peltosen siunaus toimitettiin lauantaina J\u00e4rvenp\u00e4\u00e4n siunauskappelissa omaisten ja l\u00e4hipiirin keskuudessa. Kuolinilmoituksia julkaistiin kaksi kappaletta, toinen omaisilta ja toinen SDP:lt\u00e4. Siunaustilaisuudesta on kerrottu my\u00f6s sosiaalisessa mediassa.<\/p>\n<p class=\"paragraph\">Peltosen muistokirjoitus julkaistiin sunnuntaina my\u00f6s <a href=\"https:\/\/www.hs.fi\/muistot\/art-2000011494318.html\" rel=\"noopener nofollow\" target=\"_blank\">Helsingin Sanomissa<\/a>.<\/p>\n<p class=\"paragraph\">Muistokirjoituksen ovat kirjoittaneet SDP:n puoluesihteeri <strong>Mikkel N\u00e4kk\u00e4l\u00e4j\u00e4rvi<\/strong> sek\u00e4 SDP:n puheenjohtaja <strong>Antti Lindtman<\/strong>.<\/p>\n<p class=\"paragraph\">Lindtman ja N\u00e4kk\u00e4l\u00e4j\u00e4rvi kirjoittavat yhteiskunnallisen vaikuttamisen olleen Peltosen el\u00e4m\u00e4nteht\u00e4v\u00e4. He kuvailevat kansanedustajaa joukkuepelaajaksi, johon luotettiin jo varhain.<\/p>\n<p class=\"paragraph\">Peltola ei heid\u00e4n mukaansa korostanut itse\u00e4\u00e4n ja oli sivistynyt sek\u00e4 suurisyd\u00e4minen ihminen.<\/p>\n<p class=\"paragraph\">\u2013 Kansanedustajan teht\u00e4v\u00e4 oli h\u00e4nelle suuri unelma ja kunnia \u2013 h\u00e4n arvosti eduskuntainstituutiota syv\u00e4sti, muistokirjoituksessa kuvaillaan.<\/p>\n<p class=\"paragraph\">Muistokirjoituksen mukaan Peltonen muistetaan \u201dratkaisunhakuisena, hyv\u00e4ntuulisena ja huumorintajuisena ihmisen\u00e4, jonka l\u00e4mmin virne sai muut hymyilem\u00e4\u00e4n\u201d.<\/p>\n<p class=\"paragraph\">Peltonen teki <a href=\"https:\/\/www.iltalehti.fi\/politiikka\/a84ea613-1f03-4812-a1a1-0440c61b1a87\" rel=\"nofollow noopener\" target=\"_blank\">Iltalehden tietojen mukaan<\/a> itsemurhan ja l\u00f6ytyi Eduskuntatalon portaikosta kuolleena tiistaina 19. elokuuta. H\u00e4n oli kuollessaan 30-vuotias.<\/p>\n<p class=\"paragraph\">Ensimm\u00e4isen kauden kansanedustaja Peltonen nousi eduskuntaan vuoden 2023 vaaleissa. H\u00e4n oli eduskunnan hallintovaliokunnan ja lakivaliokunnan j\u00e4sen. Hallintovaliokunnassa h\u00e4n johti SDP:n valiokuntaryhm\u00e4\u00e4.<\/p>\n<p class=\"paragraph\">Paikallispolitiikassa Peltonen tunnettiin J\u00e4rvenp\u00e4\u00e4n kaupunginhallituksen puheenjohtajana sek\u00e4 kaupunginvaltuutettuna. Kaupunginvaltuustoon h\u00e4net valittiin jo 18-vuotiaana.<\/p>\n<p class=\"paragraph\">\u00c4l\u00e4 j\u00e4\u00e4 yksin! Mielenterveysongelmiin ja itsetuhoisiin ajatuksiin on saatavilla kattavasti tukea. Tietoa tukipalveluista puhelimitse, verkossa ja kasvokkain <a href=\"https:\/\/www.iltalehti.fi\/terveysuutiset\/201806102200998639\" rel=\"nofollow noopener\" target=\"_blank\">l\u00f6yd\u00e4t t\u00e4\u00e4lt\u00e4<\/a>.<\/p>\n","protected":false},"excerpt":{"rendered":"SDP-kollegat kirjoittavat Peltosesta l\u00e4mpim\u00e4sti sunnuntaina julkaistussa muistokirjoituksessa. Eemeli Peltonen kuoli tiistaina 19. elokuuta. Eduskunta Eduskunnassa elokuussa kuolleen kansanedustaja&hellip;\n","protected":false},"author":2,"featured_media":41030,"comment_status":"","ping_status":"","sticky":false,"template":"","format":"standard","meta":{"footnotes":""},"categories":[12],"tags":[35,22,23,26,27,33,31,30,17,24,25,28,29,15,18,21,637,886,888,885,887,32,19,20,16],"class_list":{"0":"post-41029","1":"post","2":"type-post","3":"status-publish","4":"format-standard","5":"has-post-thumbnail","7":"category-suomi","8":"tag-24h","9":"tag-breaking-news","10":"tag-breakingnews","11":"tag-featured-news","12":"tag-featurednews","13":"tag-fi","14":"tag-finland","15":"tag-finnish","16":"tag-headlines","17":"tag-latest-news","18":"tag-latestnews","19":"tag-main-news","20":"tag-mainnews","21":"tag-news","22":"tag-otsikot","23":"tag-paauutiset","24":"tag-politiikka","25":"tag-puolueet","26":"tag-suomalaiset-poliitikot","27":"tag-suomen-poliittiset-puolueet","28":"tag-suomen-politiikka","29":"tag-suomi","30":"tag-top-stories","31":"tag-topstories","32":"tag-uutiset"},"share_on_mastodon":{"url":"","error":""},"_links":{"self":[{"href":"https:\/\/www.europesays.com\/fi\/wp-json\/wp\/v2\/posts\/41029","targetHints":{"allow":["GET"]}}],"collection":[{"href":"https:\/\/www.europesays.com\/fi\/wp-json\/wp\/v2\/posts"}],"about":[{"href":"https:\/\/www.europesays.com\/fi\/wp-json\/wp\/v2\/types\/post"}],"author":[{"embeddable":true,"href":"https:\/\/www.europesays.com\/fi\/wp-json\/wp\/v2\/users\/2"}],"replies":[{"embeddable":true,"href":"https:\/\/www.europesays.com\/fi\/wp-json\/wp\/v2\/comments?post=41029"}],"version-history":[{"count":0,"href":"https:\/\/www.europesays.com\/fi\/wp-json\/wp\/v2\/posts\/41029\/revisions"}],"wp:featuredmedia":[{"embeddable":true,"href":"https:\/\/www.europesays.com\/fi\/wp-json\/wp\/v2\/media\/41030"}],"wp:attachment":[{"href":"https:\/\/www.europesays.com\/fi\/wp-json\/wp\/v2\/media?parent=41029"}],"wp:term":[{"taxonomy":"category","embeddable":true,"href":"https:\/\/www.europesays.com\/fi\/wp-json\/wp\/v2\/categories?post=41029"},{"taxonomy":"post_tag","embeddable":true,"href":"https:\/\/www.europesays.com\/fi\/wp-json\/wp\/v2\/tags?post=41029"}],"curies":[{"name":"wp","href":"https:\/\/api.w.org\/{rel}","templated":true}]}}