{"id":41031,"date":"2025-09-21T06:44:08","date_gmt":"2025-09-21T06:44:08","guid":{"rendered":"https:\/\/www.europesays.com\/fi\/41031\/"},"modified":"2025-09-21T06:44:08","modified_gmt":"2025-09-21T06:44:08","slug":"atro-leppasta-hehkutetaan-edmontonissa","status":"publish","type":"post","link":"https:\/\/www.europesays.com\/fi\/41031\/","title":{"rendered":"Atro Lepp\u00e4st\u00e4 hehkutetaan Edmontonissa"},"content":{"rendered":"<p>Suomalaispuolustaja on tehnyt Edmontonissa hyv\u00e4n ensivaikutuksen.<\/p>\n<p><img decoding=\"async\" class=\"image image-show image-preview\" src=\"https:\/\/www.europesays.com\/fi\/wp-content\/uploads\/2025\/09\/577ff6f59b8d20f1653815e44fae29e7292a94ee33fb9ffbe95406038c6774b4.jpg\" alt=\"\"\/><img decoding=\"async\" class=\"image image-show\" src=\"https:\/\/www.europesays.com\/fi\/wp-content\/uploads\/2025\/09\/1758437048_163_577ff6f59b8d20f1653815e44fae29e7292a94ee33fb9ffbe95406038c6774b4.jpg\" alt=\"\"\/><\/p>\n<p>Atro Lepp\u00e4nen hakee pelipaikkaa NHL:st\u00e4. Jenni G\u00e4stgivar<\/p>\n<p class=\"paragraph\"><strong>Atro Lepp\u00e4nen<\/strong>, 26, on v\u00e4l\u00e4ytellyt osaamistaan Edmontonissa harjoitusleirin alussa. Oilersia tarkasti seuraava NHL-toimittaja <strong>Bob Stauffer<\/strong> hehkuttaa suomalaista X:ss\u00e4.<\/p>\n<p class=\"paragraph\">\u2013 Yksi pelaaja, joka erottui t\u00e4n\u00e4\u00e4n mielest\u00e4ni Edmontonin harjoitusottelussa, oli vasen puolustaja Atro Lepp\u00e4nen, Stauffer toteaa.<\/p>\n<p class=\"paragraph\">Sulavaliikkeinen suomalainen p\u00e4\u00e4si toimittajan mukaan heti esiin omilla vahvuuksillaan.<\/p>\n<p class=\"paragraph\">\u2013 H\u00e4n on \u00e4lyk\u00e4s ja prosessoi nopeasti peli\u00e4. H\u00e4n pystyy luomaan tilanteita paineen alla. H\u00e4n lukee ja reagoi hyvin tilanteisiin huippupelaajien rinnalla, Stauffer jatkoi.<\/p>\n<p class=\"paragraph\">T\u00e4st\u00e4 saatiin hyv\u00e4 esimerkki, kun Edmonton treenasi kolmella kolmea vastaan -peli\u00e4. Lepp\u00e4nen oli istutettu samaan trioon <strong>Connor McDavidin<\/strong> ja <strong>Leon Draisaitlin<\/strong> kanssa.<\/p>\n<p class=\"paragraph\">Palkittu NHL-toimittaja <strong>Jouni Nieminen<\/strong> julkaisi viestipalvelu X:ss\u00e4 videoklipin treenist\u00e4, jossa kolmikko py\u00f6ritteli komean maalin. Lepp\u00e4nen viimeisteli osuman siten, ett\u00e4 h\u00e4n ohjasi Draisaitlin sy\u00f6t\u00f6n maaliin maila jalkojen v\u00e4liss\u00e4.<\/p>\n<p class=\"paragraph\">Jos Niemisen julkaisema video ei n\u00e4y laitteellasi, voit katsoa sen <a href=\"https:\/\/x.com\/OnsideWithJouni\/status\/1969482966708731923\" rel=\"noopener nofollow\">t\u00e4\u00e4lt\u00e4<\/a>.<\/p>\n<p class=\"paragraph\">Stauffer kertoi X:ss\u00e4, ett\u00e4 Lepp\u00e4nen sai pelinumerokseen tutun 37. H\u00e4net sijoitettiin normaalissa peliss\u00e4 <strong>Alec Regulan<\/strong> pakkipariksi.<\/p>\n<p class=\"paragraph\">Lepp\u00e4nen h\u00e4n voitti viime kaudella SM-liigan pistep\u00f6rssin ja oli mukana Leijonien MM-joukkueessa. Nyt h\u00e4n hakee tosissaan pelipaikkaa NHL:st\u00e4.<\/p>\n<p class=\"paragraph\">Lepp\u00e4sen lis\u00e4ksi Edmontonin harjoitusleirill\u00e4 suomalaisv\u00e4rej\u00e4 edustavat <strong>Kasperi Kapanen<\/strong>, <strong>Roby J\u00e4rventie<\/strong> ja <strong>Viljami Marjala<\/strong>.<\/p>\n","protected":false},"excerpt":{"rendered":"Suomalaispuolustaja on tehnyt Edmontonissa hyv\u00e4n ensivaikutuksen. Atro Lepp\u00e4nen hakee pelipaikkaa NHL:st\u00e4. Jenni G\u00e4stgivar Atro Lepp\u00e4nen, 26, on v\u00e4l\u00e4ytellyt&hellip;\n","protected":false},"author":2,"featured_media":41032,"comment_status":"","ping_status":"","sticky":false,"template":"","format":"standard","meta":{"footnotes":""},"categories":[5],"tags":[35,1274,22,23,26,27,33,31,30,17,1143,24,25,41,28,29,15,18,21,32,1145,19,20,161,16],"class_list":{"0":"post-41031","1":"post","2":"type-post","3":"status-publish","4":"format-standard","5":"has-post-thumbnail","7":"category-otsikot","8":"tag-24h","9":"tag-ammattiurheilu","10":"tag-breaking-news","11":"tag-breakingnews","12":"tag-featured-news","13":"tag-featurednews","14":"tag-fi","15":"tag-finland","16":"tag-finnish","17":"tag-headlines","18":"tag-jaakiekko","19":"tag-latest-news","20":"tag-latestnews","21":"tag-liikunta-ja-urheilu","22":"tag-main-news","23":"tag-mainnews","24":"tag-news","25":"tag-otsikot","26":"tag-paauutiset","27":"tag-suomi","28":"tag-talviurheilu","29":"tag-top-stories","30":"tag-topstories","31":"tag-urheilutapahtumat","32":"tag-uutiset"},"share_on_mastodon":{"url":"","error":""},"_links":{"self":[{"href":"https:\/\/www.europesays.com\/fi\/wp-json\/wp\/v2\/posts\/41031","targetHints":{"allow":["GET"]}}],"collection":[{"href":"https:\/\/www.europesays.com\/fi\/wp-json\/wp\/v2\/posts"}],"about":[{"href":"https:\/\/www.europesays.com\/fi\/wp-json\/wp\/v2\/types\/post"}],"author":[{"embeddable":true,"href":"https:\/\/www.europesays.com\/fi\/wp-json\/wp\/v2\/users\/2"}],"replies":[{"embeddable":true,"href":"https:\/\/www.europesays.com\/fi\/wp-json\/wp\/v2\/comments?post=41031"}],"version-history":[{"count":0,"href":"https:\/\/www.europesays.com\/fi\/wp-json\/wp\/v2\/posts\/41031\/revisions"}],"wp:featuredmedia":[{"embeddable":true,"href":"https:\/\/www.europesays.com\/fi\/wp-json\/wp\/v2\/media\/41032"}],"wp:attachment":[{"href":"https:\/\/www.europesays.com\/fi\/wp-json\/wp\/v2\/media?parent=41031"}],"wp:term":[{"taxonomy":"category","embeddable":true,"href":"https:\/\/www.europesays.com\/fi\/wp-json\/wp\/v2\/categories?post=41031"},{"taxonomy":"post_tag","embeddable":true,"href":"https:\/\/www.europesays.com\/fi\/wp-json\/wp\/v2\/tags?post=41031"}],"curies":[{"name":"wp","href":"https:\/\/api.w.org\/{rel}","templated":true}]}}