{"id":41035,"date":"2025-09-21T06:56:08","date_gmt":"2025-09-21T06:56:08","guid":{"rendered":"https:\/\/www.europesays.com\/fi\/41035\/"},"modified":"2025-09-21T06:56:08","modified_gmt":"2025-09-21T06:56:08","slug":"marko-annala-karsi-masennuksesta-kun-tytar-iita-oli-lapsi","status":"publish","type":"post","link":"https:\/\/www.europesays.com\/fi\/41035\/","title":{"rendered":"Marko Annala k\u00e4rsi masennuksesta, kun tyt\u00e4r Iita oli lapsi"},"content":{"rendered":"<p class=\"article-body mb-nof-24 px-nof-16\">Mustiin pukeutunut, lippisp\u00e4inen mies kulkee metrien p\u00e4\u00e4st\u00e4 kahvilan p\u00f6yd\u00e4n ohi. K\u00e4denheilautusta seuraa iloinen huudahdus.<\/p>\n<p class=\"article-body mb-nof-24 px-nof-16\">\u2013\u2009Tunnistin m\u00f6sj\u00f6\u00f6n! Olen kuunnellut musiikkia siit\u00e4 saakka, kun eka levy tuli pihalle. Kiitos mahtavasta ty\u00f6st\u00e4!<\/p>\n<p class=\"article-body mb-nof-24 px-nof-16\">Muusikko <a class=\"article-personlink\" href=\"https:\/\/www.is.fi\/haku\/?query=Marko%20Annala\" rel=\"nofollow noopener\" target=\"_blank\">Marko Annala<\/a>, 52, vastaa fanin tervehdykseen lempe\u00e4sti, jopa hieman ujosti. Tilanne ei ole h\u00e4nelle uusi. Vastaavaa tapahtuu usein harmaapartaisen ja liehuvatukkaisen, olemukseltaan tunnistettavan Mokoma-b\u00e4ndin keulakuvan liikkuessa ihmisten ilmoilla.<\/p>\n<p class=\"article-body mb-nof-24 px-nof-16\">Se, ett\u00e4 is\u00e4 tunnistetaan, ei yll\u00e4t\u00e4 my\u00f6sk\u00e4\u00e4n Markon tyt\u00e4rt\u00e4, opiskelija ja kuvittaja <a class=\"article-personlink\" href=\"https:\/\/www.is.fi\/haku\/?query=Iita%20Annalaa\" rel=\"nofollow noopener\" target=\"_blank\">Iita Annalaa<\/a>, 17, joka istuu kahvilanp\u00f6yd\u00e4ss\u00e4 is\u00e4ns\u00e4 vieress\u00e4. Iita on vanhin perheen kolmesta lapsesta.<\/p>\n<p class=\"article-body mb-nof-24 px-nof-16\">Toisin kuin is\u00e4-Markoa, tyt\u00e4rt\u00e4 ei ole aiemmin julkisuudessa juuri n\u00e4hty. N\u00e4ihin p\u00e4iviin asti h\u00e4n on ollut tavallinen, graafista suunnittelua ammattikoulussa opiskeleva tamperelaisteini \u2013 tytt\u00f6, jolle Marko yhdess\u00e4 puolisonsa <a class=\"article-personlink\" href=\"https:\/\/www.is.fi\/haku\/?query=Inga%20Maggan\" rel=\"nofollow noopener\" target=\"_blank\">Inga Maggan<\/a> kanssa on halunnut suoda mahdollisimman turvallisen lapsuuden poissa julkisuuden valokeilasta.<\/p>\n<p class=\"article-body mb-nof-24 px-nof-16\">Nyt tilanne on kuitenkin muuttunut.<\/p>\n<p class=\"article-body mb-nof-24 px-nof-16\">Is\u00e4n ja tytt\u00e4ren ensimm\u00e4inen yhteinen taiteellinen projekti, romaani Ylva (Like) on hiljattain n\u00e4hnyt p\u00e4iv\u00e4nvalon. Teksti on Markon, mutta Iita on toinen romaanin kuvittajista taiteilija <a class=\"article-personlink\" href=\"https:\/\/www.is.fi\/haku\/?query=Petri%20Ala-Maunuksen\" rel=\"nofollow noopener\" target=\"_blank\">Petri Ala-Maunuksen<\/a> ohella.<\/p>\n<p class=\"article-body mb-nof-24 px-nof-16\">\u2013\u2009Olemme paitsi is\u00e4 ja tyt\u00e4r, nyt my\u00f6s ty\u00f6kaverit, Marko sanoo.<\/p>\n<p class=\"article-body mb-nof-24 px-nof-16\">\u2013 Iita on polkunsa valinnut, h\u00e4n suuntautuu taidealalle ja siten julkiseen ty\u00f6h\u00f6n itsekin. H\u00e4n t\u00e4ytt\u00e4\u00e4 pian 18, en\u00e4\u00e4 ei ole syyt\u00e4 vahtia h\u00e4nen julkisuuttaan, Marko tuumii.<\/p>\n<p class=\"article-body mb-nof-24 px-nof-16\">\u2013 Minulta kysyt\u00e4\u00e4n usein, milt\u00e4 tuntuu, kun isk\u00e4 on rokkit\u00e4hti. En tied\u00e4, minulla ei ole kokemusta mist\u00e4\u00e4n muusta, Iita sanoo.<\/p>\n<p>Lahjoja ja kovaa ty\u00f6t\u00e4<\/p>\n<p class=\"article-body mb-nof-24 px-nof-16\">Jo kaksitoistavuotiaana Iita saattoi kurkistaa perheen j\u00e4\u00e4kaappiin ja todetessaan sen tyhj\u00e4ksi marssia omatoimisesti kauppaan ruokavarastoa t\u00e4ydent\u00e4m\u00e4\u00e4n.<\/p>\n<p class=\"article-body mb-nof-24 px-nof-16\">\u2013 Mieluummin hoidan jonkin asian itse kuin pyyd\u00e4n apua, Iita sanoo.<\/p>\n<p class=\"article-body mb-nof-24 px-nof-16\">\u2013 Aika varhain tajusin, ettei Iitasta tarvitse huolehtia. H\u00e4n ottaa mielell\u00e4\u00e4n vastuuta, ja on aina rauhallinen, Marko toteaa.<\/p>\n<p class=\"article-body mb-nof-24 px-nof-16\">\u2013 Huomasin aikaisin my\u00f6s Iitan taiteelliset lahjat. Kun ik\u00e4toverit piirsiv\u00e4t viel\u00e4 p\u00e4\u00e4jalkaisia, Iitan kyn\u00e4st\u00e4 syntyi kirahviperheit\u00e4 vauvoineen. Sen ohella h\u00e4nell\u00e4 on my\u00f6s rytmitajua ja liikunnallista lahjakkuutta \u2013 Iita on tanssija, joka esimerkiksi kev\u00e4\u00e4ll\u00e4 esiintyi UMK-show\u2019n avausnumeron taustalla.<\/p>\n<p><img decoding=\"async\" src=\"https:\/\/www.europesays.com\/fi\/wp-content\/uploads\/2025\/09\/1758437768_581_468.jpg\" alt=\"\" class=\"_Img_tdqg8_1\" style=\"aspect-ratio:0.75\" loading=\"eager\"\/><\/p>\n<p class=\"article-body mb-nof-24 px-nof-16\">Annalan perheess\u00e4 kuitenkin tiedet\u00e4\u00e4n, ettei pelkk\u00e4 lahjakkuus riit\u00e4 pitk\u00e4lle. Ty\u00f6ntekoa ja vaivann\u00e4k\u00f6\u00e4 vaaditaan, jotta lahjoista saa kaiken irti.<\/p>\n<p class=\"article-body mb-nof-24 px-nof-16\">\u2013 Minulla oli nuorena paljon itse\u00e4ni lahjakkaampia soittajayst\u00e4vi\u00e4. He eiv\u00e4t kuitenkaan ole luoneet uraa muusikkoina, koska eiv\u00e4t jaksaneet tehd\u00e4 t\u00f6it\u00e4, jos sein\u00e4 tuntui nousevan pystyyn. Min\u00e4 puolestani olen aina ollut kova treenaamaan ja paiskimaan duunia tavoitteideni eteen, Marko sanoo.<\/p>\n<p class=\"article-body mb-nof-24 px-nof-16\">\u2013 Samaa asennetta olen koettanut opettaa Iitallekin.<\/p>\n<p class=\"article-body mb-nof-24 px-nof-16\">Iita ymm\u00e4rt\u00e4\u00e4 hyvin, mit\u00e4 is\u00e4 tarkoittaa.<\/p>\n<p class=\"article-body mb-nof-24 px-nof-16\">\u2013 Koulussa joku sai kympin tuskin vilkaistuaan koealuetta. Minun piti lukea monta p\u00e4iv\u00e4\u00e4 jo kahdeksikon eteen, h\u00e4n muistelee peruskouluaikojaan.<\/p>\n<p class=\"article-body mb-nof-24 px-nof-16\">\u2013 Min\u00e4 olin koulussa huono \u00e4idinkielt\u00e4 lukuun ottamatta. Harmi, ett\u00e4 t\u00e4ss\u00e4 asiassa lapset ovat tainneet tulla minuun eiv\u00e4tk\u00e4 kaksi korkeakoulututkintoa suorittaneeseen \u00e4itiins\u00e4, Marko huokaisee.<\/p>\n<p class=\"article-body mb-nof-24 px-nof-16\">\u2013 Isk\u00e4 on mukava ja hauska, luotettava ja suojeleva. V\u00e4lill\u00e4 my\u00f6s \u00e4rsytt\u00e4v\u00e4, toki, Iita summaa.<\/p>\n<p class=\"article-body mb-nof-24 px-nof-16\">Markoa huomautus naurattaa.<\/p>\n<p class=\"article-body mb-nof-24 px-nof-16\">\u2013 Sin\u00e4 et onneksi koskaan ole yht\u00e4\u00e4n \u00e4rsytt\u00e4v\u00e4, h\u00e4n vitsailee tytt\u00e4relleen.<\/p>\n<blockquote class=\"citation\">\n<p>\u201d<\/p>\n<p>Olemme kaikki tottuneet siihen, ett\u00e4 v\u00e4lill\u00e4 isk\u00e4 vaan on tollanen.<\/p>\n<\/blockquote>\n<p class=\"article-body mb-nof-24 px-nof-16\">Parhaimmillaan Annaloiden perhe-el\u00e4m\u00e4 on l\u00e4mp\u00f6\u00e4 ja iloa: naurua, kitaransoittoa, lautapelej\u00e4 ja leffailtoja.<\/p>\n<p class=\"article-body mb-nof-24 px-nof-16\">Pahimmillaan se on Markon temperamentin kuohahtelua. N\u00e4lk\u00e4kiukkua ja impulsiivisia tempauksia. Stressi\u00e4 ja synkki\u00e4 kausia.<\/p>\n<p class=\"article-body mb-nof-24 px-nof-16\">\u2013 Olen oppinut, ett\u00e4 verensokeri pit\u00e4\u00e4 saada \u00e4kki\u00e4 yl\u00f6s, kun alkaa harmittaa. Muuten olen l\u00e4heisilleni aika raskasta seuraa, Marko tunnustaa.<\/p>\n<p class=\"article-body mb-nof-24 px-nof-16\">Iitaa toisen vaihtelevat tuulet eiv\u00e4t pelota.<\/p>\n<p class=\"article-body mb-nof-24 px-nof-16\">\u2013 Olemme kaikki tottuneet siihen, ett\u00e4 v\u00e4lill\u00e4 isk\u00e4 vaan on tollanen.<\/p>\n<p><img decoding=\"async\" src=\"https:\/\/www.europesays.com\/fi\/wp-content\/uploads\/2025\/09\/1758437768_49_468.jpg\" alt=\"Marko Annala kokee olevansa aika erilainen is\u00e4 kuin oma, 40-luvulla syntynyt is\u00e4ns\u00e4 aikanaan. \u201dIs\u00e4ni teki v\u00e4sytt\u00e4v\u00e4\u00e4 kolmivuoroty\u00f6t\u00e4. H\u00e4nen isyytens\u00e4 puhkesi kukkaan kes\u00e4lomareissuilla, jolloin kiersimme autolla Eurooppaa ja leirint\u00e4alueita. Niist\u00e4 on j\u00e4\u00e4nyt kultaisia muistoja.\u201d\" class=\"_Img_tdqg8_1\" style=\"aspect-ratio:1.3333333333333333\" loading=\"eager\"\/><\/p>\n<p class=\"article-picture-caption\">Marko Annala kokee olevansa aika erilainen is\u00e4 kuin oma, 40-luvulla syntynyt is\u00e4ns\u00e4 aikanaan. \u201dIs\u00e4ni teki v\u00e4sytt\u00e4v\u00e4\u00e4 kolmivuoroty\u00f6t\u00e4. H\u00e4nen isyytens\u00e4 puhkesi kukkaan kes\u00e4lomareissuilla, jolloin kiersimme autolla Eurooppaa ja leirint\u00e4alueita. Niist\u00e4 on j\u00e4\u00e4nyt kultaisia muistoja.\u201d Kuva:\u00a0Panu P\u00e4lvi\u00e4<\/p>\n<p>Aallonpohjia<\/p>\n<p class=\"article-body mb-nof-24 px-nof-16\">Kun Iita ja h\u00e4nt\u00e4 pari vuotta nuorempi pikkuveli olivat pieni\u00e4, Marko teki kaikkensa suojellakseen lapsiaan masennuskausiensa todistamiselta.<\/p>\n<p class=\"article-body mb-nof-24 px-nof-16\">Synkkiin vesiin vajotessaan h\u00e4n sulkeutui mielell\u00e4\u00e4n kodista erilliselle ty\u00f6huoneelleen, jonne puoliso Inga kiikutti h\u00e4nelle voileipi\u00e4 hengen pitimiksi.<\/p>\n<p class=\"article-body mb-nof-24 px-nof-16\">\u2013 Pienemp\u00e4n\u00e4 en tajunnut, miten rajuja is\u00e4n masennuskaudet pahimmillaan olivat. Kotona h\u00e4nen vaihtuvat tunnetilansa n\u00e4ytt\u00e4ytyiv\u00e4t l\u00e4hinn\u00e4 \u00e4k\u00e4isyyten\u00e4 ja v\u00e4symyksen\u00e4. Joskus is\u00e4 nukkui p\u00e4ikk\u00e4reit\u00e4, kun tulin koulusta. Toisinaan taas makoili lattialla, Iita muistelee.<\/p>\n<p class=\"article-body mb-nof-24 px-nof-16\">\u2013 Tyypillisesti aallonpohjani linkittyv\u00e4t koviin henkisiin ponnistuksiin, vaikkapa pitkiin studiosessioihin. Synk\u00e4t kauteni kest\u00e4v\u00e4t p\u00e4ivi\u00e4, eiv\u00e4t onneksi viikkoja tai kuukausia, Marko sanoo.<\/p>\n<p class=\"article-body mb-nof-24 px-nof-16\">\u2013 Nyt on jo pitk\u00e4\u00e4n ollut hyv\u00e4 vaihe. En ole terapian tarpeessa enk\u00e4 masentunut, h\u00e4n painottaa.<\/p>\n<blockquote class=\"citation\">\n<p>\u201d<\/p>\n<p>En tied\u00e4, millainen tyyppi olisin ilman lapsuuden ik\u00e4vi\u00e4 kokemuksia.<\/p>\n<\/blockquote>\n<p class=\"article-body mb-nof-24 px-nof-16\">Silti Marko tunnistaa itsess\u00e4\u00e4n tietyn alakulon, ahdistuneen perusvireen, joka ei v\u00e4isty. Tumma tapa katsoa maailmaa on Markon mielest\u00e4 olennaista my\u00f6s h\u00e4nen taiteilijuudessaan. Kenties se alkoi jo kouluajoista, vuosista, jolloin Markoa koulukiusattiin.<\/p>\n<p class=\"article-body mb-nof-24 px-nof-16\">Voi my\u00f6s olla, ett\u00e4 ahdistuneisuus yksinkertaisesti on h\u00e4nen ihmisyytens\u00e4 ydint\u00e4.<\/p>\n<p class=\"article-body mb-nof-24 px-nof-16\">\u2013 En tied\u00e4, millainen tyyppi olisin ilman lapsuuden ik\u00e4vi\u00e4 kokemuksia. Ehken olisi taiteilija, mutta kenties olisin onnellisempi ihminen. Alakulo on asia, jonka kanssa minun on ollut pakko vain opetella el\u00e4m\u00e4\u00e4n.<\/p>\n<p class=\"article-body mb-nof-24 px-nof-16\">\u2013 Ajattelen, ett\u00e4 taipumus masentua on enemm\u00e4n ominaisuus kuin sairaus.<\/p>\n<p>Kauhua rannalla<\/p>\n<p class=\"article-body mb-nof-24 px-nof-16\">Kasvattajana Marko ei ole halunnut siirt\u00e4\u00e4 omia pelkojaan lapsilleen.<\/p>\n<p class=\"article-body mb-nof-24 px-nof-16\">Nuoresta asti h\u00e4n on pel\u00e4nnyt esimerkiksi koiria \u2013 ja luonnonvesi\u00e4, mutapohjia ja rantakaislikoita.<\/p>\n<blockquote class=\"citation\">\n<p>\u201d<\/p>\n<p>En pienen\u00e4 yht\u00e4\u00e4n tajunnut, kuinka paljon isk\u00e4\u00e4 pelotti.<\/p>\n<\/blockquote>\n<p class=\"article-body mb-nof-24 px-nof-16\">\u2013 Muistan, kuinka opetin lapsia uimaan j\u00e4rvenrannalla. Tai taputtelin kaverin koiraa muina miehin\u00e4. J\u00e4rjet\u00f6n pelko t\u00e4risti minua sis\u00e4lt\u00e4, mutten halunnut n\u00e4ytt\u00e4\u00e4 tuntemusta lapsilleni, Marko muistaa.<\/p>\n<p class=\"article-body mb-nof-24 px-nof-16\">\u2013 En pienen\u00e4 yht\u00e4\u00e4n tajunnut, kuinka paljon isk\u00e4\u00e4 pelotti noissa tilanteissa, Iita sanoo.<\/p>\n<p class=\"article-body mb-nof-24 px-nof-16\">Nyt, kun tyt\u00e4r on jo l\u00e4hes t\u00e4ysi-ik\u00e4inen, syyt\u00e4 peitell\u00e4 vaikeitakaan asioita ei en\u00e4\u00e4 ole.<\/p>\n<p class=\"article-body mb-nof-24 px-nof-16\">Iita hyv\u00e4ksyy ja ymm\u00e4rt\u00e4\u00e4 is\u00e4ss\u00e4\u00e4n kaikki puolet. Niin samankaltaisia ihmisi\u00e4 kuin nuorempi ja vanhempi Annala ovatkin, Markon taipumusta ahdistuneisuuteen tyt\u00e4r ei itsess\u00e4\u00e4n tunnista.<\/p>\n<p class=\"article-body mb-nof-24 px-nof-16\">\u2013 Toki minullakin on yksi fobia \u2013 pelk\u00e4\u00e4n hy\u00f6nteisi\u00e4, Iita huomaa.<\/p>\n<p class=\"article-body mb-nof-24 px-nof-16\">\u2013 Tuon olet kyll\u00e4 kehitt\u00e4nyt ihan itse, Marko sanoo ja naurahtaa.<\/p>\n<p class=\"article-body mb-nof-24 px-nof-16\">Yksi suuri tasapainoisen perhe-el\u00e4m\u00e4n mahdollistaja on Markon mielest\u00e4 se, ettei h\u00e4nell\u00e4 oikeastaan koskaan ole ollut kiinnostusta p\u00e4ihteisiin.<\/p>\n<p class=\"article-body mb-nof-24 px-nof-16\">\u2013 Tajusin ja nuorena, ettei alkoholi sovi minulle. 17\u201318 -vuotiaana oli lyhyt kausi, jolloin kokeilin juomista. Minusta ei tullut iloista seuraveikkoa, p\u00e4invastoin \u2013 luonteeni pahimmat piirteet nousivat esiin, Marko muistelee.<\/p>\n<p class=\"article-body mb-nof-24 px-nof-16\">\u2013 Ymm\u00e4rsin, ett\u00e4 jos jatkaisin, minusta tulisi helposti ongelmak\u00e4ytt\u00e4j\u00e4. Siit\u00e4 pit\u00e4en olen pysynyt kaukana p\u00e4ihteist\u00e4 ja hyv\u00e4 niin \u2013 Iitallekin olen varmasti antanut hyv\u00e4\u00e4 esimerkki\u00e4 t\u00e4ss\u00e4 asiassa.<\/p>\n<p class=\"article-body mb-nof-24 px-nof-16\">\u2013 On mahtavaa, ett\u00e4 muusikkopiireiss\u00e4 alkoholin kanssa l\u00e4tr\u00e4\u00e4minen on ylip\u00e4\u00e4t\u00e4\u00e4n koko ajan v\u00e4hentynyt.<\/p>\n<p><img decoding=\"async\" src=\"https:\/\/www.europesays.com\/fi\/wp-content\/uploads\/2025\/09\/1758437768_168_468.jpg\" alt=\"\u00c4itins\u00e4 Inga Maggan puolelta Iita Annala on osin saamelainen. Suvun juuret ovat kaukana pohjoisessa, Kutturassa. \u201dMinusta on siisti\u00e4 olla saamelainen, meit\u00e4 on maailmassa niin v\u00e4h\u00e4n\u201d, Iita sanoo.\" class=\"_Img_tdqg8_1\" style=\"aspect-ratio:1.5\" loading=\"eager\"\/><\/p>\n<p class=\"article-picture-caption\">\u00c4itins\u00e4 Inga Maggan puolelta Iita Annala on osin saamelainen. Suvun juuret ovat kaukana pohjoisessa, Kutturassa. \u201dMinusta on siisti\u00e4 olla saamelainen, meit\u00e4 on maailmassa niin v\u00e4h\u00e4n\u201d, Iita sanoo. Kuva:\u00a0Panu P\u00e4lvi\u00e4<\/p>\n<p>Pitki\u00e4 suhteita<\/p>\n<p class=\"article-body mb-nof-24 px-nof-16\">Annaloiden kerrostalo\u00adasunnon ovi Tampereella k\u00e4y jatkuvasti. Sek\u00e4 Iitan ett\u00e4 h\u00e4nen 15-vuotiaan pikkuveljens\u00e4 kaverit viihtyv\u00e4t rennossa kodissa, jossa on yleens\u00e4 aina aikuisia paikalla eik\u00e4 lupaa kurkistaa j\u00e4\u00e4kaappiin tarvitse erikseen pyyt\u00e4\u00e4.<\/p>\n<p class=\"article-body mb-nof-24 px-nof-16\">\u2013 Minua saa aina kotona ollessani h\u00e4irit\u00e4 \u2013 ja h\u00e4irit\u00e4\u00e4nkin. Olen sellainen arki on parasta -henkinen isk\u00e4, Marko sanoo.<\/p>\n<p class=\"article-body mb-nof-24 px-nof-16\">\u2013 Ainoa huono puoli siin\u00e4, kun ovikello soi ja joku lasten kavereista tulee kyl\u00e4\u00e4n, on se, ett\u00e4 paita pit\u00e4\u00e4 laittaa p\u00e4\u00e4lle. Lasteni yst\u00e4v\u00e4t ovat mahtavia tyyppej\u00e4. Meille saa tulla y\u00f6kyl\u00e4\u00e4n koska vain ja ylim\u00e4\u00e4r\u00e4isi\u00e4 lautasia nostetaan p\u00f6yt\u00e4\u00e4n, kun tarve on.<\/p>\n<p class=\"article-body mb-nof-24 px-nof-16\">Iitan poikayst\u00e4vist\u00e4 Markolla ei ole koskaan ollut nokan koputtamista.<\/p>\n<p class=\"article-body mb-nof-24 px-nof-16\">\u2013 Luotan tytt\u00f6ni arvostelukykyyn ihmisten suhteen. Kotoa Iita on saanut mallin pitkiin parisuhteisiin. Min\u00e4 ja Inga olemme olleet yhdess\u00e4 21 vuotta. Sek\u00e4 minun vanhempani ett\u00e4 Ingan vanhemmat ovat my\u00f6s olleet yhdess\u00e4 nuoresta asti, Marko sanoo.<\/p>\n<p class=\"article-body mb-nof-24 px-nof-16\">\u2013 Olen seurustellut nyt vuoden. En muista, ett\u00e4 poikayst\u00e4v\u00e4ni olisi alussakaan j\u00e4nnitt\u00e4nyt isk\u00e4\u00e4 mitenk\u00e4\u00e4n, Iita kertoo.<\/p>\n<p>Suurisyd\u00e4minen isk\u00e4<\/p>\n<p class=\"article-body mb-nof-24 px-nof-16\">Marko Annala haluaa taiteilijana tarjota lohtua ja toivoa musiikkinsa kuulijoille ja kirjojensa lukijoille. <\/p>\n<p class=\"article-body mb-nof-24 px-nof-16\">\u2013 Minulle isyys tarkoittaa my\u00f6s sit\u00e4, ett\u00e4 muillekin nuorille kuin vain omille lapsille n\u00e4ytet\u00e4\u00e4n l\u00e4mp\u00f6\u00e4 ja v\u00e4litt\u00e4mist\u00e4.<\/p>\n<p class=\"article-body mb-nof-24 px-nof-16\">Lempeys ulottuu my\u00f6s muihin kuin ihmisiin.<\/p>\n<p class=\"article-body mb-nof-24 px-nof-16\">\u2013 Luonnossa liikkuessa saatan joskus kirjaimellisesti halailla puita.<\/p>\n<p class=\"article-body mb-nof-24 px-nof-16\">Kaikki eiv\u00e4t arvaa, ett\u00e4 mustiin pukeutuvan hevimiehen pinnan alla sykkii suuri syd\u00e4n.<\/p>\n<p class=\"article-body mb-nof-24 px-nof-16\">\u2013 Pari vuotta sitten olin mukana Mokoman kiertueella Japanissa. Siell\u00e4 jotkut paikalliset v\u00e4h\u00e4n kavahtivat b\u00e4ndin j\u00e4senten olemusta. Muistan, kuinka keikan j\u00e4lkeen koetimme p\u00e4\u00e4st\u00e4 porukalla pariinkin kahvilaan mutta eteen ly\u00f6tiin k\u00e4tt\u00e4: closed, Iita muistelee.<\/p>\n<p class=\"article-body mb-nof-24 px-nof-16\">\u2013 Niin k\u00e4vi, vaikka samaiset kahvilat mainostivat olevansa auki 24\/7, ja niiss\u00e4 istui ihmisi\u00e4.<\/p>\n<p class=\"article-body mb-nof-24 px-nof-16\">Japanin-reissu oli is\u00e4lle ja tytt\u00e4relle muutenkin ikimuistoinen kokemus. <\/p>\n<p class=\"article-body mb-nof-24 px-nof-16\">\u2013 Jo 15-vuotiaana Iita oli loistava matkakumppani. Vastuuntuntoinen, fiksu ja p\u00e4rj\u00e4\u00e4v\u00e4, Marko sanoo.<\/p>\n<p>Yll\u00e4tys jouluna<\/p>\n<p class=\"article-body mb-nof-24 px-nof-16\">Jouluna 2021 Annalan perheen joululahjojen joukossa piili yll\u00e4tys. Ultrakuva tulevasta perheenj\u00e4senest\u00e4.<\/p>\n<p class=\"article-body mb-nof-24 px-nof-16\">Teinit \u2013 Iita ja pari vuotta nuorempi pikkuveli \u2013 py\u00f6ritteliv\u00e4t kuvia k\u00e4siss\u00e4\u00e4n ymm\u00e4rt\u00e4m\u00e4tt\u00e4 heti, mist\u00e4 on kyse. Kun totuus valkeni, pikkuveli hyv\u00e4ksyi uutisen mukisematta.<\/p>\n<blockquote class=\"citation\">\n<p>\u201d<\/p>\n<p>Iitan ilme oli tosi hurja.<\/p>\n<\/blockquote>\n<p class=\"article-body mb-nof-24 px-nof-16\">Iita ei.<\/p>\n<p class=\"article-body mb-nof-24 px-nof-16\">\u2013 Ensireaktioni pikkusisaruksen tuloon oli: en halua! Aloin itke\u00e4, Iita muistelee.<\/p>\n<p class=\"article-body mb-nof-24 px-nof-16\">\u2013 Iitan ilme siin\u00e4 tilanteessa oli tosi hurja. Min\u00e4 ja vaimo olimme reaktiosta v\u00e4h\u00e4n h\u00e4mmentyneit\u00e4: ett\u00e4 ei t\u00e4t\u00e4 voi palauttaa, Marko vahvistaa.<\/p>\n<p class=\"article-body mb-nof-24 px-nof-16\">Sittemmin tilanne on kuitenkin rauhoittunut. Nyky\u00e4\u00e4n Iita on kolmivuotiaan kuopuksen suurin idoli.<\/p>\n<p class=\"article-body mb-nof-24 px-nof-16\">\u2013 Alussa en osannut n\u00e4hd\u00e4, milt\u00e4 muutos n\u00e4ytt\u00e4\u00e4. Olin ennakkoluuloinen. Nyky\u00e4\u00e4n tykk\u00e4\u00e4n leikki\u00e4 siskon kanssa ja hoitaakin h\u00e4nt\u00e4, Iita sanoo.<\/p>\n<p class=\"article-body mb-nof-24 px-nof-16\">\u2013 Minusta iltat\u00e4hden syntym\u00e4 on tehnyt perhedynamiikallemme oikein hyv\u00e4\u00e4. Kuopus oli pitk\u00e4\u00e4n mietitty ja suunniteltu, ei mik\u00e4\u00e4n hetken mielijohde, Marko sanoo ja nauraa.<\/p>\n<p class=\"article-body mb-nof-24 px-nof-16\">\u2013 Pikkuinen kyselee Iitan per\u00e4\u00e4n aina.<\/p>\n<p class=\"article-body mb-nof-24 px-nof-16\">Tulevaisuuden suhteen Markolla ja Iitalla on paljon yhteisi\u00e4 taiteellisia suunnitelmia. <\/p>\n<p class=\"article-body mb-nof-24 px-nof-16\">Tytt\u00e4relleen Marko Annala toivoo parasta mahdollista el\u00e4m\u00e4\u00e4.<\/p>\n<p class=\"article-body mb-nof-24 px-nof-16\">\u2013 Toivon, ettei Iitaa haittaa minun tekemisteni varjo: ett\u00e4 h\u00e4n luo itselleen oman n\u00e4k\u00f6isen tavan olla ja tehd\u00e4 t\u00f6it\u00e4.<\/p>\n<p class=\"article-body mb-nof-24 px-nof-16\">\u2013 Seuraava sukupolvi saa mielell\u00e4\u00e4n ottaa soihdun ja menn\u00e4 vauhdilla ohi.<\/p>\n<p>Marko Annala<\/p>\n<p class=\"article-body mb-nof-24 px-nof-16\">Vuonna 1972 syntynyt muusikko, kirjailija ja Mokoma-yhtyeen perustaja sek\u00e4 laulaja. Saanut 12 kulta- ja platinalevy\u00e4. Esikoisromaani V\u00e4rityskirja voitti Tiiliskivi-palkinnon 2017. Asuu kerrostalossa Tampereella puolisonsa Inga Maggan sek\u00e4 kolmen lapsensa kanssa.<\/p>\n<p>Iita Annala<\/p>\n<p class=\"article-body mb-nof-24 px-nof-16\">Vuonna 2007 syntynyt kuvittaja ja ammattikoululainen. Opiskelee kolmatta vuotta graafista suunnittelua Ikaalisten k\u00e4si- ja taideteollisuusoppilaitoksessa. Tehnyt kuvituksen is\u00e4ns\u00e4 tuoreeseen romaaniin Ylva (Like) yhdess\u00e4 kuvataiteilija Petri Ala-Maunuksen kanssa.<\/p>\n","protected":false},"excerpt":{"rendered":"Mustiin pukeutunut, lippisp\u00e4inen mies kulkee metrien p\u00e4\u00e4st\u00e4 kahvilan p\u00f6yd\u00e4n ohi. K\u00e4denheilautusta seuraa iloinen huudahdus. \u2013\u2009Tunnistin m\u00f6sj\u00f6\u00f6n! Olen kuunnellut&hellip;\n","protected":false},"author":2,"featured_media":41036,"comment_status":"","ping_status":"","sticky":false,"template":"","format":"standard","meta":{"footnotes":""},"categories":[136],"tags":[407,137,33,31,30,34,408,32,109],"class_list":{"0":"post-41035","1":"post","2":"type-post","3":"status-publish","4":"format-standard","5":"has-post-thumbnail","7":"category-julkkikset","8":"tag-celebrities","9":"tag-entertainment","10":"tag-fi","11":"tag-finland","12":"tag-finnish","13":"tag-ilta-sanomat","14":"tag-julkkikset","15":"tag-suomi","16":"tag-viihde"},"share_on_mastodon":{"url":"","error":""},"_links":{"self":[{"href":"https:\/\/www.europesays.com\/fi\/wp-json\/wp\/v2\/posts\/41035","targetHints":{"allow":["GET"]}}],"collection":[{"href":"https:\/\/www.europesays.com\/fi\/wp-json\/wp\/v2\/posts"}],"about":[{"href":"https:\/\/www.europesays.com\/fi\/wp-json\/wp\/v2\/types\/post"}],"author":[{"embeddable":true,"href":"https:\/\/www.europesays.com\/fi\/wp-json\/wp\/v2\/users\/2"}],"replies":[{"embeddable":true,"href":"https:\/\/www.europesays.com\/fi\/wp-json\/wp\/v2\/comments?post=41035"}],"version-history":[{"count":0,"href":"https:\/\/www.europesays.com\/fi\/wp-json\/wp\/v2\/posts\/41035\/revisions"}],"wp:featuredmedia":[{"embeddable":true,"href":"https:\/\/www.europesays.com\/fi\/wp-json\/wp\/v2\/media\/41036"}],"wp:attachment":[{"href":"https:\/\/www.europesays.com\/fi\/wp-json\/wp\/v2\/media?parent=41035"}],"wp:term":[{"taxonomy":"category","embeddable":true,"href":"https:\/\/www.europesays.com\/fi\/wp-json\/wp\/v2\/categories?post=41035"},{"taxonomy":"post_tag","embeddable":true,"href":"https:\/\/www.europesays.com\/fi\/wp-json\/wp\/v2\/tags?post=41035"}],"curies":[{"name":"wp","href":"https:\/\/api.w.org\/{rel}","templated":true}]}}