{"id":41039,"date":"2025-09-21T06:59:08","date_gmt":"2025-09-21T06:59:08","guid":{"rendered":"https:\/\/www.europesays.com\/fi\/41039\/"},"modified":"2025-09-21T06:59:08","modified_gmt":"2025-09-21T06:59:08","slug":"illalla-tvssa-pierce-brosnan-ei-saastellyt-sanojaan-suoraa-kritiikkia-daniel-craigin-bondista","status":"publish","type":"post","link":"https:\/\/www.europesays.com\/fi\/41039\/","title":{"rendered":"Illalla tv:ss\u00e4: Pierce Brosnan ei s\u00e4\u00e4stellyt sanojaan \u2013 suoraa kritiikki\u00e4 Daniel Craigin Bondista"},"content":{"rendered":"<p>Illan tv-tarjonnassa on 007-elokuva Spectre (2015). <strong>Daniel Craig<\/strong> my\u00f6nsi aikoinaan, ett\u00e4 rooliin valmistautuminen k\u00e4vi entist\u00e4 raskaammaksi \u2013 h\u00e4n oli tuolloin 47-vuotias.<\/p>\n<p>Bond j\u00e4ljitt\u00e4\u00e4 salaper\u00e4ist\u00e4 Spectre-j\u00e4rjest\u00f6\u00e4 ja huomaa sen kytkeytyv\u00e4n omaan menneisyyteens\u00e4. Samaan aikaan Britannian tiedustelupalvelua uudistetaan, ja Bondin uusi esimies luottaa enemm\u00e4n globaaliin valvontaverkkoon kuin kent\u00e4ll\u00e4 toimiviin agenteihin.<\/p>\n<p>N\u00e4yttelij\u00f6in\u00e4 n\u00e4hd\u00e4\u00e4n Craig, <strong>Christoph Waltz<\/strong>, <strong>L\u00e9a Seydoux<\/strong>, <strong>Ralph Fiennes<\/strong> sek\u00e4 <strong>Monica Bellucci<\/strong>. Ohjaajana toimii <strong>Sam Mendes<\/strong>.<\/p>\n<p>Episodin nelj\u00e4n t\u00e4hden <a href=\"https:\/\/www.episodi.fi\/elokuvat\/007-spectre\/\" target=\"_blank\" rel=\"noreferrer noopener nofollow\">arvostelussa<\/a> kirjoitettiin seuraavasti:<\/p>\n<p>\u201d007 Spectre\u00a0on nelj\u00e4s uusi Bond-seikkailu. Se ei ole yht\u00e4 hyv\u00e4 kuin\u00a0Casino Royale, mutta huomattavasti parempi kuin pienimuotoinen pettymys\u00a0Quantum of Solace\u00a0(2008). Ohjaaja\u00a0<strong>Sam Mendes<\/strong>\u00a0on pit\u00e4nyt tasonsa, ja\u00a0Spectre\u00a0on looginen jatkumo edelliselle Bondille, vuoden\u00a0007 Skyfallille, jonka h\u00e4n my\u00f6s ohjasi.\u201d<\/p>\n<p><img loading=\"lazy\" height=\"1250\" width=\"1798\" class=\"wp-image-135236 sp-no-webp perfmatters-lazy\" alt=\"\" decoding=\"async\" src=\"https:\/\/www.europesays.com\/fi\/wp-content\/uploads\/2025\/09\/nayttokuva-2022-1-31-kello-114531.png\"  data-\/> Ralph Fiennes elokuvassa Spectre (2015).<\/p>\n<p>Irlantilainen n\u00e4yttelij\u00e4 <strong>Pierce Brosnan<\/strong>, joka n\u00e4ytteli nelj\u00e4ss\u00e4 Bond-filmiss\u00e4 vuosina 1995 \u2013 2002, sanoi aikoinaan odottaneensa innolla n\u00e4kev\u00e4ns\u00e4 Spectren, mutta l\u00f6ysi siit\u00e4 my\u00f6s kritisoitavaa.<\/p>\n<p>\u2013 Minusta se oli liian pitk\u00e4. Tarina oli v\u00e4h\u00e4n heikko \u2013 sit\u00e4 olisi voinut tiivist\u00e4\u00e4. Se vain jatkui liian pitk\u00e4\u00e4n. N\u00e4in se vain oli, Brosnan kritisoi.<\/p>\n<p>Brosnan ihmetteli my\u00f6s tyyli\u00e4 ottaa vaikutteita Bourne-elokuvista, sek\u00e4 kehaisi Daniel Craigia.<\/p>\n<p>\u2013 Se ei ole lintu eik\u00e4 kala.\u00a0Se ei ole Bond eik\u00e4 Bourne. Olenko nyt Bond-elokuvassa? En ole?<\/p>\n<p>\u2013 Daniel todella, n\u00e4in nelj\u00e4nnell\u00e4 kerralla, omisti elokuvan. H\u00e4ness\u00e4 oli mukavaa rentoutta.<\/p>\n<p>Brosnan kuvaili viel\u00e4 Craigin olleen niin hyv\u00e4, ett\u00e4 jos seuraavaan leffaan saadaan vain tiivistetympi tarina, niin h\u00e4nell\u00e4 on taas klassikko k\u00e4siss\u00e4\u00e4n.<\/p>\n<p>Elokuvan kriitikkomittari Rotten Tomatoesissa on luvussa 63. Alla traileri.<\/p>\n<p>Tulevat l\u00e4hetykset:<\/p>\n<ul class=\"wp-block-list\">\n<li>Su 21.9.2025 klo 21.00 \u00b7 Nelonen<\/li>\n<\/ul>\n<p>Lue my\u00f6s: <a href=\"https:\/\/www.episodi.fi\/uutiset\/nyt-suoratoistona-bond-tahti-loistaa-tosipohjaisessa-sotaelokuvassa-kuvattiin-lahella-aitoa-tapahtumapaikkaa\/\" title=\"Nyt suoratoistona: Bond-t\u00e4hti loistaa tosipohjaisessa sotaelokuvassa \u2013 kuvattiin l\u00e4hell\u00e4 aitoa tapahtumapaikkaa\" class=\"underline-custom !font-montserrat !font-bold !underline-offset-4 !decoration-4 !decoration-episodi-blue !text-md\" rel=\"nofollow noopener\" target=\"_blank\">Nyt suoratoistona: Bond-t\u00e4hti loistaa tosipohjaisessa sotaelokuvassa \u2013 kuvattiin l\u00e4hell\u00e4 aitoa tapahtumapaikkaa<\/a><\/p>\n<p>Lue my\u00f6s: <a href=\"https:\/\/www.episodi.fi\/uutiset\/243722\/\" title=\"Katsojat \u00e4\u00e4nestiv\u00e4t illan elokuvaa \u2013 Daniel Craigin 007-leffa on paras kautta aikojen\" class=\"underline-custom !font-montserrat !font-bold !underline-offset-4 !decoration-4 !decoration-episodi-blue !text-md\" rel=\"nofollow noopener\" target=\"_blank\">Katsojat \u00e4\u00e4nestiv\u00e4t illan elokuvaa \u2013 Daniel Craigin 007-leffa on paras kautta aikojen<\/a><\/p>\n<p>Lue my\u00f6s: <a href=\"https:\/\/www.episodi.fi\/uutiset\/daniel-craig-selvittelee-taas-murhaa-katso-knives-out-3ntraileri\/\" title=\"Daniel Craig selvittelee taas murhaa \u2013 katso Knives Out 3:n traileri\" class=\"underline-custom !font-montserrat !font-bold !underline-offset-4 !decoration-4 !decoration-episodi-blue !text-md\" rel=\"nofollow noopener\" target=\"_blank\">Daniel Craig selvittelee taas murhaa \u2013 katso Knives Out 3:n traileri<\/a><\/p>\n<p>Lue my\u00f6s: <a href=\"https:\/\/www.episodi.fi\/uutiset\/murha-seurakunnassa-daniel-craigin-seuraava-veitset-esiin-mysteerielokuva-sai-trailerin\/\" title=\"Murha seurakunnassa \u2013 Daniel Craigin seuraava Veitset esiin -mysteerielokuva sai trailerin\" class=\"underline-custom !font-montserrat !font-bold !underline-offset-4 !decoration-4 !decoration-episodi-blue !text-md\" rel=\"nofollow noopener\" target=\"_blank\">Murha seurakunnassa \u2013 Daniel Craigin seuraava Veitset esiin -mysteerielokuva sai trailerin<\/a><\/p>\n<p><img loading=\"lazy\" decoding=\"async\" alt=\"YouTube video\" width=\"480\" height=\"360\" data-pin-nopin=\"true\" nopin=\"nopin\" class=\"perfmatters-lazy\" src=\"https:\/\/www.europesays.com\/fi\/wp-content\/uploads\/2025\/09\/1758437948_452_hqdefault.jpg\"\/><\/p>\n<p>L\u00e4hde: <a href=\"https:\/\/www.yahoo.com\/tv\/s\/pierce-brosnan-criticizes-spectre-recommendation-003000252.html\" target=\"_blank\" rel=\"noreferrer noopener nofollow\">Yahoo!<\/a><\/p>\n<p>Lue my\u00f6s: <a href=\"https:\/\/www.episodi.fi\/uutiskirje\/?uutiskirjemainos=tekstilinkkimainos\" title=\"Tilaa Episodin uutiskirje ja voit voittaa leffalippuja! Nappaa tv-vinkit suoraan s\u00e4hk\u00f6postiin t\u00e4st\u00e4.\" class=\"underline-custom !font-montserrat !font-bold !underline-offset-4 !decoration-4 !decoration-episodi-blue !text-md\" rel=\"nofollow noopener\" target=\"_blank\">Tilaa Episodin uutiskirje ja voit voittaa leffalippuja! Nappaa katseluvinkit suoraan s\u00e4hk\u00f6postiin t\u00e4st\u00e4.<\/a><\/p>\n","protected":false},"excerpt":{"rendered":"Illan tv-tarjonnassa on 007-elokuva Spectre (2015). Daniel Craig my\u00f6nsi aikoinaan, ett\u00e4 rooliin valmistautuminen k\u00e4vi entist\u00e4 raskaammaksi \u2013 h\u00e4n&hellip;\n","protected":false},"author":2,"featured_media":41040,"comment_status":"","ping_status":"","sticky":false,"template":"","format":"standard","meta":{"footnotes":""},"categories":[133],"tags":[137,33,31,30,32,206,139,156,109],"class_list":{"0":"post-41039","1":"post","2":"type-post","3":"status-publish","4":"format-standard","5":"has-post-thumbnail","7":"category-televisiot","8":"tag-entertainment","9":"tag-fi","10":"tag-finland","11":"tag-finnish","12":"tag-suomi","13":"tag-televisiot","14":"tag-tv-ohjelmat","15":"tag-tv","16":"tag-viihde"},"share_on_mastodon":{"url":"","error":""},"_links":{"self":[{"href":"https:\/\/www.europesays.com\/fi\/wp-json\/wp\/v2\/posts\/41039","targetHints":{"allow":["GET"]}}],"collection":[{"href":"https:\/\/www.europesays.com\/fi\/wp-json\/wp\/v2\/posts"}],"about":[{"href":"https:\/\/www.europesays.com\/fi\/wp-json\/wp\/v2\/types\/post"}],"author":[{"embeddable":true,"href":"https:\/\/www.europesays.com\/fi\/wp-json\/wp\/v2\/users\/2"}],"replies":[{"embeddable":true,"href":"https:\/\/www.europesays.com\/fi\/wp-json\/wp\/v2\/comments?post=41039"}],"version-history":[{"count":0,"href":"https:\/\/www.europesays.com\/fi\/wp-json\/wp\/v2\/posts\/41039\/revisions"}],"wp:featuredmedia":[{"embeddable":true,"href":"https:\/\/www.europesays.com\/fi\/wp-json\/wp\/v2\/media\/41040"}],"wp:attachment":[{"href":"https:\/\/www.europesays.com\/fi\/wp-json\/wp\/v2\/media?parent=41039"}],"wp:term":[{"taxonomy":"category","embeddable":true,"href":"https:\/\/www.europesays.com\/fi\/wp-json\/wp\/v2\/categories?post=41039"},{"taxonomy":"post_tag","embeddable":true,"href":"https:\/\/www.europesays.com\/fi\/wp-json\/wp\/v2\/tags?post=41039"}],"curies":[{"name":"wp","href":"https:\/\/api.w.org\/{rel}","templated":true}]}}