{"id":41041,"date":"2025-09-21T07:03:08","date_gmt":"2025-09-21T07:03:08","guid":{"rendered":"https:\/\/www.europesays.com\/fi\/41041\/"},"modified":"2025-09-21T07:03:08","modified_gmt":"2025-09-21T07:03:08","slug":"theo-kolehmainen-poistui-ensi-kertaa-ulos-tappionsa-jalkeen-nuorten-huuto-jai-mieleen-mietin-vain-etta-voi-vit","status":"publish","type":"post","link":"https:\/\/www.europesays.com\/fi\/41041\/","title":{"rendered":"Theo Kolehmainen poistui ensi kertaa ulos tappionsa j\u00e4lkeen \u2013 nuorten huuto j\u00e4i mieleen: \u201dMietin vain, ett\u00e4 voi vit&#8230;\u201d"},"content":{"rendered":"<p>Suursuosioon noussut Theo Kolehmainen on otellut heti ensimm\u00e4iset ammattilaisottelunsa valtavilla estradeilla.<\/p>\n<p>Theo Kolehmainen v\u00e4ltteli tappionsa j\u00e4lkeen sosiaalista mediaa.<\/p>\n<p class=\"article-body mb-nof-24 px-nof-16\">\u2013 Vaikka me saatiin luotua kunnon show, h\u00e4vett\u00e4\u00e4 ihan vitusti. Oli vitun noloo mun mielest\u00e4.<\/p>\n<p class=\"article-body mb-nof-24 px-nof-16\"><a class=\"article-personlink\" href=\"https:\/\/www.is.fi\/haku\/?query=Theo%20Kolehmaisen\" rel=\"nofollow noopener\" target=\"_blank\">Theo Kolehmaisen<\/a> v\u00e4h\u00e4t sanat Ice Cage 5:n h\u00e4kkihaastattelussa kertoivat kaiken h\u00e4nen tunteistaan.<\/p>\n<p class=\"article-body mb-nof-24 px-nof-16\">Ennenn\u00e4kem\u00e4tt\u00f6m\u00e4n mediahuomion saanut suomalaisen vapaaottelun j\u00e4ttikamppailu p\u00e4\u00e4ttyi 49 sekunnissa, kun UFC-veteraani <a class=\"article-personlink\" href=\"https:\/\/www.is.fi\/haku\/?query=Makwan%20Amirkhani\" rel=\"nofollow noopener\" target=\"_blank\">Makwan Amirkhani<\/a>, 36, peittosi 25-vuotiaan nousukiidossa olevan Kolehmaisen anakondakuristuksella.<\/p>\n<p class=\"article-body mb-nof-24 px-nof-16\">Kolehmainen oli voitonvarma. H\u00e4n oli valmistautunut kuukausien ajan, ja sitten peli oli hetkess\u00e4 pelattu. Ottelu k\u00e4\u00e4ntyi juuri kuten sen ei h\u00e4nen n\u00e4k\u00f6kulmastaan pit\u00e4nyt.<\/p>\n<p><img decoding=\"async\" src=\"https:\/\/www.europesays.com\/fi\/wp-content\/uploads\/2025\/09\/1758438188_511_468.jpg\" alt=\"Theo Kolehmainen harjoittelee Suomen Kamppailuopistolla Espoon Keh\u00e4haiden tiloissa.\" class=\"_Img_tdqg8_1\" style=\"aspect-ratio:1.5\" loading=\"eager\"\/><\/p>\n<p class=\"article-picture-caption\">Theo Kolehmainen harjoittelee Suomen Kamppailuopistolla Espoon Keh\u00e4haiden tiloissa. Kuva:\u00a0Seppo K\u00e4rki \/ IS<\/p>\n<p class=\"article-body mb-nof-24 px-nof-16\">On t\u00e4ysin poikkeuksellista, ett\u00e4 Kolehmainen otteli jo toisessa ammattilaisottelussaan 14 UFC-kamppailun veteraania vastaan liki kymmenentuhannen katsojan edess\u00e4.<\/p>\n<p class=\"article-body mb-nof-24 px-nof-16\">H\u00e4nest\u00e4 on kasvanut iso ja suosittu nimi jo ennen ammattilaisuraansa.<\/p>\n<p class=\"article-body mb-nof-24 px-nof-16\">Mutta kirkkaimmissa mahdollisissa valoissa h\u00e4vi\u00e4minen ei ainakaan helpota, vaikka ottelupalkkiotkin ovat eri luokkaa kuin liikuntasaleissa.<\/p>\n<p class=\"article-body mb-nof-24 px-nof-16\">\u2013 H\u00e4vetti se, ett\u00e4 tiesin monien uskovan minun voittoon, vaikka rehellisyyden nimiss\u00e4 uskonkin, ett\u00e4 suurin osa varmaan ajatteli ettei minulla pit\u00e4isi olla mahdollisuuksia, Kolehmainen sanoo nyt.<\/p>\n<p class=\"article-body mb-nof-24 px-nof-16\">\u2013 Eik\u00e4 paperilla pit\u00e4isik\u00e4\u00e4n. Makwan on niin paljon kokeneempi, ja joku voi mietti\u00e4, ett\u00e4 noin sen pitikin menn\u00e4. Tied\u00e4n kuitenkin itse, ett\u00e4 pystyn voittamaan. Jos ottaisimme t\u00e4n\u00e4\u00e4n uudestaan, uskon, ett\u00e4 pystyisin siihen.<\/p>\n<p><img decoding=\"async\" src=\"https:\/\/www.europesays.com\/fi\/wp-content\/uploads\/2025\/09\/1758438188_755_468.jpg\" alt=\"\" class=\"_Img_tdqg8_1\" style=\"aspect-ratio:1.5\" loading=\"eager\"\/><\/p>\n<p class=\"article-body mb-nof-24 px-nof-16\">Kolehmainen sanoo, ett\u00e4 h\u00e4net on yritetty \u201dtuhat kertaa\u201d saada anakondaan ja kaadettua. H\u00e4n on puolustanut tilanteet harjoituksissa voitokkaasti. Painiin ja Amirkhanin bravuurin anakondakuristuksen v\u00e4ltt\u00e4miseen keskityttiin harjoituksissa joka p\u00e4iv\u00e4 ennen ottelua.<\/p>\n<p class=\"article-body mb-nof-24 px-nof-16\">\u2013 Makwan on tietenkin hyv\u00e4 siin\u00e4 mit\u00e4 h\u00e4n tekee. Tein pienen virheen, ja siit\u00e4 ei ollut en\u00e4\u00e4 poisp\u00e4\u00e4sy\u00e4. Voi n\u00e4ytt\u00e4\u00e4 silt\u00e4, ett\u00e4 minulla ei ollut mit\u00e4\u00e4n asiaa olla samassa h\u00e4kiss\u00e4. Todellisuus on ihan eri. Vapaaottelu on sellaista, Kolehmainen n\u00e4kee.<\/p>\n<p class=\"article-body mb-nof-24 px-nof-16\">Kolehmainen sanoo tiet\u00e4v\u00e4ns\u00e4, ett\u00e4 h\u00e4n on \u201dmiljoona kertaa parempi\u201d kuin mit\u00e4 ihmiset nyt luulevat.<\/p>\n<p class=\"article-body mb-nof-24 px-nof-16\">\u2013 H\u00e4pe\u00e4 ei ehk\u00e4 kuitenkaan sin\u00e4ns\u00e4 ole oikea sana, vaikka tuntui, ett\u00e4 tuotin monille pettymyksen. Eniten siin\u00e4 on sellainen tunne, etten p\u00e4\u00e4ssyt n\u00e4ytt\u00e4m\u00e4\u00e4n, kuinka hyv\u00e4 oikeasti olen. He tiet\u00e4v\u00e4t, joiden kanssa treenaan, Kolehmainen sanoo ottelun aiheuttamasta harmituksesta.<\/p>\n<p><img decoding=\"async\" src=\"https:\/\/www.europesays.com\/fi\/wp-content\/uploads\/2025\/09\/1758438188_528_468.jpg\" alt=\"Kolehmainen odottamassa Makwan Amirkhanin kohtaamista Turun Gatorade-centeriss\u00e4.\" class=\"_Img_tdqg8_1\" style=\"aspect-ratio:1.5011727912431587\" loading=\"eager\"\/><\/p>\n<p class=\"article-picture-caption\">Kolehmainen odottamassa Makwan Amirkhanin kohtaamista Turun Gatorade-centeriss\u00e4. Kuva:\u00a0Tatu Lertola<\/p>\n<p class=\"article-body mb-nof-24 px-nof-16\">Theo \u201dEi leiki\u201d Kolehmainen on lyhyess\u00e4 ajassa noussut uuden polven urheilut\u00e4hdeksi, jonka seuraajam\u00e4\u00e4r\u00e4t esimerkiksi Instagramissa ovat t\u00e4n\u00e4 vuonna r\u00e4j\u00e4ht\u00e4neet. Seuraajia Instagramissa on yli 50 000, Youtube-tilaajia on 24 000.<\/p>\n<p class=\"article-body mb-nof-24 px-nof-16\">T\u00e4n\u00e4 vuonna h\u00e4n on kyennyt el\u00e4tt\u00e4m\u00e4\u00e4n itsens\u00e4 kokonaan ammattiurheilijana. Osa-aikaty\u00f6t varastolla ovat j\u00e4\u00e4neet.<\/p>\n<p class=\"article-body mb-nof-24 px-nof-16\">Kun Kolehmainen oli viime viikon perjantaina katsomassa Kiekko-Espoon ottelua HIFK:n vieraana, h\u00e4n arvioi pys\u00e4htyneens\u00e4 noin kolmeenkymmeneen yhteiskuvaan. Varsinkin nuoriso on tunnistanut h\u00e4net julkisilla paikoilla jo pitk\u00e4\u00e4n.<\/p>\n<p class=\"article-body mb-nof-24 px-nof-16\">Amirkhanille k\u00e4rsityn tappion j\u00e4lkeen Kolehmainen nollasi ajatuksiaan kotonaan.<\/p>\n<p class=\"article-body mb-nof-24 px-nof-16\">\u2013 Lauantain j\u00e4lkeen olin ollut vain himassa ja k\u00e4ynyt l\u00e4hinn\u00e4 kaupassa. Torstaihin menness\u00e4 en ollut niin k\u00e4ynyt ihmisten ilmoilla. Ensimm\u00e4inen asia, kun menin k\u00e4ym\u00e4\u00e4n autollani, oli ett\u00e4 jotkut pojat huusivat, ett\u00e4 \u201dhei Theo, Makwan Amirkhani kuristi sut.\u201d<\/p>\n<p class=\"article-body mb-nof-24 px-nof-16\">\u2013 Mietin vain, ett\u00e4 voi vit&#8230;, t\u00e4mm\u00f6ist\u00e4k\u00f6 t\u00e4m\u00e4 nyt on, Kolehmainen nauraa ja jatkaa, ett\u00e4 pojat kuitenkin huusivat viel\u00e4 per\u00e4\u00e4n, ett\u00e4 \u201ds\u00e4 oot silti Theo parempi\u201d.<\/p>\n<p class=\"article-body mb-nof-24 px-nof-16\">Uran kolmas ammattilaiskohtaaminen on jo sovittu \u2013 oli jo ennen Ice Cage 5:sta. Kolehmainen nousee h\u00e4kkiin taas Turussa, t\u00e4ll\u00e4 kertaa Hamara MMA:n 8. otteluillassa Kupittaan palloiluhallissa.<\/p>\n<p class=\"article-body mb-nof-24 px-nof-16\">Sinne mahtuu mukavat 2500 katsojaa, mutta puitteet ovat kuitenkin pienemm\u00e4t kuin Helsingin j\u00e4\u00e4hallissa tai Gatorade-centeriss\u00e4, joissa Kolehmainen on p\u00e4\u00e4ssyt aloittamaan ammattilaisuransa.<\/p>\n<p class=\"article-body mb-nof-24 px-nof-16\">Kolehmainen sanoo, ett\u00e4 otteluun menness\u00e4 h\u00e4n on joka tapauksessa niin zonessa, ettei yleis\u00f6m\u00e4\u00e4r\u00e4ll\u00e4 ole juuri vaikutusta.<\/p>\n<p class=\"article-body mb-nof-24 px-nof-16\">\u2013 Olen ollut katsomassa Hamaraa pari kertaa. Siell\u00e4 on hyv\u00e4 meininki ja aina ollut hyvi\u00e4 ottelupareja.<\/p>\n","protected":false},"excerpt":{"rendered":"Suursuosioon noussut Theo Kolehmainen on otellut heti ensimm\u00e4iset ammattilaisottelunsa valtavilla estradeilla. Theo Kolehmainen v\u00e4ltteli tappionsa j\u00e4lkeen sosiaalista mediaa.&hellip;\n","protected":false},"author":2,"featured_media":41042,"comment_status":"","ping_status":"","sticky":false,"template":"","format":"standard","meta":{"footnotes":""},"categories":[158],"tags":[33,31,30,34,159,32,160],"class_list":{"0":"post-41041","1":"post","2":"type-post","3":"status-publish","4":"format-standard","5":"has-post-thumbnail","7":"category-urheilu","8":"tag-fi","9":"tag-finland","10":"tag-finnish","11":"tag-ilta-sanomat","12":"tag-sports","13":"tag-suomi","14":"tag-urheilu"},"share_on_mastodon":{"url":"","error":""},"_links":{"self":[{"href":"https:\/\/www.europesays.com\/fi\/wp-json\/wp\/v2\/posts\/41041","targetHints":{"allow":["GET"]}}],"collection":[{"href":"https:\/\/www.europesays.com\/fi\/wp-json\/wp\/v2\/posts"}],"about":[{"href":"https:\/\/www.europesays.com\/fi\/wp-json\/wp\/v2\/types\/post"}],"author":[{"embeddable":true,"href":"https:\/\/www.europesays.com\/fi\/wp-json\/wp\/v2\/users\/2"}],"replies":[{"embeddable":true,"href":"https:\/\/www.europesays.com\/fi\/wp-json\/wp\/v2\/comments?post=41041"}],"version-history":[{"count":0,"href":"https:\/\/www.europesays.com\/fi\/wp-json\/wp\/v2\/posts\/41041\/revisions"}],"wp:featuredmedia":[{"embeddable":true,"href":"https:\/\/www.europesays.com\/fi\/wp-json\/wp\/v2\/media\/41042"}],"wp:attachment":[{"href":"https:\/\/www.europesays.com\/fi\/wp-json\/wp\/v2\/media?parent=41041"}],"wp:term":[{"taxonomy":"category","embeddable":true,"href":"https:\/\/www.europesays.com\/fi\/wp-json\/wp\/v2\/categories?post=41041"},{"taxonomy":"post_tag","embeddable":true,"href":"https:\/\/www.europesays.com\/fi\/wp-json\/wp\/v2\/tags?post=41041"}],"curies":[{"name":"wp","href":"https:\/\/api.w.org\/{rel}","templated":true}]}}