{"id":41045,"date":"2025-09-21T07:08:07","date_gmt":"2025-09-21T07:08:07","guid":{"rendered":"https:\/\/www.europesays.com\/fi\/41045\/"},"modified":"2025-09-21T07:08:07","modified_gmt":"2025-09-21T07:08:07","slug":"jalkapallo-liverpoolin-entinen-paavalmentaja-matt-beard-kuoli-47-vuotiaana","status":"publish","type":"post","link":"https:\/\/www.europesays.com\/fi\/41045\/","title":{"rendered":"Jalkapallo: Liverpoolin entinen p\u00e4\u00e4valmentaja Matt Beard kuoli 47-vuotiaana"},"content":{"rendered":"<p>Liverpool kertoi suru-uutisen my\u00f6h\u00e4\u00e4n perjantai-iltana.<\/p>\n<p class=\"article-body mb-nof-24 px-nof-16\">Liverpoolin naisten joukkueen p\u00e4\u00e4valmentajana aiemmin toiminut <a class=\"article-personlink\" href=\"https:\/\/www.is.fi\/haku\/?query=Matt%20Beard\" rel=\"nofollow noopener\" target=\"_blank\">Matt Beard<\/a> on kuollut 47-vuotiaana.<\/p>\n<p class=\"article-body mb-nof-24 px-nof-16\">Seura kertoi asiasta ja esitti osanottonsa Beardin l\u00e4heisille viestipalvelu X:ss\u00e4 my\u00f6h\u00e4\u00e4n perjantai-iltana. Kuolinsyyt\u00e4 ei kerrota.<\/p>\n<p class=\"article-body mb-nof-24 px-nof-16\">Beard johdatti Liverpoolin kahteen per\u00e4kk\u00e4iseen mestaruuteen vuosina 2013 ja 2014.<\/p>\n<p class=\"article-body mb-nof-24 px-nof-16\">Beard valmensi my\u00f6s Yhdysvalloissa Boston Breakersia ja Englannissa muun muassa West Hamissa ja Bristolissa ennen paluutaan Liverpooliin vuonna 2021. H\u00e4n nosti joukkueen takaisin p\u00e4\u00e4sarjaan ensimm\u00e4isell\u00e4 yrityksell\u00e4.<\/p>\n<p class=\"article-body mb-nof-24 px-nof-16\">Beardin ja Liverpoolin tiet erosivat helmikuussa.<\/p>\n<p class=\"article-body mb-nof-24 px-nof-16\">Englannin naisten p\u00e4\u00e4sarja WSL (Women\u2019s Super League) esitti niin ik\u00e4\u00e4n surunvalittelunsa viestipalvelu X:ss\u00e4.<\/p>\n<p class=\"article-body mb-nof-24 px-nof-16\">\u2013 Matt oli avainroolissa naisten jalkapallon kasvussa. Kaikki lajin kanssa tekemisiss\u00e4 olleet tulevat kaipaamaan h\u00e4nt\u00e4, julkaisussa kirjoitettiin.<\/p>\n","protected":false},"excerpt":{"rendered":"Liverpool kertoi suru-uutisen my\u00f6h\u00e4\u00e4n perjantai-iltana. Liverpoolin naisten joukkueen p\u00e4\u00e4valmentajana aiemmin toiminut Matt Beard on kuollut 47-vuotiaana. Seura kertoi&hellip;\n","protected":false},"author":2,"featured_media":41046,"comment_status":"","ping_status":"","sticky":false,"template":"","format":"standard","meta":{"footnotes":""},"categories":[14],"tags":[22,23,26,27,33,31,30,17,34,24,25,28,29,15,18,21,32,19,20,56,16,59,60,61],"class_list":{"0":"post-41045","1":"post","2":"type-post","3":"status-publish","4":"format-standard","5":"has-post-thumbnail","7":"category-ulkomaat","8":"tag-breaking-news","9":"tag-breakingnews","10":"tag-featured-news","11":"tag-featurednews","12":"tag-fi","13":"tag-finland","14":"tag-finnish","15":"tag-headlines","16":"tag-ilta-sanomat","17":"tag-latest-news","18":"tag-latestnews","19":"tag-main-news","20":"tag-mainnews","21":"tag-news","22":"tag-otsikot","23":"tag-paauutiset","24":"tag-suomi","25":"tag-top-stories","26":"tag-topstories","27":"tag-ulkomaat","28":"tag-uutiset","29":"tag-world","30":"tag-world-news","31":"tag-worldnews"},"share_on_mastodon":{"url":"","error":""},"_links":{"self":[{"href":"https:\/\/www.europesays.com\/fi\/wp-json\/wp\/v2\/posts\/41045","targetHints":{"allow":["GET"]}}],"collection":[{"href":"https:\/\/www.europesays.com\/fi\/wp-json\/wp\/v2\/posts"}],"about":[{"href":"https:\/\/www.europesays.com\/fi\/wp-json\/wp\/v2\/types\/post"}],"author":[{"embeddable":true,"href":"https:\/\/www.europesays.com\/fi\/wp-json\/wp\/v2\/users\/2"}],"replies":[{"embeddable":true,"href":"https:\/\/www.europesays.com\/fi\/wp-json\/wp\/v2\/comments?post=41045"}],"version-history":[{"count":0,"href":"https:\/\/www.europesays.com\/fi\/wp-json\/wp\/v2\/posts\/41045\/revisions"}],"wp:featuredmedia":[{"embeddable":true,"href":"https:\/\/www.europesays.com\/fi\/wp-json\/wp\/v2\/media\/41046"}],"wp:attachment":[{"href":"https:\/\/www.europesays.com\/fi\/wp-json\/wp\/v2\/media?parent=41045"}],"wp:term":[{"taxonomy":"category","embeddable":true,"href":"https:\/\/www.europesays.com\/fi\/wp-json\/wp\/v2\/categories?post=41045"},{"taxonomy":"post_tag","embeddable":true,"href":"https:\/\/www.europesays.com\/fi\/wp-json\/wp\/v2\/tags?post=41045"}],"curies":[{"name":"wp","href":"https:\/\/api.w.org\/{rel}","templated":true}]}}