{"id":41048,"date":"2025-09-21T07:10:07","date_gmt":"2025-09-21T07:10:07","guid":{"rendered":"https:\/\/www.europesays.com\/fi\/41048\/"},"modified":"2025-09-21T07:10:07","modified_gmt":"2025-09-21T07:10:07","slug":"spotify-paljasti-iltalehdelle-tulevan-muutoksensa-iltalehti","status":"publish","type":"post","link":"https:\/\/www.europesays.com\/fi\/41048\/","title":{"rendered":"Spotify paljasti Iltalehdelle tulevan muutoksensa &#8211; Iltalehti"},"content":{"rendered":"<ol>\n<li><a href=\"https:\/\/news.google.com\/rss\/articles\/CBMigAFBVV95cUxPM1FqaUhOdjlQRVM4SGpkbWx3MXNVNXVld1lPdVM0cXFnWGNKS3dqX0pTYmJ0X05jM1lfaFNnWXl6LVJLYk51cmQ2Yko1ZnhvcGRtYk9DZzRQT1g2alRESGxCQUszeVNGRTcyRTJUbjZQVFY4UVRBd3IwcWYtRWZqcg?oc=5\" target=\"_blank\" rel=\"nofollow noopener\">Spotify paljasti Iltalehdelle tulevan muutoksensa<\/a>&nbsp;&nbsp;Iltalehti<\/li>\n<li><a href=\"https:\/\/news.google.com\/rss\/articles\/CBMiqgFBVV95cUxONzlteWU4amRsV0FPN2xfOVFVSmpPYjluT3BYLXFZYnhiTVljR0VwcHFiWDRQWUU1NFNKX1JoUzNKb04yMDJ3YTRnVnZUNy1BMF9Sa1pFUWc4VHRMWVQxbWg3M0hSdGI2TEJ1dHBJMEI5QzQ2M1FPa1Y3OXFuSXlCSzJuTldUT3F5NWc0UEhTVkJ3NHRHX09ENC1WaGVVWVp0eHY1UWZxeWM0QQ?oc=5\" target=\"_blank\" rel=\"nofollow noopener\">Samsungin soundbarit saavat uuden hienon ominaisuuden. Kiitos Spotifyn.<\/a>&nbsp;&nbsp;Samsung Magazine<\/li>\n<li><a href=\"https:\/\/news.google.com\/rss\/articles\/CBMiakFVX3lxTE13X250SE9vWWNYbFU0T2JaT2VUVjRIRzJaYzFPbWNJVkprY3g5V3R1QThuUENxdWIzd1p5ZFBjd24wNU0zX1RtWGxwWnBjTTB1X1J3Ul9PaC1fTGppZEtTblBJNzBJUDI4bUE?oc=5\" target=\"_blank\" rel=\"nofollow noopener\">Spotifyn jymy-yll\u00e4tys: T\u00e4m\u00e4 ilmaisk\u00e4ytt\u00e4jien kestoriesa poistuu<\/a>&nbsp;&nbsp;Ilta-Sanomat<\/li>\n<li><a href=\"https:\/\/news.google.com\/rss\/articles\/CBMikwFBVV95cUxQOVNQbFA3UHUwTlQweDVuSVQ2YlZTdGd2S05pemx4SHY5STN2a2Q2SElodnlZUG5NbDhEcWNQamUwLWpXa3laNzk0MTFiZk1aX0VNdHNRVWh2OC0yQmxEOXR4Q0lUdUgyaVo0MmhlY1ctTWVPTVA4S0hqX3EwcHJxZ0NMdEpEeHZEbGpsZ0JkdnRDREU?oc=5\" target=\"_blank\" rel=\"nofollow noopener\">Spotify tuo h\u00e4vi\u00f6tt\u00f6m\u00e4n \u00e4\u00e4nen \u2013 Suomi saa uudistuksen lokakuussa<\/a>&nbsp;&nbsp;AVPlus<\/li>\n<li><a href=\"https:\/\/news.google.com\/rss\/articles\/CBMixwFBVV95cUxNcUtJclhiYzNLM20xQ0RULUx4TVZVMTV1VHVoNEdSMllKTy1vV2M0SzFxN20zRUlEdnQtRU9NN1FsN0lSN1FkNGpma2JrcjN1Sy1mMVdCNFk2WHlTS3E4Rzd5ak91VG9JWVU3emxHdW9NZXJVdXBMTHVZdi1KT2ZpcXktdGEwcjFZd19yY1ZYQTBCb1lrVDB3ajZMMFFaWWFqM1A2ZWdndk9JX2Znb0RLVU9OOVV2cVI4ZzNZNTNlUTFiQTNaQ1pB?oc=5\" target=\"_blank\" rel=\"nofollow noopener\">Spotifyn ilmaisversioon valtava muutos &#8211; kuunneltavan kappaleen voi jatkossa valita vapaasti<\/a>&nbsp;&nbsp;Teknavi<\/li>\n<\/ol>\n","protected":false},"excerpt":{"rendered":"Spotify paljasti Iltalehdelle tulevan muutoksensa&nbsp;&nbsp;Iltalehti Samsungin soundbarit saavat uuden hienon ominaisuuden. Kiitos Spotifyn.&nbsp;&nbsp;Samsung Magazine Spotifyn jymy-yll\u00e4tys: T\u00e4m\u00e4 ilmaisk\u00e4ytt\u00e4jien&hellip;\n","protected":false},"author":2,"featured_media":41049,"comment_status":"","ping_status":"","sticky":false,"template":"","format":"standard","meta":{"footnotes":""},"categories":[5],"tags":[35,22,23,26,27,33,31,30,17,763,24,25,28,29,1616,15,18,21,979,32,397,484,149,19,20,16],"class_list":{"0":"post-41048","1":"post","2":"type-post","3":"status-publish","4":"format-standard","5":"has-post-thumbnail","7":"category-otsikot","8":"tag-24h","9":"tag-breaking-news","10":"tag-breakingnews","11":"tag-featured-news","12":"tag-featurednews","13":"tag-fi","14":"tag-finland","15":"tag-finnish","16":"tag-headlines","17":"tag-kulttuuri-ja-viihde","18":"tag-latest-news","19":"tag-latestnews","20":"tag-main-news","21":"tag-mainnews","22":"tag-media-viestinta","23":"tag-news","24":"tag-otsikot","25":"tag-paauutiset","26":"tag-sahkoinen-media","27":"tag-suomi","28":"tag-taide","29":"tag-taiteellinen-ilmaisu-ja-mediat","30":"tag-tietojenkasittely-ja-informaatioteknologia","31":"tag-top-stories","32":"tag-topstories","33":"tag-uutiset"},"share_on_mastodon":{"url":"","error":""},"_links":{"self":[{"href":"https:\/\/www.europesays.com\/fi\/wp-json\/wp\/v2\/posts\/41048","targetHints":{"allow":["GET"]}}],"collection":[{"href":"https:\/\/www.europesays.com\/fi\/wp-json\/wp\/v2\/posts"}],"about":[{"href":"https:\/\/www.europesays.com\/fi\/wp-json\/wp\/v2\/types\/post"}],"author":[{"embeddable":true,"href":"https:\/\/www.europesays.com\/fi\/wp-json\/wp\/v2\/users\/2"}],"replies":[{"embeddable":true,"href":"https:\/\/www.europesays.com\/fi\/wp-json\/wp\/v2\/comments?post=41048"}],"version-history":[{"count":0,"href":"https:\/\/www.europesays.com\/fi\/wp-json\/wp\/v2\/posts\/41048\/revisions"}],"wp:featuredmedia":[{"embeddable":true,"href":"https:\/\/www.europesays.com\/fi\/wp-json\/wp\/v2\/media\/41049"}],"wp:attachment":[{"href":"https:\/\/www.europesays.com\/fi\/wp-json\/wp\/v2\/media?parent=41048"}],"wp:term":[{"taxonomy":"category","embeddable":true,"href":"https:\/\/www.europesays.com\/fi\/wp-json\/wp\/v2\/categories?post=41048"},{"taxonomy":"post_tag","embeddable":true,"href":"https:\/\/www.europesays.com\/fi\/wp-json\/wp\/v2\/tags?post=41048"}],"curies":[{"name":"wp","href":"https:\/\/api.w.org\/{rel}","templated":true}]}}