{"id":41052,"date":"2025-09-21T07:22:07","date_gmt":"2025-09-21T07:22:07","guid":{"rendered":"https:\/\/www.europesays.com\/fi\/41052\/"},"modified":"2025-09-21T07:22:07","modified_gmt":"2025-09-21T07:22:07","slug":"janni-hussi-paljastaa-tv-haaveensa","status":"publish","type":"post","link":"https:\/\/www.europesays.com\/fi\/41052\/","title":{"rendered":"Janni Hussi paljastaa tv-haaveensa"},"content":{"rendered":"<p>\n            The Box Suomi. Kuvassa Janni Hussi. Timo Korhonen.<br \/>\n            Timo Korhonen\n        <\/p>\n<p class=\"subtitle \">Janni Hussi n\u00e4hd\u00e4\u00e4n tv:ss\u00e4 uutuusohjelmassa.<\/p>\n<p class=\"article-content article-content-width !bg-background\"> juontaa uutuussarjaa The Box Suomi,\u00a0joka alkaa Nelosella\u00a0 maanantaina 22.9. Norjalaiseen formaattiin perustuva The Box on kilpailuohjelma, jossa osallistujat kuljetetaan keltaisissa bokseissa erilaisiin teht\u00e4viin. Suoritusten alussa he eiv\u00e4t my\u00f6sk\u00e4\u00e4n saa mink\u00e4\u00e4nlaisia ennakko-ohjeita.<\/p>\n<p class=\"font-weight-bold m-font-weight-bold italic m-italic article-content article-content-width !bg-background\">Video: Janni Hussi kertoo juontajan roolista The Box Suomessa<\/p>\n<p class=\"article-content article-content-width !bg-background\">Mukana on ,  ja  kaltaisia mediasta tuttuja kilpailijoita.<\/p>\n<p class=\"article-content article-content-width !bg-background\">\u2013 He eiv\u00e4t todellakaan tied\u00e4 mit\u00e4\u00e4n valmiiksi. Mukana oli muutama todella raju teht\u00e4v\u00e4, Janni kertoo.<\/p>\n<p class=\"article-content article-content-width !bg-background\">\u2013 V\u00e4lill\u00e4 oli sellainen olo suorituksia katsoessa, ett\u00e4 onneksi olen vain juontaja. Muutamassa kohtaa silti mietin, ett\u00e4 olisipa ollut mukava testata tuota juttua, Janni my\u00f6nt\u00e4\u00e4.<\/p>\n<p>        <a itemprop=\"url\" href=\"https:\/\/www.seiska.fi\/katso\/katsojat-lyttaavat-nelosen-uutuusohjelman-kilpailijalta-viiltava-kuitti\/1902881\" rel=\"nofollow noopener\" target=\"_blank\"><\/p>\n<p>\nKilpailijalta viilt\u00e4v\u00e4 kuitti\n<\/p>\n<p class=\"section-date\">\n        <strong class=\"article-section\" data-section=\"katso\"><br \/>\n            katso<br \/>\n        <\/strong><br \/>\n        18.8. 14:15\n    <\/p>\n<p>    Katsojat lytt\u00e4\u00e4v\u00e4t Nelosen uutuusohjelman \u2013 kilpailijalta viilt\u00e4v\u00e4 kuitti<\/p>\n<p itemprop=\"description\" class=\"subtitle \">\n    Uudessa realityohjelmassa 12 julkisuudesta tuttua henkil\u00f6\u00e4 kilpailevat toisiaan vastaan.\n<\/p>\n<p>        <\/a><\/p>\n<p>Tanssiminen kiinnostaa<\/p>\n<p class=\"article-content article-content-width !bg-background\">Jannilla on kokemusta sek\u00e4 tosi-tv-sarjojen kilpailijoiden roolista ett\u00e4 niiden juontamisesta. Ensin mainittuun hommaan h\u00e4nt\u00e4 tuskin en\u00e4\u00e4 saisi.<\/p>\n<p class=\"article-content article-content-width !bg-background\">\u2013 Yksi mieluinen kilpailu ehk\u00e4 olisi, ja se on Tanssii t\u00e4htien kanssa. Mutta en min\u00e4 en\u00e4\u00e4 oikein muuten tunne paloa osallistua ohjelmiin kilpailijana, Janni kertoo.<\/p>\n<p class=\"article-content article-content-width !bg-background\">\u2013 Fort Boyard Suomi vuonna 2018 on ollut viimeisin, ja sen j\u00e4lkeen oli sellainen olo, ett\u00e4 kilpailut on kilpailtu. Suunnilleen jokaiseen formaattiin on kyll\u00e4 pyydetty, Janni paljastaa.<\/p>\n<p class=\"article-content article-content-width !bg-background\">Vuonna 2018 h\u00e4net n\u00e4htiin my\u00f6s Selviytyj\u00e4t Suomessa.<\/p>\n<p>        <a itemprop=\"url\" href=\"https:\/\/www.seiska.fi\/katso\/janni-hussi-juontaa-uutuusohjelmaa-tama-tiedetaan-nyt\/1789280\" rel=\"nofollow noopener\" target=\"_blank\"><\/p>\n<p>\nT\u00e4m\u00e4 tiedet\u00e4\u00e4n nyt\n<\/p>\n<p class=\"section-date\">\n        <strong class=\"article-section\" data-section=\"katso\"><br \/>\n            katso<br \/>\n        <\/strong><br \/>\n        28.5. 09:10\n    <\/p>\n<p>    Janni Hussi juontaa uutuusohjelmaa \u2013 t\u00e4m\u00e4 tiedet\u00e4\u00e4n nyt<\/p>\n<p itemprop=\"description\" class=\"subtitle \">\n    Koti koiralle -juontaja luotsaa uutta game show&#8217;ta.\n<\/p>\n<p>        <\/a><\/p>\n<p class=\"article-content article-content-width !bg-background\">The Boxin juontaminenkin oli erityislaatuinen teht\u00e4v\u00e4, kun mink\u00e4\u00e4nlaisia ohjeita ei saanut antaa ennakkoon.<\/p>\n<p class=\"article-content article-content-width !bg-background\">\u2013 Siit\u00e4 olin onnellinen, ett\u00e4 minulla oli tuotantotiimin kanssa varsin paljon vapauksia siin\u00e4, milt\u00e4 me halusimme ohjelman n\u00e4ytt\u00e4v\u00e4n. Ohjelmaa on Norjassakin tehty vain yksi kausi, ja p\u00e4\u00e4simme luomaan monia omiakin juttuja, Janni kertoo.<\/p>\n<p class=\"italic m-italic article-content article-content-width !bg-background\">The Box Suomi alkaa Nelosella ja Ruudussa maanantaina 22. syyskuuta.<\/p>\n<p>        <a itemprop=\"url\" href=\"https:\/\/www.seiska.fi\/katso\/janni-hussi-avoimena-jari-matti-latvalasta\/1888899\" rel=\"nofollow noopener\" target=\"_blank\"><\/p>\n<p>\nJanni Hussi\n<\/p>\n<p class=\"section-date\">\n        <strong class=\"article-section\" data-section=\"katso\"><br \/>\n            katso<br \/>\n        <\/strong><br \/>\n        4.8. 15:15\n    <\/p>\n<p>    Janni Hussi avoimena Jari-Matti Latvalasta<\/p>\n<p itemprop=\"description\" class=\"subtitle \">\n    Janni Hussi luki nuotit Jyv\u00e4skyl\u00e4n ralliviikonloppuna, kun rallilegenda istui auton ratissa.\n<\/p>\n<p>        <\/a><\/p>\n","protected":false},"excerpt":{"rendered":"The Box Suomi. Kuvassa Janni Hussi. Timo Korhonen. Timo Korhonen Janni Hussi n\u00e4hd\u00e4\u00e4n tv:ss\u00e4 uutuusohjelmassa. juontaa uutuussarjaa The&hellip;\n","protected":false},"author":2,"featured_media":41053,"comment_status":"","ping_status":"","sticky":false,"template":"","format":"standard","meta":{"footnotes":""},"categories":[136],"tags":[407,137,11027,33,31,30,2597,408,4835,2429,1758,32,903,4523,109],"class_list":{"0":"post-41052","1":"post","2":"type-post","3":"status-publish","4":"format-standard","5":"has-post-thumbnail","7":"category-julkkikset","8":"tag-celebrities","9":"tag-entertainment","10":"tag-fathi-ahmed","11":"tag-fi","12":"tag-finland","13":"tag-finnish","14":"tag-janni-hussi","15":"tag-julkkikset","16":"tag-karita-tykka","17":"tag-marko-anttila","18":"tag-nelonen","19":"tag-suomi","20":"tag-tanssii-tahtien-kanssa","21":"tag-the-box-suomi","22":"tag-viihde"},"share_on_mastodon":{"url":"","error":""},"_links":{"self":[{"href":"https:\/\/www.europesays.com\/fi\/wp-json\/wp\/v2\/posts\/41052","targetHints":{"allow":["GET"]}}],"collection":[{"href":"https:\/\/www.europesays.com\/fi\/wp-json\/wp\/v2\/posts"}],"about":[{"href":"https:\/\/www.europesays.com\/fi\/wp-json\/wp\/v2\/types\/post"}],"author":[{"embeddable":true,"href":"https:\/\/www.europesays.com\/fi\/wp-json\/wp\/v2\/users\/2"}],"replies":[{"embeddable":true,"href":"https:\/\/www.europesays.com\/fi\/wp-json\/wp\/v2\/comments?post=41052"}],"version-history":[{"count":0,"href":"https:\/\/www.europesays.com\/fi\/wp-json\/wp\/v2\/posts\/41052\/revisions"}],"wp:featuredmedia":[{"embeddable":true,"href":"https:\/\/www.europesays.com\/fi\/wp-json\/wp\/v2\/media\/41053"}],"wp:attachment":[{"href":"https:\/\/www.europesays.com\/fi\/wp-json\/wp\/v2\/media?parent=41052"}],"wp:term":[{"taxonomy":"category","embeddable":true,"href":"https:\/\/www.europesays.com\/fi\/wp-json\/wp\/v2\/categories?post=41052"},{"taxonomy":"post_tag","embeddable":true,"href":"https:\/\/www.europesays.com\/fi\/wp-json\/wp\/v2\/tags?post=41052"}],"curies":[{"name":"wp","href":"https:\/\/api.w.org\/{rel}","templated":true}]}}