{"id":41054,"date":"2025-09-21T07:25:08","date_gmt":"2025-09-21T07:25:08","guid":{"rendered":"https:\/\/www.europesays.com\/fi\/41054\/"},"modified":"2025-09-21T07:25:08","modified_gmt":"2025-09-21T07:25:08","slug":"anniina-asteli-bb-taloon-ja-poistui-50-000-euroa-rikkaampana-nain-hanella-menee-nyt","status":"publish","type":"post","link":"https:\/\/www.europesays.com\/fi\/41054\/","title":{"rendered":"Anniina asteli BB-taloon ja poistui 50 000 euroa rikkaampana \u2013 N\u00e4in h\u00e4nell\u00e4 menee nyt"},"content":{"rendered":"<p>Anniina Mustaj\u00e4rvi voitti Big Brotherin vuonna 2008.<\/p>\n<p><img decoding=\"async\" class=\"image image-show image-preview\" src=\"https:\/\/www.europesays.com\/fi\/wp-content\/uploads\/2025\/09\/ae3f956147007e01e90b117c1c4a73e6ff9c82a2d86ff31d68f88e4dbbcf308f.jpg\" alt=\"\"\/><img decoding=\"async\" class=\"image image-show\" src=\"https:\/\/www.europesays.com\/fi\/wp-content\/uploads\/2025\/09\/1758439508_107_ae3f956147007e01e90b117c1c4a73e6ff9c82a2d86ff31d68f88e4dbbcf308f.jpg\" alt=\"\"\/><\/p>\n<p>Anniina voitti nelj\u00e4nnen Big Brother -kauden. Kari Kuukka<\/p>\n<p class=\"paragraph\">Big Brother Suomi -ohjelman nelj\u00e4nnen kauden voittaja <strong>Anniina Mustaj\u00e4rvi<\/strong> kertoo <a href=\"https:\/\/www.is.fi\/tv-ja-elokuvat\/art-2000011460031.html\" rel=\"noopener nofollow\" target=\"_blank\">Ilta-Sanomille<\/a> nykyisest\u00e4 el\u00e4m\u00e4st\u00e4\u00e4n. Mustaj\u00e4rvi voitti ohjelman vuonna 2008.<\/p>\n<p class=\"paragraph\">Mustaj\u00e4rvi opiskelee t\u00e4ll\u00e4 hetkell\u00e4 sisustussuunnittelijaksi t\u00f6idens\u00e4 ohella ja joitakin yhteisty\u00f6kuvioita on vireill\u00e4.<\/p>\n<p class=\"paragraph\">\u2013 Tytt\u00e4reni on nyt 8-vuotias ja muutoin elell\u00e4\u00e4n uusperhearkea t\u00e4\u00e4ll\u00e4 Tampereella, Mustaj\u00e4rvi kuvaa nykyist\u00e4 arkeaan lehdelle.<\/p>\n<p class=\"paragraph\">Big Brotheria Mustaj\u00e4rvi muistelee mukavana kokemuksena.<\/p>\n<p class=\"paragraph\">\u2013\u2009Toisinaan se aika tuntuu tosi kaukaiselta ja v\u00e4h\u00e4n niin kuin se olisi ollut jotakin unta. Se tuntuu hieman ep\u00e4todellista, Mustaj\u00e4rvi toteaa.<\/p>\n<p class=\"paragraph\">Mustaj\u00e4rvi saapui nelj\u00e4nnell\u00e4 kaudella BB-taloon kesken kauden ja poistui talosta 50 000 euroa rikkaampana.<\/p>\n<p class=\"paragraph\">Mustaj\u00e4rvi kertoi <a href=\"https:\/\/www.iltalehti.fi\/viihde\/200901138906608\" rel=\"nofollow noopener\" target=\"_blank\">Iltalehdelle <\/a>vuonna 2009, mihin voittorahat meniv\u00e4t.<\/p>\n<p class=\"paragraph\">\u2013 Voittopotti oli 50 000 euroa, mist\u00e4 maksoin veroa 20 500. Asuntokaupat teen nyt kev\u00e4\u00e4ll\u00e4, Mustaj\u00e4rvi kertoi.<\/p>\n<p class=\"paragraph\">Tuolloin Mustaj\u00e4rven suunnitelmissa ei ollut palata takaisin vanhaan ty\u00f6paikkaansa Siwan kassalle, vaan suunnitelmissa oli tehd\u00e4 baarikeikkoja Suomen ensimm\u00e4isen BB-voittaja <a href=\"https:\/\/www.iltalehti.fi\/henkilot\/Perttu Sirvi\u00f6\" class=\"article-link-person-page\" rel=\"nofollow noopener\" target=\"_blank\">Perttu Sirvi\u00f6n<\/a> kanssa.<\/p>\n","protected":false},"excerpt":{"rendered":"Anniina Mustaj\u00e4rvi voitti Big Brotherin vuonna 2008. Anniina voitti nelj\u00e4nnen Big Brother -kauden. Kari Kuukka Big Brother Suomi&hellip;\n","protected":false},"author":2,"featured_media":41055,"comment_status":"","ping_status":"","sticky":false,"template":"","format":"standard","meta":{"footnotes":""},"categories":[133],"tags":[35,137,33,31,30,979,32,206,2140,140,139,2581,156,109],"class_list":{"0":"post-41054","1":"post","2":"type-post","3":"status-publish","4":"format-standard","5":"has-post-thumbnail","7":"category-televisiot","8":"tag-24h","9":"tag-entertainment","10":"tag-fi","11":"tag-finland","12":"tag-finnish","13":"tag-sahkoinen-media","14":"tag-suomi","15":"tag-televisiot","16":"tag-tosi-tv-ohjelmat","17":"tag-tv-ja-elokuvat","18":"tag-tv-ohjelmat","19":"tag-tv-2010-luku","20":"tag-tv","21":"tag-viihde"},"share_on_mastodon":{"url":"","error":""},"_links":{"self":[{"href":"https:\/\/www.europesays.com\/fi\/wp-json\/wp\/v2\/posts\/41054","targetHints":{"allow":["GET"]}}],"collection":[{"href":"https:\/\/www.europesays.com\/fi\/wp-json\/wp\/v2\/posts"}],"about":[{"href":"https:\/\/www.europesays.com\/fi\/wp-json\/wp\/v2\/types\/post"}],"author":[{"embeddable":true,"href":"https:\/\/www.europesays.com\/fi\/wp-json\/wp\/v2\/users\/2"}],"replies":[{"embeddable":true,"href":"https:\/\/www.europesays.com\/fi\/wp-json\/wp\/v2\/comments?post=41054"}],"version-history":[{"count":0,"href":"https:\/\/www.europesays.com\/fi\/wp-json\/wp\/v2\/posts\/41054\/revisions"}],"wp:featuredmedia":[{"embeddable":true,"href":"https:\/\/www.europesays.com\/fi\/wp-json\/wp\/v2\/media\/41055"}],"wp:attachment":[{"href":"https:\/\/www.europesays.com\/fi\/wp-json\/wp\/v2\/media?parent=41054"}],"wp:term":[{"taxonomy":"category","embeddable":true,"href":"https:\/\/www.europesays.com\/fi\/wp-json\/wp\/v2\/categories?post=41054"},{"taxonomy":"post_tag","embeddable":true,"href":"https:\/\/www.europesays.com\/fi\/wp-json\/wp\/v2\/tags?post=41054"}],"curies":[{"name":"wp","href":"https:\/\/api.w.org\/{rel}","templated":true}]}}