{"id":41056,"date":"2025-09-21T07:29:08","date_gmt":"2025-09-21T07:29:08","guid":{"rendered":"https:\/\/www.europesays.com\/fi\/41056\/"},"modified":"2025-09-21T07:29:08","modified_gmt":"2025-09-21T07:29:08","slug":"kymiring-oli-lahella-saada-f1-kisan-unelma-kaatui-aitaongelmaan","status":"publish","type":"post","link":"https:\/\/www.europesays.com\/fi\/41056\/","title":{"rendered":"Kymiring oli l\u00e4hell\u00e4 saada F1-kisan \u2013 Unelma kaatui aitaongelmaan"},"content":{"rendered":"<p>Mika Salo vieraili Piippuhylly-podcastissa.<\/p>\n<p><img decoding=\"async\" class=\"image image-show image-preview\" src=\"https:\/\/www.europesays.com\/fi\/wp-content\/uploads\/2025\/09\/9defa3c5869987714bcc97e85ec860dba919cab18ac82eea15a3bc2bab686b66.jpg\" alt=\"\"\/><img decoding=\"async\" class=\"image image-show\" src=\"https:\/\/www.europesays.com\/fi\/wp-content\/uploads\/2025\/09\/1758439748_424_9defa3c5869987714bcc97e85ec860dba919cab18ac82eea15a3bc2bab686b66.jpg\" alt=\"\"\/><\/p>\n<p>Mika Salon mukaan Kymiring oli l\u00e4hell\u00e4 saada oman F1-kisan korona-aikana. AOP<\/p>\n<p class=\"paragraph\">Entinen F1-kuski <strong>Mika Salo<\/strong> paljasti <a href=\"https:\/\/open.spotify.com\/episode\/6MBEFCY7alkiRj4I5nmp1g?si=aIFEdOZ8RcuF1yX7bbDL2Q&amp;nd=1&amp;dlsi=d38725b9e979410e\" rel=\"noopener nofollow\" target=\"_blank\">Piippuhylly-podcastissa<\/a>, ett\u00e4 Kymiring oli l\u00e4hell\u00e4 saada F1-osakilpailun j\u00e4rjestett\u00e4v\u00e4kseen korona-aikana.<\/p>\n<p class=\"paragraph\">\u2013 Se oli hyvin l\u00e4hell\u00e4. Olin mukana siin\u00e4 jutussa. FIA oli kiinnostunut ja Liberty [mediayhti\u00f6, joka n\u00e4ytt\u00e4\u00e4 F1-sarjaa] oli kiinnostunut. Siell\u00e4 k\u00e4vi jo ihmisi\u00e4 katsomassakin, ett\u00e4 se olisi sopinut ihan hyvin, Salo paljastaa.<\/p>\n<p class=\"paragraph\">Miehen mukaan korona-aikana etsittiin ratoja, joilla voisi kisata ilman yleis\u00f6\u00e4. Lopulta hanke kaatui kuitenkin hyvin yksinkertaiseen ongelmaan.<\/p>\n<p class=\"paragraph\">\u2013 Kymiring ei pystynyt tekem\u00e4\u00e4n sellaisia aitoja, ettei yleis\u00f6 p\u00e4\u00e4se l\u00e4helle, niin se kaatui siihen, Salo kertoo.<\/p>\n<p class=\"paragraph\">Rattimies uskoo, ettei Kymiringin F1-kisa olisi v\u00e4ltt\u00e4m\u00e4tt\u00e4 j\u00e4\u00e4nyt yhteen kertaan.<\/p>\n<p class=\"paragraph\">\u2013 Siit\u00e4 olisi voinut tulla hyv\u00e4 jatkumo.<\/p>\n<p class=\"paragraph\">T\u00e4ll\u00e4 hetkell\u00e4 F1-kisan j\u00e4rjest\u00e4minen Suomessa ei ole Salon mukaan kovin l\u00e4hell\u00e4.<\/p>\n<p>Kymiring sijaitsee Kouvolassa. JUHA METSO \/ AOP<\/p>\n","protected":false},"excerpt":{"rendered":"Mika Salo vieraili Piippuhylly-podcastissa. Mika Salon mukaan Kymiring oli l\u00e4hell\u00e4 saada oman F1-kisan korona-aikana. AOP Entinen F1-kuski Mika&hellip;\n","protected":false},"author":2,"featured_media":41057,"comment_status":"","ping_status":"","sticky":false,"template":"","format":"standard","meta":{"footnotes":""},"categories":[158],"tags":[35,648,2810,33,31,30,121,41,83,159,32,160],"class_list":{"0":"post-41056","1":"post","2":"type-post","3":"status-publish","4":"format-standard","5":"has-post-thumbnail","7":"category-urheilu","8":"tag-24h","9":"tag-autot","10":"tag-autourheilu-ja-urheiluautot","11":"tag-fi","12":"tag-finland","13":"tag-finnish","14":"tag-liikenne-ja-kuljetus","15":"tag-liikunta-ja-urheilu","16":"tag-moottoriurheilu","17":"tag-sports","18":"tag-suomi","19":"tag-urheilu"},"share_on_mastodon":{"url":"","error":""},"_links":{"self":[{"href":"https:\/\/www.europesays.com\/fi\/wp-json\/wp\/v2\/posts\/41056","targetHints":{"allow":["GET"]}}],"collection":[{"href":"https:\/\/www.europesays.com\/fi\/wp-json\/wp\/v2\/posts"}],"about":[{"href":"https:\/\/www.europesays.com\/fi\/wp-json\/wp\/v2\/types\/post"}],"author":[{"embeddable":true,"href":"https:\/\/www.europesays.com\/fi\/wp-json\/wp\/v2\/users\/2"}],"replies":[{"embeddable":true,"href":"https:\/\/www.europesays.com\/fi\/wp-json\/wp\/v2\/comments?post=41056"}],"version-history":[{"count":0,"href":"https:\/\/www.europesays.com\/fi\/wp-json\/wp\/v2\/posts\/41056\/revisions"}],"wp:featuredmedia":[{"embeddable":true,"href":"https:\/\/www.europesays.com\/fi\/wp-json\/wp\/v2\/media\/41057"}],"wp:attachment":[{"href":"https:\/\/www.europesays.com\/fi\/wp-json\/wp\/v2\/media?parent=41056"}],"wp:term":[{"taxonomy":"category","embeddable":true,"href":"https:\/\/www.europesays.com\/fi\/wp-json\/wp\/v2\/categories?post=41056"},{"taxonomy":"post_tag","embeddable":true,"href":"https:\/\/www.europesays.com\/fi\/wp-json\/wp\/v2\/tags?post=41056"}],"curies":[{"name":"wp","href":"https:\/\/api.w.org\/{rel}","templated":true}]}}