{"id":41058,"date":"2025-09-21T07:30:08","date_gmt":"2025-09-21T07:30:08","guid":{"rendered":"https:\/\/www.europesays.com\/fi\/41058\/"},"modified":"2025-09-21T07:30:08","modified_gmt":"2025-09-21T07:30:08","slug":"suomalainen-tosi-tv-tahti-valtava-elamanmuutos","status":"publish","type":"post","link":"https:\/\/www.europesays.com\/fi\/41058\/","title":{"rendered":"Suomalainen tosi-tv-t\u00e4hti: valtava el\u00e4m\u00e4nmuutos!"},"content":{"rendered":"<p>\n            Roosa Kolari<br \/>\n            Lars Johnson\/Sanoma\n        <\/p>\n<p class=\"subtitle \">Nyky\u00e4\u00e4n somevaikuttajan uraa tekev\u00e4 Roosa on onnensa kukkuloilla.<\/p>\n<p class=\"article-content article-content-width !bg-background\">Ex on the Beach Suomesta\u00a0sek\u00e4 Temptation Island Suomesta\u00a0tuttu  , 22, on saanut esikoisensa.<\/p>\n<p class=\"font-weight-bold m-font-weight-bold article-content article-content-width !bg-background\">Arkistovideo: Ex on the Beach Suomi \u2013 ex\u00e4n j\u00e4\u00e4t\u00e4v\u00e4 vastaanotto huvilalla<\/p>\n<p class=\"article-content article-content-width !bg-background\">Roosa julkaisi Instagram-p\u00e4ivityksen, jonka yhteydess\u00e4 h\u00e4n paljasti ilouutisen. Tytt\u00f6vauva saapui maailmaan viime viikon sunnuntaina.<\/p>\n<p class=\"article-content article-content-width !bg-background\">\u2013\u00a0Meid\u00e4n rakas on t\u00e4\u00e4ll\u00e4, ollaan jo muutama p\u00e4iv\u00e4 tutustuttu toisiimme\u2013 tuuhea tukkainen tytt\u00f6 syntyi 14.9. sunnuntaina klo 14.57.<\/p>\n<p class=\"article-content article-content-width !bg-background\">\u2013 En kest\u00e4 t\u00e4t\u00e4 onnellisuuden ja kiitollisuuden m\u00e4\u00e4r\u00e4\u00e4 \u2013 maailman suloisin pieni.<\/p>\n<p class=\"article-content article-content-width !bg-background\">\u2013 Synnytys oli pitk\u00e4 ja aikamoinen, mutta siit\u00e4 selvittiin ja palkinto oli mit\u00e4 parhain, Roosa kirjoittaa Instagramissa.<\/p>\n<p class=\"article-content article-content-width !bg-background\">Roosan puoliso on yksityishenkil\u00f6.<\/p>\n<p>        <a itemprop=\"url\" href=\"https:\/\/www.seiska.fi\/katso\/tasta-syysta-tis-kohupari-joutui-salaamaan-suhteensa\/1936973\" rel=\"nofollow noopener\" target=\"_blank\"><\/p>\n<p>\nKohupari Temppareihin\n<\/p>\n<p class=\"section-date\">\n        <strong class=\"article-section\" data-section=\"katso\"><br \/>\n            katso<br \/>\n        <\/strong><br \/>\n        20.9. 12:15\n    <\/p>\n<p>    T\u00e4st\u00e4 syyst\u00e4 TIS-kohupari joutui salaamaan suhteensa<\/p>\n<p itemprop=\"description\" class=\"subtitle \">\n    Roope ja Sanni tapasivat tv-kuvauksissa kolme vuotta sitten.\n<\/p>\n<p>        <\/a><\/p>\n<p>&#8221;Maailman paras k\u00e4til\u00f6&#8221;<\/p>\n<p class=\"article-content article-content-width !bg-background\">Roosa kiitt\u00e4\u00e4 somejulkaisussaan Keski-Suomen Sairaala Novan synnytysyksik\u00f6n henkil\u00f6kuntaa. Erityisesti k\u00e4til\u00f6 saa runsaasti kehuja.<\/p>\n<p class=\"article-content article-content-width !bg-background\">\u2013 Meill\u00e4 oli maailman paras k\u00e4til\u00f6 synnytyksen aamuna ja sen aikana.<\/p>\n<p class=\"article-content article-content-width !bg-background\">\u2013 Siin\u00e4 on nainen, jolla on syd\u00e4n paikallaan ja juuri oikea ammatti, Roosa kirjoittaa Instagram-julkaisussaan.<\/p>\n<p class=\"article-content article-content-width !bg-background\">Roosan mukaan perhe on p\u00e4\u00e4ssyt kotiutumaan. Perhe on onnensa kukkuloilla.<\/p>\n<p class=\"article-content article-content-width !bg-background\">\u2013 T\u00e4\u00e4ll\u00e4 kaikki paremmin kuin hyvin.\u00a0Nyt nautitaan, p\u00e4\u00e4st\u00e4\u00e4n kotiutumaan ja kauan odotettuun vauvakuplaan.\u00a0Voi pieni rakas kuinka sua olikaan kaikki odottanut.<\/p>\n<p class=\"article-content article-content-width !bg-background\">Seiska ei tavoittanut Roosaa kommentoimaan aihetta.<\/p>\n<p>        <a itemprop=\"url\" href=\"https:\/\/www.seiska.fi\/rikos\/suomalainen-tosi-tv-tahti-jai-kiinni-rattijuopumuksesta\/1554371\" rel=\"nofollow noopener\" target=\"_blank\"><\/p>\n<p class=\"section-date\">\n        <strong class=\"article-section\" data-section=\"rikos\"><br \/>\n            rikos<br \/>\n        <\/strong><br \/>\n        17.12.2024 09:28\n    <\/p>\n<p>    Suomalainen tosi-tv-t\u00e4hti j\u00e4i kiinni rattijuopumuksesta<\/p>\n<p itemprop=\"description\" class=\"subtitle \">\n    Ex on the Beach -t\u00e4hti kommentoi asiaa Seiskalle.\n<\/p>\n<p>        <\/a><\/p>\n<p>Televisioura<\/p>\n<p class=\"article-content article-content-width !bg-background\">Roosa on kokenut tosi-tv-t\u00e4hti. H\u00e4n nousi julkisuuteen osallistuttuaan Ex on the Beach Suomi -sarjan kolmannelle tuotantokaudelle vuonna 2020.<\/p>\n<p class=\"article-content article-content-width !bg-background\">Vuonna 2024 Roosa oli mukana Ex on the Beach Suomi VIP -ohjelmassa, joka oli niin sanottu all stars -versio samasta formaatista.<\/p>\n<p class=\"article-content article-content-width !bg-background\">Sarjassa sinkkuporukka viett\u00e4\u00e4 aikaa auringon alla romanttisissa tunnelmissa. Ohjelmassa koetaan paljon yll\u00e4tysk\u00e4\u00e4nteit\u00e4, sill\u00e4 osallistujien entiset heilat saapuvat kuvauksiin sekoittamaan pakkaa.<\/p>\n<p class=\"article-content article-content-width !bg-background\">Roosa n\u00e4htiin my\u00f6s Temptation Island Suomen 10. tuotantokaudella. H\u00e4n osallistui ohjelmaan sinkkuna.<\/p>\n<p>        <a itemprop=\"url\" href=\"https:\/\/www.seiska.fi\/katso\/ex-on-the-beach-lito-paljastaa-seksikumppaniensa-maaran-200400\/130351\" rel=\"nofollow noopener\" target=\"_blank\"><\/p>\n<p>\nkatso video\n<\/p>\n<p class=\"section-date\">\n        <strong class=\"article-section\" data-section=\"katso\"><br \/>\n            katso<br \/>\n        <\/strong><br \/>\n        14.3.2023 09:48\n    <\/p>\n<p>    Ex on the Beach -Lito paljastaa seksikumppaniensa m\u00e4\u00e4r\u00e4n: 200\u2013400<\/p>\n<p>        <\/a><\/p>\n<p>                <img decoding=\"async\" src=\"https:\/\/www.europesays.com\/fi\/wp-content\/uploads\/2025\/09\/1937543.webp\" width=\"576\" height=\"720\" alt=\"Roosa Kolari osallistui Temptation Island Suomen 10. tuotantokaudelle. Espanjan Marbellassa kuvattu kausi n\u00e4htiin telkkarissa vuonna 2021.\" loading=\"lazy\" \/>            <\/p>\n<p>\n            Roosa Kolari osallistui Temptation Island Suomen 10. tuotantokaudelle. Espanjan Marbellassa kuvattu kausi n\u00e4htiin telkkarissa vuonna 2021.<br \/>\n            Lars Johnson\/Sanoma\n        <\/p>\n<p>Someura<\/p>\n<p class=\"article-content article-content-width !bg-background\">Roosa on tosi-tv-uransa j\u00e4lkeen luonut uraa somevaikuttajana. H\u00e4nell\u00e4 on yli 11 000 seuraajaa Instagramissa. Tiktokin puolella Roosalla on yli 17 000 seuraajaa.<\/p>\n<p class=\"article-content article-content-width !bg-background\">Roosa kertoi maaliskuussa odottavansa lasta. Huhtikuussa h\u00e4n paljasti vauvan sukupuolen.<\/p>\n<p>        <a itemprop=\"url\" href=\"https:\/\/www.seiska.fi\/kotimaa\/temppareihin-osallistuva-kurre-westerlundin-bella-tytar-onlyfansista-isaa-arsyttaakseni-voisin\/1935383\" rel=\"nofollow noopener\" target=\"_blank\"><\/p>\n<p>\nKurre Westerlundin Bella-tyt\u00e4r:\n<\/p>\n<p class=\"section-date\">\n        <strong class=\"article-section\" data-section=\"kotimaa\"><br \/>\n            kotimaa<br \/>\n        <\/strong><br \/>\n        20.9. 16:00\n    <\/p>\n<p>    Temppareihin osallistuva Kurre Westerlundin Bella-tyt\u00e4r OnlyFansista: &#8221;Is\u00e4\u00e4 \u00e4rsytt\u00e4\u00e4kseni voisin&#8230;&#8221;<\/p>\n<p itemprop=\"description\" class=\"subtitle \">\n    Laulaja Kurre Westerlundin tyt\u00e4r Bella saattaa tehd\u00e4 uuden aluevaltauksen.\n<\/p>\n<p>        <\/a><\/p>\n<p class=\"article-content article-content-width !bg-background\">Elokuussa Roosan l\u00e4hipiiri j\u00e4rjesti upeat vauvajuhlat. Roosa mainitsi Instagram-julkaisussaan, ett\u00e4 juhlat olivat ikimuistoiset.<\/p>\n<p class=\"article-content article-content-width !bg-background\">\u2013 El\u00e4m\u00e4ss\u00e4 tullaan vain kerran ensimm\u00e4ist\u00e4 kertaa \u00e4idiksi, ja arvostan miljoonasti teit\u00e4, ett\u00e4 tulitte paikalle \u2013 mulla oli niin rakastettu ja t\u00e4rke\u00e4 olo, h\u00e4n kiitteli l\u00e4heisi\u00e4\u00e4n.<\/p>\n","protected":false},"excerpt":{"rendered":"Roosa Kolari Lars Johnson\/Sanoma Nyky\u00e4\u00e4n somevaikuttajan uraa tekev\u00e4 Roosa on onnensa kukkuloilla. Ex on the Beach Suomesta\u00a0sek\u00e4 Temptation&hellip;\n","protected":false},"author":2,"featured_media":41059,"comment_status":"","ping_status":"","sticky":false,"template":"","format":"standard","meta":{"footnotes":""},"categories":[130],"tags":[3096,137,11032,9922,11028,11031,33,31,30,98,32,2929,11029,9044,156,1461,11030,109],"class_list":{"0":"post-41058","1":"post","2":"type-post","3":"status-publish","4":"format-standard","5":"has-post-thumbnail","7":"category-viihde","8":"tag-elamanmuutos","9":"tag-entertainment","10":"tag-eotb-roosa","11":"tag-esikoinen","12":"tag-ex-on-the-beach-suomi","13":"tag-ex-on-the-beach-suomi-vip","14":"tag-fi","15":"tag-finland","16":"tag-finnish","17":"tag-perhe","18":"tag-suomi","19":"tag-temptation-island-suomi","20":"tag-tis-roosa","21":"tag-tosi-tv-tahti","22":"tag-tv","23":"tag-vauva","24":"tag-vauva-syntyi","25":"tag-viihde"},"share_on_mastodon":{"url":"","error":""},"_links":{"self":[{"href":"https:\/\/www.europesays.com\/fi\/wp-json\/wp\/v2\/posts\/41058","targetHints":{"allow":["GET"]}}],"collection":[{"href":"https:\/\/www.europesays.com\/fi\/wp-json\/wp\/v2\/posts"}],"about":[{"href":"https:\/\/www.europesays.com\/fi\/wp-json\/wp\/v2\/types\/post"}],"author":[{"embeddable":true,"href":"https:\/\/www.europesays.com\/fi\/wp-json\/wp\/v2\/users\/2"}],"replies":[{"embeddable":true,"href":"https:\/\/www.europesays.com\/fi\/wp-json\/wp\/v2\/comments?post=41058"}],"version-history":[{"count":0,"href":"https:\/\/www.europesays.com\/fi\/wp-json\/wp\/v2\/posts\/41058\/revisions"}],"wp:featuredmedia":[{"embeddable":true,"href":"https:\/\/www.europesays.com\/fi\/wp-json\/wp\/v2\/media\/41059"}],"wp:attachment":[{"href":"https:\/\/www.europesays.com\/fi\/wp-json\/wp\/v2\/media?parent=41058"}],"wp:term":[{"taxonomy":"category","embeddable":true,"href":"https:\/\/www.europesays.com\/fi\/wp-json\/wp\/v2\/categories?post=41058"},{"taxonomy":"post_tag","embeddable":true,"href":"https:\/\/www.europesays.com\/fi\/wp-json\/wp\/v2\/tags?post=41058"}],"curies":[{"name":"wp","href":"https:\/\/api.w.org\/{rel}","templated":true}]}}