{"id":41062,"date":"2025-09-21T07:35:09","date_gmt":"2025-09-21T07:35:09","guid":{"rendered":"https:\/\/www.europesays.com\/fi\/41062\/"},"modified":"2025-09-21T07:35:09","modified_gmt":"2025-09-21T07:35:09","slug":"sateet-vyoryvat-suomen-yli-taalla-voidaan-mitata-silti-20-astetta","status":"publish","type":"post","link":"https:\/\/www.europesays.com\/fi\/41062\/","title":{"rendered":"Sateet vy\u00f6ryv\u00e4t Suomen yli \u2013 T\u00e4\u00e4ll\u00e4 voidaan mitata silti 20 astetta"},"content":{"rendered":"<p>Sunnuntaina Suomessa sataa monin paikoin vett\u00e4.<\/p>\n<p><img decoding=\"async\" class=\"image image-show image-preview\" src=\"https:\/\/www.europesays.com\/fi\/wp-content\/uploads\/2025\/09\/05e6bf11312978b488669c421386c947bc7522315e17437db846dadd60bca9bb.jpg\" alt=\"\"\/><img decoding=\"async\" class=\"image image-show\" src=\"https:\/\/www.europesays.com\/fi\/wp-content\/uploads\/2025\/09\/1758440108_454_05e6bf11312978b488669c421386c947bc7522315e17437db846dadd60bca9bb.jpg\" alt=\"\"\/><\/p>\n<p>Ensi viikolla halla ja y\u00f6pakkaset ovat mahdollisia my\u00f6s maan etel\u00e4osissa. Jenni G\u00e4stgivar<\/p>\n<p class=\"paragraph\">Suomen yli liikkuu sunnuntaina matalapaineita. Sadekartan perusteella paikoin voi sataa runsaastikin vett\u00e4. Lounaasta saapuvat sadealueet pyyhk\u00e4isev\u00e4t sunnuntain aikana l\u00e4hes koko maan yli.<\/p>\n<p class=\"paragraph\">Etel\u00e4-Suomessa ja paikoin maan keskiosissa sunnuntain l\u00e4mp\u00f6tilat hipovat korkeimmillaan 20 astetta. Lapissa l\u00e4mp\u00f6tilat kohoavat 5 ja 10 asteen v\u00e4lille. Muussa maassa l\u00e4mp\u00f6tilat vaihtelevat noin 8 ja 14 asteen v\u00e4lill\u00e4.<\/p>\n<p class=\"paragraph\">Lounaistuuli voi sunnuntaina voimistua maan etel\u00e4- ja keskiosissa kohtalaiseksi ja puuskaiseksi.<\/p>\n<p class=\"paragraph\"><a href=\"https:\/\/www.foreca.fi\/meteorologilta\/dnfnltpr\" target=\"_blank\" rel=\"noopener nofollow\">Forecan<\/a> arvion mukaan sunnuntain ja maanantain vuorokauden sadem\u00e4\u00e4r\u00e4t voivat ylt\u00e4\u00e4 jopa 20\u201350 millimetriin.<\/p>\n<p class=\"paragraph\">Maanantaina sateet jatkuvat ja l\u00e4mp\u00f6tilat putoavat l\u00e4hes koko maassa noin viisi astetta. Tiistaina sateet v\u00e4henev\u00e4t ja s\u00e4\u00e4 kylmenee edelleen. Pilvipeite rakoilee ja etenkin l\u00e4nsirannikolla voi paistaa monin paikoin aurinko.<\/p>\n<p class=\"paragraph\">Y\u00f6l\u00e4mp\u00f6tilat laskevat viikon edetess\u00e4 0 ja 5 asteen v\u00e4lille suuressa osassa maata. Halla ja y\u00f6pakkaset ovat mahdollisia my\u00f6s maan etel\u00e4osissa. Viikon loppupuolella s\u00e4\u00e4 voi ennusteiden mukaan l\u00e4mmet\u00e4.<\/p>\n<p><a href=\"https:\/\/www.iltalehti.fi\/parassaa?storeCampaign=ArticleBottomBanner\" rel=\"nofollow noopener\" target=\"_blank\"><img decoding=\"async\" src=\"https:\/\/www.europesays.com\/fi\/wp-content\/uploads\/2025\/08\/d0fd7860228df4fdd5fd0367e49d769aa09b08189080ddc5ccdd8c31ad63aca9.png\" alt=\"IL Paras S\u00e4\u00e4 - S\u00e4\u00e4tiedot ja s\u00e4\u00e4ennusteet\"\/><\/a><\/p>\n","protected":false},"excerpt":{"rendered":"Sunnuntaina Suomessa sataa monin paikoin vett\u00e4. Ensi viikolla halla ja y\u00f6pakkaset ovat mahdollisia my\u00f6s maan etel\u00e4osissa. Jenni G\u00e4stgivar&hellip;\n","protected":false},"author":2,"featured_media":41063,"comment_status":"","ping_status":"","sticky":false,"template":"","format":"standard","meta":{"footnotes":""},"categories":[12],"tags":[35,22,23,26,27,33,31,30,17,713,24,25,28,29,715,15,18,21,710,714,1942,32,19,20,16],"class_list":{"0":"post-41062","1":"post","2":"type-post","3":"status-publish","4":"format-standard","5":"has-post-thumbnail","7":"category-suomi","8":"tag-24h","9":"tag-breaking-news","10":"tag-breakingnews","11":"tag-featured-news","12":"tag-featurednews","13":"tag-fi","14":"tag-finland","15":"tag-finnish","16":"tag-headlines","17":"tag-lampotila-saa","18":"tag-latest-news","19":"tag-latestnews","20":"tag-main-news","21":"tag-mainnews","22":"tag-meteorologia","23":"tag-news","24":"tag-otsikot","25":"tag-paauutiset","26":"tag-saa","27":"tag-saaennustus","28":"tag-sateinen-saa","29":"tag-suomi","30":"tag-top-stories","31":"tag-topstories","32":"tag-uutiset"},"share_on_mastodon":{"url":"","error":""},"_links":{"self":[{"href":"https:\/\/www.europesays.com\/fi\/wp-json\/wp\/v2\/posts\/41062","targetHints":{"allow":["GET"]}}],"collection":[{"href":"https:\/\/www.europesays.com\/fi\/wp-json\/wp\/v2\/posts"}],"about":[{"href":"https:\/\/www.europesays.com\/fi\/wp-json\/wp\/v2\/types\/post"}],"author":[{"embeddable":true,"href":"https:\/\/www.europesays.com\/fi\/wp-json\/wp\/v2\/users\/2"}],"replies":[{"embeddable":true,"href":"https:\/\/www.europesays.com\/fi\/wp-json\/wp\/v2\/comments?post=41062"}],"version-history":[{"count":0,"href":"https:\/\/www.europesays.com\/fi\/wp-json\/wp\/v2\/posts\/41062\/revisions"}],"wp:featuredmedia":[{"embeddable":true,"href":"https:\/\/www.europesays.com\/fi\/wp-json\/wp\/v2\/media\/41063"}],"wp:attachment":[{"href":"https:\/\/www.europesays.com\/fi\/wp-json\/wp\/v2\/media?parent=41062"}],"wp:term":[{"taxonomy":"category","embeddable":true,"href":"https:\/\/www.europesays.com\/fi\/wp-json\/wp\/v2\/categories?post=41062"},{"taxonomy":"post_tag","embeddable":true,"href":"https:\/\/www.europesays.com\/fi\/wp-json\/wp\/v2\/tags?post=41062"}],"curies":[{"name":"wp","href":"https:\/\/api.w.org\/{rel}","templated":true}]}}