{"id":41064,"date":"2025-09-21T07:36:07","date_gmt":"2025-09-21T07:36:07","guid":{"rendered":"https:\/\/www.europesays.com\/fi\/41064\/"},"modified":"2025-09-21T07:36:07","modified_gmt":"2025-09-21T07:36:07","slug":"yhdysvaltain-puolustusministerio-ilmoitti-uusista-rajoituksista-toimittajille","status":"publish","type":"post","link":"https:\/\/www.europesays.com\/fi\/41064\/","title":{"rendered":"Yhdysvaltain puolustusministeri\u00f6 ilmoitti uusista rajoituksista toimittajille"},"content":{"rendered":"<p>17-sivuisessa muistiossa sanotaan, ett\u00e4 julkaistavat tiedot tulee hyv\u00e4ksytt\u00e4\u00e4 asianmukaisella viranomaisella, vaikka tiedot eiv\u00e4t olisi salassa pidett\u00e4vi\u00e4.<\/p>\n<p class=\"article-body mb-nof-24 px-nof-16\">Yhdysvaltain puolustusministeri\u00f6 on ilmoittanut uusista rajoituksista toimittajille, jotka ty\u00f6skentelev\u00e4t sen hallintorakennuksessa eli Pentagonissa, uutisoivat useat kansainv\u00e4liset mediat.<\/p>\n<p class=\"article-body mb-nof-24 px-nof-16\">Muun muassa <a class=\"article-genericlink\" href=\"https:\/\/www.nytimes.com\/2025\/09\/20\/business\/media\/pentagon-restrictions-reporters-hegseth-trump.html?gsid=73f02325-40af-4f8a-902c-37fd6b2b9c49\" rel=\"nofollow noopener\" target=\"_blank\">New York Times<\/a> kirjoittaa, ett\u00e4 toimittajat eiv\u00e4t jatkossa saisi ker\u00e4t\u00e4 tai k\u00e4ytt\u00e4\u00e4 tietoja, joita ei ole virallisesti hyv\u00e4ksytty julkaistavaksi. 17-sivuisessa muistiossa sanotaan, ett\u00e4 julkaistavat tiedot tulee hyv\u00e4ksytt\u00e4\u00e4 asianmukaisella viranomaisella, vaikka tiedot eiv\u00e4t olisi salassa pidett\u00e4vi\u00e4. Samalla muistiossa sanotaan medioiden mukaan, ett\u00e4 puolustusministeri\u00f6 on \u201dsitoutunut avoimuuteen edist\u00e4\u00e4kseen vastuullisuutta ja yleis\u00f6n luottamusta\u201d.<\/p>\n<p class=\"article-body mb-nof-24 px-nof-16\">Toisin toimiessa riskin\u00e4 on, ett\u00e4 toimittaja menett\u00e4\u00e4 lupansa toimia Pentagonissa.<\/p>\n<p class=\"article-body mb-nof-24 px-nof-16\">Puolustusministeri <a class=\"article-personlink\" href=\"https:\/\/www.is.fi\/haku\/?query=Pete%20Hegseth\" rel=\"nofollow noopener\" target=\"_blank\">Pete Hegseth <\/a>on t\u00e4n\u00e4 vuonna ollut osallinen ainakin kahdessa viestint\u00e4skandaalissa. Hegsethin on esimerkiksi katsottu jakaneen maaliskuussa salaista tietoa Jemenin sotilasiskuista Signal-viestisovelluksessa.<\/p>\n<p class=\"article-body mb-nof-24 px-nof-16\">Uusin p\u00e4\u00e4t\u00f6s on her\u00e4tt\u00e4nyt kritiikki\u00e4 toimittajissa ja lehdist\u00f6nvapauden puolustajissa. Yhdysvaltalaisen toimittajaj\u00e4rjest\u00f6n National Press Clubin puheenjohtaja<a class=\"article-personlink\" href=\"https:\/\/www.is.fi\/haku\/?query=%20Mike%20Balsamo\" rel=\"nofollow noopener\" target=\"_blank\"> Mike Balsamo<\/a> kuvasi <a class=\"article-genericlink\" href=\"https:\/\/www.theguardian.com\/us-news\/2025\/sep\/20\/pentagon-journalists-restrictions-pledge\" rel=\"nofollow noopener\" target=\"_blank\">Guardian-lehden<\/a> mukaan rajoituksia hy\u00f6kk\u00e4ykseksi riippumatonta journalismia vastaan. Balsamo n\u00e4kee, ett\u00e4 riippumatonta journalismia tarvitaan tarkastellessa erityisesti Yhdysvaltain puolustusvoimia.<\/p>\n<p class=\"article-body mb-nof-24 px-nof-16\">\u2013\u2009Jos uutiset armeijastamme t\u00e4ytyy ensin hyv\u00e4ksytt\u00e4\u00e4 hallituksella, yleis\u00f6 ei en\u00e4\u00e4 saa riippumatonta raportointia. Se saa vain sen, mit\u00e4 viranomaiset haluavat heid\u00e4n n\u00e4kev\u00e4n. T\u00e4m\u00e4n pit\u00e4isi huolestuttaa jokaista amerikkalaista, Balsamo sanoi Guardianin mukaan.<\/p>\n","protected":false},"excerpt":{"rendered":"17-sivuisessa muistiossa sanotaan, ett\u00e4 julkaistavat tiedot tulee hyv\u00e4ksytt\u00e4\u00e4 asianmukaisella viranomaisella, vaikka tiedot eiv\u00e4t olisi salassa pidett\u00e4vi\u00e4. Yhdysvaltain puolustusministeri\u00f6&hellip;\n","protected":false},"author":2,"featured_media":41065,"comment_status":"","ping_status":"","sticky":false,"template":"","format":"standard","meta":{"footnotes":""},"categories":[5],"tags":[22,23,26,27,33,31,30,17,34,24,25,28,29,15,18,21,32,19,20,16],"class_list":{"0":"post-41064","1":"post","2":"type-post","3":"status-publish","4":"format-standard","5":"has-post-thumbnail","7":"category-otsikot","8":"tag-breaking-news","9":"tag-breakingnews","10":"tag-featured-news","11":"tag-featurednews","12":"tag-fi","13":"tag-finland","14":"tag-finnish","15":"tag-headlines","16":"tag-ilta-sanomat","17":"tag-latest-news","18":"tag-latestnews","19":"tag-main-news","20":"tag-mainnews","21":"tag-news","22":"tag-otsikot","23":"tag-paauutiset","24":"tag-suomi","25":"tag-top-stories","26":"tag-topstories","27":"tag-uutiset"},"share_on_mastodon":{"url":"","error":""},"_links":{"self":[{"href":"https:\/\/www.europesays.com\/fi\/wp-json\/wp\/v2\/posts\/41064","targetHints":{"allow":["GET"]}}],"collection":[{"href":"https:\/\/www.europesays.com\/fi\/wp-json\/wp\/v2\/posts"}],"about":[{"href":"https:\/\/www.europesays.com\/fi\/wp-json\/wp\/v2\/types\/post"}],"author":[{"embeddable":true,"href":"https:\/\/www.europesays.com\/fi\/wp-json\/wp\/v2\/users\/2"}],"replies":[{"embeddable":true,"href":"https:\/\/www.europesays.com\/fi\/wp-json\/wp\/v2\/comments?post=41064"}],"version-history":[{"count":0,"href":"https:\/\/www.europesays.com\/fi\/wp-json\/wp\/v2\/posts\/41064\/revisions"}],"wp:featuredmedia":[{"embeddable":true,"href":"https:\/\/www.europesays.com\/fi\/wp-json\/wp\/v2\/media\/41065"}],"wp:attachment":[{"href":"https:\/\/www.europesays.com\/fi\/wp-json\/wp\/v2\/media?parent=41064"}],"wp:term":[{"taxonomy":"category","embeddable":true,"href":"https:\/\/www.europesays.com\/fi\/wp-json\/wp\/v2\/categories?post=41064"},{"taxonomy":"post_tag","embeddable":true,"href":"https:\/\/www.europesays.com\/fi\/wp-json\/wp\/v2\/tags?post=41064"}],"curies":[{"name":"wp","href":"https:\/\/api.w.org\/{rel}","templated":true}]}}