{"id":41066,"date":"2025-09-21T07:48:08","date_gmt":"2025-09-21T07:48:08","guid":{"rendered":"https:\/\/www.europesays.com\/fi\/41066\/"},"modified":"2025-09-21T07:48:08","modified_gmt":"2025-09-21T07:48:08","slug":"kukaan-elamani-biisi-vieraista-ei-arvannut-oikein","status":"publish","type":"post","link":"https:\/\/www.europesays.com\/fi\/41066\/","title":{"rendered":"Kukaan El\u00e4m\u00e4ni biisi -vieraista ei arvannut oikein"},"content":{"rendered":"<p>El\u00e4m\u00e4ni biisi -ohjelmassa oli lauantaina Roosa nauha -teema.<\/p>\n<p>El\u00e4m\u00e4ni biisi -ohjelman alkaneella kaudella n\u00e4hd\u00e4\u00e4n uusia solisteja \u2013 t\u00e4ss\u00e4 he ovat<\/p>\n<p class=\"article-body mb-nof-24 px-nof-16\">Lauantai-illan El\u00e4m\u00e4ni biisi -ohjelmassa tehtiin kyseenalaista historiaa, sill\u00e4 illan vieraista yksik\u00e4\u00e4n ei arvannut toistensa valitsemia kappaleita oikein.<\/p>\n<p class=\"article-body mb-nof-24 px-nof-16\">Vieraiksi olivat saapuneet laulaja <a class=\"article-personlink\" href=\"https:\/\/www.is.fi\/haku\/?query=Anna%20Puu\" rel=\"nofollow noopener\" target=\"_blank\">Anna Puu<\/a>, ex-nyrkkeilij\u00e4 <a class=\"article-personlink\" href=\"https:\/\/www.is.fi\/haku\/?query=Eva%20Wahlstr%C3%B6m\" rel=\"nofollow noopener\" target=\"_blank\">Eva Wahlstr\u00f6m<\/a>, Duudsonien <a class=\"article-personlink\" href=\"https:\/\/www.is.fi\/haku\/?query=Jukka%20Hild%C3%A9n\" rel=\"nofollow noopener\" target=\"_blank\">Jukka Hild\u00e9n<\/a>, muotisuunnittelija<a class=\"article-personlink\" href=\"https:\/\/www.is.fi\/haku\/?query=%20Jukka%20Rintala\" rel=\"nofollow noopener\" target=\"_blank\"> Jukka Rintala<\/a> sek\u00e4 kenk\u00e4suunnittelija <a class=\"article-personlink\" href=\"https:\/\/www.is.fi\/haku\/?query=Minna%20Parikka\" rel=\"nofollow noopener\" target=\"_blank\">Minna Parikka<\/a>.<\/p>\n<p class=\"article-body mb-nof-24 px-nof-16\">Heti jakson alkuun juontaja <a class=\"article-personlink\" href=\"https:\/\/www.is.fi\/haku\/?query=Katja%20St%C3%A5hl\" rel=\"nofollow noopener\" target=\"_blank\">Katja St\u00e5hl<\/a> kommentoi, ett\u00e4 vieraiden vihjeet olivat harvinaisen napakoita. Vihjeet eiv\u00e4t tosiaan kantaneet pitk\u00e4lle, sill\u00e4 yksik\u00e4\u00e4n arvauksista ei osunut oikeaan.<\/p>\n<p class=\"article-body mb-nof-24 px-nof-16\">\u2013 Siis ei voi olla totta. Te ette tied\u00e4 yht\u00e4\u00e4n mit\u00e4\u00e4n, p\u00e4ivitteli St\u00e5hl, kun kaksi ensimm\u00e4ist\u00e4 arvausta olivat paljastuneet v\u00e4\u00e4riksi.<\/p>\n<p class=\"article-body mb-nof-24 px-nof-16\">T\u00e4m\u00e4n j\u00e4lkeen Puu vitsaili siit\u00e4, ettei kukaan saa yht\u00e4\u00e4n pistett\u00e4.<\/p>\n<p class=\"article-body mb-nof-24 px-nof-16\">Nauru yltyi studiossa, kun historiaa tosiaan tehtiin, eik\u00e4 kukaan arvannut yht\u00e4\u00e4n kappaletta oikein.<\/p>\n<p class=\"article-body mb-nof-24 px-nof-16\">\u2013 Te yrit\u00e4tte olla erikoisuuden tavoittelijoita. Sill\u00e4 ei p\u00e4rj\u00e4t\u00e4 t\u00e4ss\u00e4 peliss\u00e4, St\u00e5hl t\u00e4r\u00e4ytti.<\/p>\n<p class=\"article-body mb-nof-24 px-nof-16\">Lopuksi h\u00e4n totesi, ett\u00e4 ainakaan ei tule riitaa tuloksista.<\/p>\n<p class=\"article-body mb-nof-24 px-nof-16\">\u2013 Tasapeli, kukaan ei voittanut yht\u00e4\u00e4n mit\u00e4\u00e4n. Kauhean kiva, ett\u00e4 tulitte t\u00e4nne viihtym\u00e4\u00e4n, h\u00e4n kuittaili.<\/p>\n<p class=\"article-body mb-nof-24 px-nof-16\">Tuloksettomat arvailut naurattivat my\u00f6s kotikatsomossa.<\/p>\n<p class=\"article-body mb-nof-24 px-nof-16\">\u2013 Hajoon, ett\u00e4 kukaan ei arvannut yht\u00e4\u00e4n, kirjoitti er\u00e4s katsoja keskustelusovellus Jodelissa.<\/p>\n<p class=\"article-body mb-nof-24 px-nof-16\">Ohjelmassa n\u00e4htyjen keskim\u00e4\u00e4r\u00e4isten katsoja-arvausten perusteella veikkaukset katsojien puoleltakaan eiv\u00e4t menneet nappiin. Niist\u00e4 yksik\u00e4\u00e4n ei osunut kohdalleen.<\/p>\n<p class=\"article-body mb-nof-24 px-nof-16\">Jaksossa n\u00e4htiin esitykset kappaleista Run The World (Girls), joka paljastui Parikan valinnaksi, Lintu, joka oli inspiroinut Anna Puun tekem\u00e4\u00e4n kappaleen Linnuton puu, Wonder, joka oli yll\u00e4tt\u00e4en Wahlstr\u00f6min valinta, T.N.T, jonka Hild\u00e9n oli valinnut ja Oblivion, joka viimeisen\u00e4 paljastui Rintalan suosikiksi.<\/p>\n<p class=\"article-body mb-nof-24 px-nof-16\">El\u00e4m\u00e4ni biisi -l\u00e4hetyksess\u00e4 oli Roosa nauha -teema. Jokainen jakson vieras on suunnitellut oman nauhansa kyseiseen Sy\u00f6p\u00e4s\u00e4\u00e4ti\u00f6n kampanjaan. Vaaleanpunaista n\u00e4htiin my\u00f6s monen vaatteissa.<\/p>\n","protected":false},"excerpt":{"rendered":"El\u00e4m\u00e4ni biisi -ohjelmassa oli lauantaina Roosa nauha -teema. El\u00e4m\u00e4ni biisi -ohjelman alkaneella kaudella n\u00e4hd\u00e4\u00e4n uusia solisteja \u2013 t\u00e4ss\u00e4&hellip;\n","protected":false},"author":2,"featured_media":41067,"comment_status":"","ping_status":"","sticky":false,"template":"","format":"standard","meta":{"footnotes":""},"categories":[136],"tags":[407,137,33,31,30,34,408,32,109],"class_list":{"0":"post-41066","1":"post","2":"type-post","3":"status-publish","4":"format-standard","5":"has-post-thumbnail","7":"category-julkkikset","8":"tag-celebrities","9":"tag-entertainment","10":"tag-fi","11":"tag-finland","12":"tag-finnish","13":"tag-ilta-sanomat","14":"tag-julkkikset","15":"tag-suomi","16":"tag-viihde"},"share_on_mastodon":{"url":"","error":""},"_links":{"self":[{"href":"https:\/\/www.europesays.com\/fi\/wp-json\/wp\/v2\/posts\/41066","targetHints":{"allow":["GET"]}}],"collection":[{"href":"https:\/\/www.europesays.com\/fi\/wp-json\/wp\/v2\/posts"}],"about":[{"href":"https:\/\/www.europesays.com\/fi\/wp-json\/wp\/v2\/types\/post"}],"author":[{"embeddable":true,"href":"https:\/\/www.europesays.com\/fi\/wp-json\/wp\/v2\/users\/2"}],"replies":[{"embeddable":true,"href":"https:\/\/www.europesays.com\/fi\/wp-json\/wp\/v2\/comments?post=41066"}],"version-history":[{"count":0,"href":"https:\/\/www.europesays.com\/fi\/wp-json\/wp\/v2\/posts\/41066\/revisions"}],"wp:featuredmedia":[{"embeddable":true,"href":"https:\/\/www.europesays.com\/fi\/wp-json\/wp\/v2\/media\/41067"}],"wp:attachment":[{"href":"https:\/\/www.europesays.com\/fi\/wp-json\/wp\/v2\/media?parent=41066"}],"wp:term":[{"taxonomy":"category","embeddable":true,"href":"https:\/\/www.europesays.com\/fi\/wp-json\/wp\/v2\/categories?post=41066"},{"taxonomy":"post_tag","embeddable":true,"href":"https:\/\/www.europesays.com\/fi\/wp-json\/wp\/v2\/tags?post=41066"}],"curies":[{"name":"wp","href":"https:\/\/api.w.org\/{rel}","templated":true}]}}