{"id":41068,"date":"2025-09-21T07:51:07","date_gmt":"2025-09-21T07:51:07","guid":{"rendered":"https:\/\/www.europesays.com\/fi\/41068\/"},"modified":"2025-09-21T07:51:07","modified_gmt":"2025-09-21T07:51:07","slug":"tassa-on-vain-elamaa-veskun-uusi-rakas-lemmenlomalla","status":"publish","type":"post","link":"https:\/\/www.europesays.com\/fi\/41068\/","title":{"rendered":"T\u00e4ss\u00e4 on Vain el\u00e4m\u00e4\u00e4 -Veskun uusi rakas &#8211; lemmenlomalla!"},"content":{"rendered":"<p>Vain el\u00e4m\u00e4\u00e4 -t\u00e4hten\u00e4kin loistanut Suomen ikiroutapunkkari Vesku Jokinen erosi viime vuoden lopulla Minja-vaimostaan.<\/p>\n<p>Miss Jyv\u00e4skyl\u00e4n perint\u00f6prinsessanakin muistettava kaunotar ja punkj\u00e4\u00e4r\u00e4 olivat olleet yhdess\u00e4 yli kuusi vuotta. Naimisiin he meniv\u00e4t vuonna 2023, joten virallinen liitto ei j\u00e4\u00e4nyt kovin pitk\u00e4ksi.<\/p>\n<p>\u2013\u00a0Olemme molemmat kiitollisia yhteisest\u00e4 seitsem\u00e4n vuoden mahtavasta seikkailusta. Olemme oppineet toisiltamme paljon ja kasvaneet molemmat ihmisin\u00e4 yhdess\u00e4. V\u00e4lill\u00e4mme on syv\u00e4 kunnioitus ja arvostus toisiamme kohtaan, Vesku kirjoitti tuolloin Instagramissa.<\/p>\n<p>Vesku nimesi rakkaansa kes\u00e4ll\u00e4<\/p>\n<p>Kes\u00e4ll\u00e4 55-vuotias rokkari my\u00f6nsi Seiskalle ihastuneensa uudemman kerran. Sinkkuajasta ei siis tullut pitk\u00e4. Tuolloin viel\u00e4 varovaisin sanak\u00e4\u00e4ntein asiasta puhunut Vesku kertoi, ett\u00e4 h\u00e4n viihtyy Ylen radiotoimittajana ty\u00f6skentelev\u00e4n Anki Westerg\u00e5rdin kanssa.<\/p>\n<p>Anki ty\u00f6skentelee tutkivana toimittajana ruotsinkielisell\u00e4 Ylell\u00e4.<\/p>\n<p>Kes\u00e4ll\u00e4 Vesku my\u00f6nsi, ett\u00e4 kyse oli ollut er\u00e4\u00e4nlaisesta salamarakastumisesta.<\/p>\n<p>T\u00e4m\u00e4 on kuitenkin kantanut. Ollaan jo syksyss\u00e4, ja pari viihtyy entist\u00e4 paremmin yhdess\u00e4.<\/p>\n<p>He ovat julkaisseet kuvia somessa toisistaan, ja nyt he ovat etel\u00e4nlomalla yhdess\u00e4. <\/p>\n<p>Paikka on Alanya, ja Vesku kirjoittaa <strong><a href=\"https:\/\/www.instagram.com\/p\/DO1NKeTDFNy\/\" rel=\"nofollow noopener\" target=\"_blank\">KUVAJULKAISUSSA,<\/a><\/strong> ett\u00e4 \u201dotetaanpa viel\u00e4 jatkoa kes\u00e4lle, kaikenlainen pulikointi on sallittua.\u201d<\/p>\n<p>Kuvajulkaisussa pari on hell\u00e4sti l\u00e4hekk\u00e4in ja Anki nuuhkuttelee Veskun niskaa.<\/p>\n<p>Lue my\u00f6s: <a href=\"https:\/\/www.como.fi\/tilaa-comon-uutiskirje\/\" title=\"Tilaa Comon uutiskirje ja tied\u00e4t mist\u00e4 kahvitauolla puhutaan! Nappaa kotimaan tv-vinkit ja puheenaiheet suoraan s\u00e4hk\u00f6postiin t\u00e4st\u00e4.\" class=\"underline-custom !font-montserrat !font-bold !underline-offset-4 !decoration-4 !decoration-red-600 !text-md\" rel=\"nofollow noopener\" target=\"_blank\">Tilaa Comon uutiskirje ja tied\u00e4t mist\u00e4 kahvitauolla puhutaan! Nappaa kotimaan tv-vinkit ja puheenaiheet suoraan s\u00e4hk\u00f6postiin t\u00e4st\u00e4.<\/a><\/p>\n<p>\t\t\t<script async src=\"\/\/www.instagram.com\/embed.js\"><\/script><\/p>\n","protected":false},"excerpt":{"rendered":"Vain el\u00e4m\u00e4\u00e4 -t\u00e4hten\u00e4kin loistanut Suomen ikiroutapunkkari Vesku Jokinen erosi viime vuoden lopulla Minja-vaimostaan. Miss Jyv\u00e4skyl\u00e4n perint\u00f6prinsessanakin muistettava kaunotar&hellip;\n","protected":false},"author":2,"featured_media":41069,"comment_status":"","ping_status":"","sticky":false,"template":"","format":"standard","meta":{"footnotes":""},"categories":[133],"tags":[137,33,31,30,32,206,156,11033,109],"class_list":{"0":"post-41068","1":"post","2":"type-post","3":"status-publish","4":"format-standard","5":"has-post-thumbnail","7":"category-televisiot","8":"tag-entertainment","9":"tag-fi","10":"tag-finland","11":"tag-finnish","12":"tag-suomi","13":"tag-televisiot","14":"tag-tv","15":"tag-vesku-jokinen","16":"tag-viihde"},"share_on_mastodon":{"url":"","error":""},"_links":{"self":[{"href":"https:\/\/www.europesays.com\/fi\/wp-json\/wp\/v2\/posts\/41068","targetHints":{"allow":["GET"]}}],"collection":[{"href":"https:\/\/www.europesays.com\/fi\/wp-json\/wp\/v2\/posts"}],"about":[{"href":"https:\/\/www.europesays.com\/fi\/wp-json\/wp\/v2\/types\/post"}],"author":[{"embeddable":true,"href":"https:\/\/www.europesays.com\/fi\/wp-json\/wp\/v2\/users\/2"}],"replies":[{"embeddable":true,"href":"https:\/\/www.europesays.com\/fi\/wp-json\/wp\/v2\/comments?post=41068"}],"version-history":[{"count":0,"href":"https:\/\/www.europesays.com\/fi\/wp-json\/wp\/v2\/posts\/41068\/revisions"}],"wp:featuredmedia":[{"embeddable":true,"href":"https:\/\/www.europesays.com\/fi\/wp-json\/wp\/v2\/media\/41069"}],"wp:attachment":[{"href":"https:\/\/www.europesays.com\/fi\/wp-json\/wp\/v2\/media?parent=41068"}],"wp:term":[{"taxonomy":"category","embeddable":true,"href":"https:\/\/www.europesays.com\/fi\/wp-json\/wp\/v2\/categories?post=41068"},{"taxonomy":"post_tag","embeddable":true,"href":"https:\/\/www.europesays.com\/fi\/wp-json\/wp\/v2\/tags?post=41068"}],"curies":[{"name":"wp","href":"https:\/\/api.w.org\/{rel}","templated":true}]}}