{"id":41070,"date":"2025-09-21T07:53:07","date_gmt":"2025-09-21T07:53:07","guid":{"rendered":"https:\/\/www.europesays.com\/fi\/41070\/"},"modified":"2025-09-21T07:53:07","modified_gmt":"2025-09-21T07:53:07","slug":"james-bond-tahden-vakoilutrilleri-hurautti-suoratoistohitiksi-nayttelijakaarti-yhta-kova-kuin-spartan-armeija","status":"publish","type":"post","link":"https:\/\/www.europesays.com\/fi\/41070\/","title":{"rendered":"James Bond -t\u00e4hden vakoilutrilleri hurautti suoratoistohitiksi &#8211; N\u00e4yttelij\u00e4kaarti yht\u00e4 kova kuin Spartan armeija"},"content":{"rendered":"<p><strong>Steven Soderberghinin<\/strong> ohjaama Black Bag sai ensi-iltansa kev\u00e4\u00e4ll\u00e4 2025, mutta teatterimenestys j\u00e4i vaisuksi.<\/p>\n<p>Nyt elokuva hurauttanut Yhdysvaltojen katsotuimpien elokuvien k\u00e4rkisijoille Prime Videossa.<\/p>\n<p>Black Bag kertoo salaisen palvelun vuodosta ja sen tutkinnasta. P\u00e4\u00e4henkil\u00f6 George Woodhouse (<strong>Michael Fassbender<\/strong>) ep\u00e4ilee vaimoaan Kathrynia (<strong>Cate Blanchett<\/strong>), joka on niin ik\u00e4\u00e4n vakooja.<\/p>\n<p>Lue my\u00f6s: <a href=\"https:\/\/www.episodi.fi\/uutiset\/ovatko-keskibudjetin-elokuvat-katoava-luonnonvara-jos-yli-25-vuotiaita-ei-saada-teattereihin-olemme-ongelmissa\/\" title=\"Ovatko keskibudjetin elokuvat katoava luonnonvara? \u2013 \u201dJos yli 25-vuotiaita ei saada teattereihin, olemme pulassa\u201d\" class=\"underline-custom !font-montserrat !font-bold !underline-offset-4 !decoration-4 !decoration-episodi-blue !text-md\" rel=\"nofollow noopener\" target=\"_blank\">Ovatko keskibudjetin elokuvat katoava luonnonvara? \u2013 \u201dJos yli 25-vuotiaita ei saada teattereihin, olemme pulassa\u201d<\/a><\/p>\n<p>Lue my\u00f6s: <a href=\"https:\/\/www.episodi.fi\/uutiset\/cate-blanchett-ja-michael-fassbender-vihdoinkin-yhdessa-agenttitarinan-ohjaajana-oceans-elokuvien-tekija\/\" title=\"Cate Blanchett ja Michael Fassbender vihdoinkin yhdess\u00e4 \u2013 Agenttitarinan ohjaajana Ocean\u2019s-elokuvien tekij\u00e4\" class=\"underline-custom !font-montserrat !font-bold !underline-offset-4 !decoration-4 !decoration-episodi-blue !text-md\" rel=\"nofollow noopener\" target=\"_blank\">Cate Blanchett ja Michael Fassbender vihdoinkin yhdess\u00e4 \u2013 Agenttitarinan ohjaajana Ocean\u2019s-elokuvien tekij\u00e4<\/a><\/p>\n<p>Tarinan keski\u00f6ss\u00e4 on illallisistunto, johon Woodhouse kutsuu kaikki ep\u00e4illyt testatakseen heid\u00e4n uskollisuuttaan.<\/p>\n<p>Leffassa James Bond -veteraani <strong>Pierce Brosnan <\/strong>esitt\u00e4\u00e4 p\u00e4\u00e4henkil\u00f6n mentoria. K\u00e4sikirjoituksesta vastaa <strong>David Koepp<\/strong>, joka on ty\u00f6skennellyt muun muassa Jurassic Park \u2013 ja Mission: Impossible -elokuvissa.<\/p>\n<p>Vaikka Black Bag suunniteltiin yksitt\u00e4iseksi tarinaksi, Soderbergh on kertonut, ett\u00e4 jatko-osa ei ole poissuljettu. Se k\u00e4sittelisi loppuhuipennuksen seurauksia ja James-hahmon (<strong>Reg\u00e9-Jean Page<\/strong>) kohtaloa.<\/p>\n<p>Suomalaisista suoratoistoista Black Bagia ei viel\u00e4 n\u00e4e.<\/p>\n<p>L\u00e4hde: <a href=\"https:\/\/collider.com\/pierce-brosnan-black-bag-prime-video-streaming-success-september-2025\/\" rel=\"nofollow noopener\" target=\"_blank\">Collider<\/a><\/p>\n","protected":false},"excerpt":{"rendered":"Steven Soderberghinin ohjaama Black Bag sai ensi-iltansa kev\u00e4\u00e4ll\u00e4 2025, mutta teatterimenestys j\u00e4i vaisuksi. Nyt elokuva hurauttanut Yhdysvaltojen katsotuimpien&hellip;\n","protected":false},"author":2,"featured_media":41071,"comment_status":"","ping_status":"","sticky":false,"template":"","format":"standard","meta":{"footnotes":""},"categories":[131],"tags":[11034,155,137,33,173,31,30,172,2295,32,109],"class_list":{"0":"post-41070","1":"post","2":"type-post","3":"status-publish","4":"format-standard","5":"has-post-thumbnail","7":"category-elokuvat","8":"tag-black-bag","9":"tag-elokuvat","10":"tag-entertainment","11":"tag-fi","12":"tag-film","13":"tag-finland","14":"tag-finnish","15":"tag-movies","16":"tag-pierce-brosnan","17":"tag-suomi","18":"tag-viihde"},"share_on_mastodon":{"url":"","error":""},"_links":{"self":[{"href":"https:\/\/www.europesays.com\/fi\/wp-json\/wp\/v2\/posts\/41070","targetHints":{"allow":["GET"]}}],"collection":[{"href":"https:\/\/www.europesays.com\/fi\/wp-json\/wp\/v2\/posts"}],"about":[{"href":"https:\/\/www.europesays.com\/fi\/wp-json\/wp\/v2\/types\/post"}],"author":[{"embeddable":true,"href":"https:\/\/www.europesays.com\/fi\/wp-json\/wp\/v2\/users\/2"}],"replies":[{"embeddable":true,"href":"https:\/\/www.europesays.com\/fi\/wp-json\/wp\/v2\/comments?post=41070"}],"version-history":[{"count":0,"href":"https:\/\/www.europesays.com\/fi\/wp-json\/wp\/v2\/posts\/41070\/revisions"}],"wp:featuredmedia":[{"embeddable":true,"href":"https:\/\/www.europesays.com\/fi\/wp-json\/wp\/v2\/media\/41071"}],"wp:attachment":[{"href":"https:\/\/www.europesays.com\/fi\/wp-json\/wp\/v2\/media?parent=41070"}],"wp:term":[{"taxonomy":"category","embeddable":true,"href":"https:\/\/www.europesays.com\/fi\/wp-json\/wp\/v2\/categories?post=41070"},{"taxonomy":"post_tag","embeddable":true,"href":"https:\/\/www.europesays.com\/fi\/wp-json\/wp\/v2\/tags?post=41070"}],"curies":[{"name":"wp","href":"https:\/\/api.w.org\/{rel}","templated":true}]}}