{"id":41072,"date":"2025-09-21T07:55:11","date_gmt":"2025-09-21T07:55:11","guid":{"rendered":"https:\/\/www.europesays.com\/fi\/41072\/"},"modified":"2025-09-21T07:55:11","modified_gmt":"2025-09-21T07:55:11","slug":"marcus-forss-loysi-maalivainunsa-kaksi-osumaa-viiden-kuukauden-tauon-jalkeen-urheilua-lyhyesti","status":"publish","type":"post","link":"https:\/\/www.europesays.com\/fi\/41072\/","title":{"rendered":"Marcus Forss l\u00f6ysi maalivainunsa: kaksi osumaa viiden kuukauden tauon j\u00e4lkeen | Urheilua lyhyesti"},"content":{"rendered":"<p class=\"aw-1gybjub aw-5vja16 cmIuaG zKETg yle__article__paragraph\">Jalkapalloilijana vaikeaa vaihetta l\u00e4pik\u00e4yv\u00e4 Marcus Forss, 26, oli tehnyt edellisen maalinsa 25. helmikuuta. H\u00e4n p\u00e4\u00e4si lauantaina ensi kertaa viiteen kuukauteen avaukseen sarjapeliss\u00e4.  <\/p>\n<p><img decoding=\"async\" alt=\"Marcus Forss otti ilon irti tehty\u00e4\u00e4n kaksi maalia Bolton Wanderersille 20.9.2025. \" src=\"https:\/\/www.europesays.com\/fi\/wp-content\/uploads\/2025\/09\/39-152653268cf95fae8c96.jpeg\" class=\"aw-1l9m598 hKVVvP\"\/><\/p>\n<p>Avaa kuvien katselu<\/p>\n<p>Marcus Forss otti ilon irti tehty\u00e4\u00e4n kaksi maalia Bolton Wanderersille 20.9.2025. Kuva: MI News\/NurPhoto\/Shutterstock\/All Over Press<\/p>\n<p class=\"aw-1gybjub aw-1p7kakr cmIuaG fmSRng yle__article__paragraph\">Yli 20 A-maaottelua pelannut <strong class=\"aw-ak79eh KyCXm yle__article__strong\">Marcus Forss<\/strong> teki kaksi maalia, kun Bolton kaatoi jalkapallon Englannin ykk\u00f6sliigassa \u2013 maan kolmanneksi korkeimmalla sarjatasolla \u2013 kotonaan Wiganin maalein 4-1.<\/p>\n<p class=\"aw-1gybjub aw-1p7kakr cmIuaG fmSRng yle__article__paragraph\">Forss sai paikallisottelusta parhaan pelaaja-arvostelun. H\u00e4n tuli vaihtoon 58. minuutilla raikuvien suosionosoituksien kanssa yli 25 565 katsojan edess\u00e4.<\/p>\n<p class=\"aw-1gybjub aw-1p7kakr cmIuaG fmSRng yle__article__paragraph\">\u2013 Olen superonnellinen p\u00e4\u00e4sty\u00e4ni kent\u00e4lle ja nautin tuolla nyt ihan kaikesta, iloitsi turkulainen lauantain ottelun j\u00e4lkeen.<\/p>\n<p class=\"aw-1gybjub aw-1p7kakr cmIuaG fmSRng yle__article__paragraph\">Bolton on sarjassa kymmenenten\u00e4, mutta voittanut kolmesta viime pelist\u00e4\u00e4n kaksi.<\/p>\n<p class=\"aw-1gybjub aw-1p7kakr cmIuaG fmSRng yle__article__paragraph\">Middlesbroughin suomalaispelaaja pelaa lainalla Boltonissa t\u00e4m\u00e4n kauden loppuun.<\/p>\n<p class=\"aw-1gybjub aw-1p7kakr cmIuaG fmSRng yle__article__paragraph\">Forss on pelannut viimeksi A-maajoukkueessa lokakuussa 2023.<\/p>\n","protected":false},"excerpt":{"rendered":"Jalkapalloilijana vaikeaa vaihetta l\u00e4pik\u00e4yv\u00e4 Marcus Forss, 26, oli tehnyt edellisen maalinsa 25. helmikuuta. H\u00e4n p\u00e4\u00e4si lauantaina ensi kertaa&hellip;\n","protected":false},"author":2,"featured_media":41073,"comment_status":"","ping_status":"","sticky":false,"template":"","format":"standard","meta":{"footnotes":""},"categories":[158],"tags":[11036,1924,11037,33,31,30,43,2824,11035,159,32,160],"class_list":{"0":"post-41072","1":"post","2":"type-post","3":"status-publish","4":"format-standard","5":"has-post-thumbnail","7":"category-urheilu","8":"tag-bolton-wanderers-fc","9":"tag-brittien-jalkapallo","10":"tag-englannin-ykkosliiga","11":"tag-fi","12":"tag-finland","13":"tag-finnish","14":"tag-jalkapallo","15":"tag-jalkapalloilijat-miehet","16":"tag-marcus-forss","17":"tag-sports","18":"tag-suomi","19":"tag-urheilu"},"share_on_mastodon":{"url":"","error":""},"_links":{"self":[{"href":"https:\/\/www.europesays.com\/fi\/wp-json\/wp\/v2\/posts\/41072","targetHints":{"allow":["GET"]}}],"collection":[{"href":"https:\/\/www.europesays.com\/fi\/wp-json\/wp\/v2\/posts"}],"about":[{"href":"https:\/\/www.europesays.com\/fi\/wp-json\/wp\/v2\/types\/post"}],"author":[{"embeddable":true,"href":"https:\/\/www.europesays.com\/fi\/wp-json\/wp\/v2\/users\/2"}],"replies":[{"embeddable":true,"href":"https:\/\/www.europesays.com\/fi\/wp-json\/wp\/v2\/comments?post=41072"}],"version-history":[{"count":0,"href":"https:\/\/www.europesays.com\/fi\/wp-json\/wp\/v2\/posts\/41072\/revisions"}],"wp:featuredmedia":[{"embeddable":true,"href":"https:\/\/www.europesays.com\/fi\/wp-json\/wp\/v2\/media\/41073"}],"wp:attachment":[{"href":"https:\/\/www.europesays.com\/fi\/wp-json\/wp\/v2\/media?parent=41072"}],"wp:term":[{"taxonomy":"category","embeddable":true,"href":"https:\/\/www.europesays.com\/fi\/wp-json\/wp\/v2\/categories?post=41072"},{"taxonomy":"post_tag","embeddable":true,"href":"https:\/\/www.europesays.com\/fi\/wp-json\/wp\/v2\/tags?post=41072"}],"curies":[{"name":"wp","href":"https:\/\/api.w.org\/{rel}","templated":true}]}}