{"id":41074,"date":"2025-09-21T07:56:10","date_gmt":"2025-09-21T07:56:10","guid":{"rendered":"https:\/\/www.europesays.com\/fi\/41074\/"},"modified":"2025-09-21T07:56:10","modified_gmt":"2025-09-21T07:56:10","slug":"robbie-williams-letkautteli-nanneista-kokaiinista-ja-strippareista-sitten-han-sanoi-jotain-johon-kiteytyi-kaikki","status":"publish","type":"post","link":"https:\/\/www.europesays.com\/fi\/41074\/","title":{"rendered":"Robbie Williams letkautteli n\u00e4nneist\u00e4, kokaiinista ja strippareista \u2013 Sitten h\u00e4n sanoi jotain, johon kiteytyi kaikki"},"content":{"rendered":"<p><a href=\"https:\/\/www.iltalehti.fi\/kirjoittajat\/Karoliina Simoinen\" class=\"article-description-pov-author\" rel=\"nofollow noopener\" target=\"_blank\"><\/p>\n<p>Karoliina Simoinen<\/p>\n<p><img decoding=\"async\" class=\"author-image\" src=\"https:\/\/www.europesays.com\/fi\/wp-content\/uploads\/2025\/08\/c4f6c1ed512ebfe9e748baf33a0a50ed4f7aa1fbdfff0e8f2600c38e7b7bcb94.png\" alt=\"\"\/><\/a><\/p>\n<p>Brittilaulaja Robbie Williamsin pop-spektaakkeli rakentui yhden kantavan teeman ymp\u00e4rille.<\/p>\n<p>T\u00e4n\u00e4\u00e4n klo 10:13<\/p>\n<p><img decoding=\"async\" class=\"image image-show image-preview\" src=\"https:\/\/www.europesays.com\/fi\/wp-content\/uploads\/2025\/09\/8db3e328b52de26dce04ac0d451b2aaff0ea8bff913ccf1f54b93481689e8852.jpg\" alt=\"\"\/><img decoding=\"async\" class=\"image image-show\" src=\"https:\/\/www.europesays.com\/fi\/wp-content\/uploads\/2025\/09\/1758402729_857_8db3e328b52de26dce04ac0d451b2aaff0ea8bff913ccf1f54b93481689e8852.jpg\" alt=\"\"\/><\/p>\n<p>Robbie Williamsista on liikkunut jo 20 vuotta sama huhu. Atte Kajova<\/p>\n<p class=\"paragraph\"><a href=\"https:\/\/www.iltalehti.fi\/henkilot\/Robbie Williamsin\" class=\"article-link-person-page\" rel=\"nofollow noopener\" target=\"_blank\">Robbie Williamsin<\/a> Olympiastadionin keikka lauantaina 20. syyskuuta ei ollut vain nostalginen pop-spektaakkeli t\u00e4ynn\u00e4 kimalletta, rock-eleit\u00e4 ja unohtumattomia hittej\u00e4. Konsertin l\u00e4pi kulki yksi selke\u00e4 juoni: vanheneminen.<\/p>\n<p class=\"paragraph\">Williams ei yritt\u00e4nyt teeskennell\u00e4 olevansa en\u00e4\u00e4 25-vuotias, vaan laittoi helsinkil\u00e4isyleis\u00f6lle pystyyn jopa h\u00e4mment\u00e4v\u00e4n rehellisen ja itseironisen show\u2019n.<\/p>\n<p class=\"paragraph\">Williams vitsaili omintakeiseen tyyliins\u00e4 keski-i\u00e4st\u00e4, harmaantumisesta, lapsiperhearjen haasteista ja siit\u00e4, ett\u00e4 rokkit\u00e4hdenkin el\u00e4m\u00e4 on muuttunut.<\/p>\n<p class=\"paragraph\">\u2013 Suomalaiset, onko minussa yh\u00e4 sit\u00e4? Ovatko parhaat p\u00e4iv\u00e4ni takana? Olenko vain Take Thatin lihava laulaja? Williams kysyi suomalaisyleis\u00f6lt\u00e4.<\/p>\n<p class=\"paragraph\">\u2013 Olette saapuneet katsomaan keski-ik\u00e4ist\u00e4 miest\u00e4 pinkiss\u00e4 paidassa kovilla n\u00e4nneill\u00e4. N\u00e4nnini eiv\u00e4t ole kovat sen takia, ett\u00e4 olisin kylmiss\u00e4ni tai kiihottuneessa tilassa \u2013 se ei ole onnistunut en\u00e4\u00e4 pitk\u00e4\u00e4n aikaan. Minun n\u00e4nnini ovat vain t\u00e4llaiset, Williams kommentoi keikan puoliv\u00e4lill\u00e4 asuaan.<\/p>\n<p class=\"paragraph\">\u2013 Olemme puoliv\u00e4liss\u00e4 keikkaa. Minun t\u00e4ytyy sy\u00f6d\u00e4 banaani. Ennen k\u00e4ytin kokaiinia ja strippareita, Williams sy\u00f6ty\u00e4\u00e4n banaania lavalla.<\/p>\n<p class=\"paragraph\">Nuoremmalle fanille n\u00e4m\u00e4 vitsit saattoivat tuntua vierailta \u2013 jopa h\u00e4mment\u00e4vilt\u00e4. Nelikymppinen tai viisikymppinen katsoja kuitenkin ymm\u00e4rsi \u2013 vitsien takana oli peili, joka n\u00e4ytti katsojille jotain samaistuttavaa.<\/p>\n<p>Yleis\u00f6ss\u00e4 oli mukana faneja, jotka ovat olleet mukana Robbie Williamsin matkassa jo 30 vuoden ajan. Atte Kajova<\/p>\n<p class=\"paragraph\">T\u00e4m\u00e4 itselleen nauraminen teki keikasta yll\u00e4tt\u00e4v\u00e4n l\u00e4mminhenkisen. Williams kutsui yleis\u00f6n jakamaan kokemuksen ajasta, joka kuluu v\u00e4ist\u00e4m\u00e4tt\u00e4.<\/p>\n<p class=\"paragraph\">Ehk\u00e4 juuri siksi yksi illan kauneimmista hetkist\u00e4 oli se, kun h\u00e4n kysyi yleis\u00f6lt\u00e4 lempe\u00e4sti: Haluatteko te vanheta minun kanssani?<\/p>\n<p class=\"paragraph\">Siin\u00e4 kiteytyi koko konsertti. Kyse ei ollut en\u00e4\u00e4 vain Williamsista ja h\u00e4nen faneistaan, vaan yhteisest\u00e4 matkasta.<\/p>\n<p>Katsojien kokemusta siivittiv\u00e4t lukuisat Take that -viittaukset ja nostalgiset kuvat Robbie Williamsin uran varrelta. Atte Kajova<\/p>\n","protected":false},"excerpt":{"rendered":"Karoliina Simoinen Brittilaulaja Robbie Williamsin pop-spektaakkeli rakentui yhden kantavan teeman ymp\u00e4rille. T\u00e4n\u00e4\u00e4n klo 10:13 Robbie Williamsista on liikkunut&hellip;\n","protected":false},"author":2,"featured_media":41075,"comment_status":"","ping_status":"","sticky":false,"template":"","format":"standard","meta":{"footnotes":""},"categories":[130],"tags":[35,138,137,33,31,30,525,47,141,532,32,109],"class_list":{"0":"post-41074","1":"post","2":"type-post","3":"status-publish","4":"format-standard","5":"has-post-thumbnail","7":"category-viihde","8":"tag-24h","9":"tag-audio","10":"tag-entertainment","11":"tag-fi","12":"tag-finland","13":"tag-finnish","14":"tag-laulaminen-ja-laulajat","15":"tag-musiikki","16":"tag-muusikot-bandit","17":"tag-rock-ja-pop","18":"tag-suomi","19":"tag-viihde"},"share_on_mastodon":{"url":"","error":""},"_links":{"self":[{"href":"https:\/\/www.europesays.com\/fi\/wp-json\/wp\/v2\/posts\/41074","targetHints":{"allow":["GET"]}}],"collection":[{"href":"https:\/\/www.europesays.com\/fi\/wp-json\/wp\/v2\/posts"}],"about":[{"href":"https:\/\/www.europesays.com\/fi\/wp-json\/wp\/v2\/types\/post"}],"author":[{"embeddable":true,"href":"https:\/\/www.europesays.com\/fi\/wp-json\/wp\/v2\/users\/2"}],"replies":[{"embeddable":true,"href":"https:\/\/www.europesays.com\/fi\/wp-json\/wp\/v2\/comments?post=41074"}],"version-history":[{"count":0,"href":"https:\/\/www.europesays.com\/fi\/wp-json\/wp\/v2\/posts\/41074\/revisions"}],"wp:featuredmedia":[{"embeddable":true,"href":"https:\/\/www.europesays.com\/fi\/wp-json\/wp\/v2\/media\/41075"}],"wp:attachment":[{"href":"https:\/\/www.europesays.com\/fi\/wp-json\/wp\/v2\/media?parent=41074"}],"wp:term":[{"taxonomy":"category","embeddable":true,"href":"https:\/\/www.europesays.com\/fi\/wp-json\/wp\/v2\/categories?post=41074"},{"taxonomy":"post_tag","embeddable":true,"href":"https:\/\/www.europesays.com\/fi\/wp-json\/wp\/v2\/tags?post=41074"}],"curies":[{"name":"wp","href":"https:\/\/api.w.org\/{rel}","templated":true}]}}