{"id":41078,"date":"2025-09-21T08:01:08","date_gmt":"2025-09-21T08:01:08","guid":{"rendered":"https:\/\/www.europesays.com\/fi\/41078\/"},"modified":"2025-09-21T08:01:08","modified_gmt":"2025-09-21T08:01:08","slug":"adlercreutz-kuittaili-purran-listasta","status":"publish","type":"post","link":"https:\/\/www.europesays.com\/fi\/41078\/","title":{"rendered":"Adlercreutz kuittaili Purran listasta"},"content":{"rendered":"<p>Opetusministeri Adlercreutz listasi, kuinka RKP onnistui est\u00e4m\u00e4\u00e4n Purran esitt\u00e4mi\u00e4 s\u00e4\u00e4st\u00f6j\u00e4. <\/p>\n<p><img decoding=\"async\" class=\"image image-show image-preview\" src=\"https:\/\/www.europesays.com\/fi\/wp-content\/uploads\/2025\/09\/56b40e3e69102ceae74bae49b87ef429e898a741ac9115871d6cbdc781dbda72.jpg\" alt=\"\"\/><img decoding=\"async\" class=\"image image-show\" src=\"https:\/\/www.europesays.com\/fi\/wp-content\/uploads\/2025\/09\/1758441668_908_56b40e3e69102ceae74bae49b87ef429e898a741ac9115871d6cbdc781dbda72.jpg\" alt=\"\"\/><\/p>\n<p>Opetusministeri Anders Adlercreutz painotti puheessaan puoluevaltuustolle, ett\u00e4 RKP on pyrkinyt edist\u00e4m\u00e4\u00e4n Palestiinan tunnustamista. Pete Anikari<\/p>\n<p class=\"paragraph\">RKP:n puheenjohtaja, opetusministeri <strong>Anders Adlercreutz<\/strong> kehui lauantaina, miten h\u00e4nen puolueensa onnistui est\u00e4m\u00e4\u00e4n leikkauksia syyskuun budjettiriihess\u00e4.<\/p>\n<p class=\"paragraph\">Adlercreutz puhui asiasta RKP:n puoluevaltuuston kokouksessa Helsingiss\u00e4. H\u00e4nen mukaansa budjettiriihen l\u00e4ht\u00f6asetelmat olivat haastavat, mutta \u201dtulokseen voimme kuitenkin olla tyytyv\u00e4isi\u00e4\u201d.<\/p>\n<p class=\"paragraph\">\u2013 Onnistumme est\u00e4m\u00e4\u00e4n lis\u00e4leikkaukset sosiaali- ja terveydenhuollon organisaatioihin sek\u00e4 kuntien valtionosuuksiin, jotka olisivat kohdistuneet koulutukseen, Adlercreutz kehui <a href=\"https:\/\/www.sttinfo.fi\/tiedote\/71464674\/adlercreutz-rkp-tekee-tulospohjaista-ja-arvojemme-mukaista-politiikkaa?publisherId=69821079&amp;lang=fi\" rel=\"noopener nofollow\" target=\"_blank\">puheessaan<\/a>.<\/p>\n<p class=\"paragraph\">\u2013 Lis\u00e4ksi teemme 20 miljoonan euron panostuksen humanitaariseen kriisiapuun, josta viisi miljoonaa Gazaan \u2013 Suomen kehitysyhteisty\u00f6n taso s\u00e4ilyi siis ennallaan, h\u00e4n jatkoi.<\/p>\n<p class=\"paragraph\">Hallitus p\u00e4\u00e4tti budjettiriihess\u00e4 v\u00e4hent\u00e4\u00e4 varsinaisen kehitysyhteisty\u00f6n rahoitusta 20 miljoonalla eurolla siten, ettei s\u00e4\u00e4st\u00f6 kohdennu kansalaisj\u00e4rjest\u00f6jen kautta annettavaan kriisiapuun. Samaan aikaan humanitaariseen katastrofiapuun laitetaan kuitenkin 20 miljoonaa lis\u00e4\u00e4.<\/p>\n<p>Purran lista<\/p>\n<p class=\"paragraph\">Perussuomalaisten puheenjohtaja, valtiovarainministeri <strong>Riikka Purra<\/strong> <a href=\"https:\/\/www.iltalehti.fi\/politiikka\/69e5d115-e740-47f4-a974-1d0015c9be4a\" rel=\"nofollow noopener\" target=\"_blank\">ajoi alun perin<\/a> kehitysyhteisty\u00f6h\u00f6n 65 miljoonan euron leikkauksia ja kuntien peruspalveluiden valtionosuuksiin 150 miljoonan euron leikkauksia.<\/p>\n<p class=\"paragraph\">Purra esitti my\u00f6s sosiaali- ja terveysj\u00e4rjest\u00f6jen valtionosuuksien uutta leikkausta sadalla miljoonalla eurolla.<\/p>\n<p class=\"paragraph\">Adlercreutzin mukaan vuoden 2026 budjetissa toteutuu my\u00f6s useampi veropoliittinen p\u00e4\u00e4t\u00f6s, joka heijastelee RKP:n politiikkaa.<\/p>\n<p class=\"paragraph\">\u2013 Pieni- ja keskituloisille tulee veronkevennyksi\u00e4, ylin marginaalivero lasketaan noin 52 prosenttiin sek\u00e4 perint\u00f6- ja lahjaveron rajoja korotetaan, jotta useampi pienempi perint\u00f6 j\u00e4isi verotuksen ulkopuolelle. RKP:n k\u00e4denj\u00e4lki n\u00e4kyy, Adlercreutz sanoi.<\/p>\n<p>Repiv\u00e4 kysymys<\/p>\n<p class=\"paragraph\">RKP:n puheenjohtaja nosti esille my\u00f6s Gazan tilanteen ja sanoi alueen tapahtumien olevan vastoin kansainv\u00e4list\u00e4 oikeutta. H\u00e4n sanoo puolueen tukeneen ulkoministeri <strong>Elina Valtosen<\/strong> (kok) p\u00e4\u00e4t\u00f6st\u00e4 liitty\u00e4 julistukseen kahden valtion mallin puolesta.<\/p>\n<p class=\"paragraph\">\u2013 RKP on tehnyt ty\u00f6t\u00e4 hallituksen yhteisen linjan l\u00f6ytymiseksi siit\u00e4, ett\u00e4 Suomi liittyisi niiden maiden joukkoon, jotka suunnittelevat Palestiinan tunnustamista ensi viikolla YK:n yleiskokouksessa, Adlercreutz sanoo.<\/p>\n<p class=\"paragraph\">Palestiina-kysymys on repinyt <strong>Petteri Orpon<\/strong> (kok) hallitusta. Kristillisdemokraatit ja perussuomalaiset ovat Palestiinan tunnustamista vastaan, kun taas RKP:lle ja osalle kokoomuksesta se olisi mieluisa p\u00e4\u00e4t\u00f6s.<\/p>\n<p class=\"paragraph\">Adlercreutz sanoi my\u00f6s <a href=\"https:\/\/www.mtvuutiset.fi\/artikkeli\/adlercreutz-mtv-uutisille-etsimme-korvaavia-saastoja-elokuva-alan-leikkauksille\/9226486\" rel=\"noopener nofollow\" target=\"_blank\">MTV Uutisille<\/a>, ett\u00e4 opetus- ja kulttuuriministeri\u00f6n budjetista yritet\u00e4\u00e4n l\u00f6yt\u00e4\u00e4 korvaavia s\u00e4\u00e4st\u00f6kohteita elokuva-alan tukileikkausten tilalle. Ensi vuoden budjetissa alan tuista leikattaisiin muuten seitsem\u00e4n miljoonaa euroa.<\/p>\n","protected":false},"excerpt":{"rendered":"Opetusministeri Adlercreutz listasi, kuinka RKP onnistui est\u00e4m\u00e4\u00e4n Purran esitt\u00e4mi\u00e4 s\u00e4\u00e4st\u00f6j\u00e4. Opetusministeri Anders Adlercreutz painotti puheessaan puoluevaltuustolle, ett\u00e4 RKP&hellip;\n","protected":false},"author":2,"featured_media":41079,"comment_status":"","ping_status":"","sticky":false,"template":"","format":"standard","meta":{"footnotes":""},"categories":[12],"tags":[35,22,23,26,27,33,31,30,863,17,24,25,28,29,15,18,21,637,886,885,887,32,19,20,16],"class_list":{"0":"post-41078","1":"post","2":"type-post","3":"status-publish","4":"format-standard","5":"has-post-thumbnail","7":"category-suomi","8":"tag-24h","9":"tag-breaking-news","10":"tag-breakingnews","11":"tag-featured-news","12":"tag-featurednews","13":"tag-fi","14":"tag-finland","15":"tag-finnish","16":"tag-hallitus","17":"tag-headlines","18":"tag-latest-news","19":"tag-latestnews","20":"tag-main-news","21":"tag-mainnews","22":"tag-news","23":"tag-otsikot","24":"tag-paauutiset","25":"tag-politiikka","26":"tag-puolueet","27":"tag-suomen-poliittiset-puolueet","28":"tag-suomen-politiikka","29":"tag-suomi","30":"tag-top-stories","31":"tag-topstories","32":"tag-uutiset"},"share_on_mastodon":{"url":"","error":""},"_links":{"self":[{"href":"https:\/\/www.europesays.com\/fi\/wp-json\/wp\/v2\/posts\/41078","targetHints":{"allow":["GET"]}}],"collection":[{"href":"https:\/\/www.europesays.com\/fi\/wp-json\/wp\/v2\/posts"}],"about":[{"href":"https:\/\/www.europesays.com\/fi\/wp-json\/wp\/v2\/types\/post"}],"author":[{"embeddable":true,"href":"https:\/\/www.europesays.com\/fi\/wp-json\/wp\/v2\/users\/2"}],"replies":[{"embeddable":true,"href":"https:\/\/www.europesays.com\/fi\/wp-json\/wp\/v2\/comments?post=41078"}],"version-history":[{"count":0,"href":"https:\/\/www.europesays.com\/fi\/wp-json\/wp\/v2\/posts\/41078\/revisions"}],"wp:featuredmedia":[{"embeddable":true,"href":"https:\/\/www.europesays.com\/fi\/wp-json\/wp\/v2\/media\/41079"}],"wp:attachment":[{"href":"https:\/\/www.europesays.com\/fi\/wp-json\/wp\/v2\/media?parent=41078"}],"wp:term":[{"taxonomy":"category","embeddable":true,"href":"https:\/\/www.europesays.com\/fi\/wp-json\/wp\/v2\/categories?post=41078"},{"taxonomy":"post_tag","embeddable":true,"href":"https:\/\/www.europesays.com\/fi\/wp-json\/wp\/v2\/tags?post=41078"}],"curies":[{"name":"wp","href":"https:\/\/api.w.org\/{rel}","templated":true}]}}