{"id":41080,"date":"2025-09-21T08:02:07","date_gmt":"2025-09-21T08:02:07","guid":{"rendered":"https:\/\/www.europesays.com\/fi\/41080\/"},"modified":"2025-09-21T08:02:07","modified_gmt":"2025-09-21T08:02:07","slug":"syysmyrakka-iskee-suomeen-alkuviikosta-hs-fi","status":"publish","type":"post","link":"https:\/\/www.europesays.com\/fi\/41080\/","title":{"rendered":"Syysmyr\u00e4kk\u00e4 iskee Suomeen alkuviikosta | HS.fi"},"content":{"rendered":"<p>S\u00e4\u00e4|Ilmatieteen laitos varoittaa kovista tuulista maanantaina. P\u00e4\u00e4kaupunkiseudulla viikko alkaa aurinkoisena.<\/p>\n<p class=\"article-body mb-nof-24 px-nof-16\">Syysmyr\u00e4kk\u00e4 riepottelee Suomea alkuviikosta.<\/p>\n<p class=\"article-body mb-nof-24 px-nof-16\">Ilmatieteen laitos on antanut tuulivaroituksia voimakkaista puuskista l\u00e4hes koko maahan. Matalapainealue liikkuu Pohjois-Suomen yli ja voimistaa tuulia maanantaista alkaen.<\/p>\n<p class=\"article-body mb-nof-24 px-nof-16\">Tuuli voi ylty\u00e4 p\u00e4\u00e4kaupunkiseudulla 15 metriin sekunnissa puuskissa, Forecan p\u00e4ivyst\u00e4v\u00e4 meteorologi <a class=\"article-personlink\" href=\"https:\/\/www.hs.fi\/haku\/?query=Joonas%20Koskela\" rel=\"nofollow noopener\" target=\"_blank\">Joonas Koskela<\/a> sanoo. Maan keski- ja it\u00e4osissa voi tuulla yli 20 metri\u00e4 sekunnissa puuskissa.<\/p>\n<p class=\"article-body mb-nof-24 px-nof-16\">\u201dNiit\u00e4 voi jo melkein myrskypuuskiksi kutsua\u201d, Koskela toteaa.<\/p>\n<p class=\"article-body mb-nof-24 px-nof-16\">Viikko alkaa p\u00e4\u00e4kaupunkiseudulla tuulisuudesta huolimatta aurinkoisena.<\/p>\n<p class=\"article-body mb-nof-24 px-nof-16\">Etel\u00e4-Suomessa nautitaan viel\u00e4 sunnuntaina poikkeuksellisen l\u00e4mpim\u00e4st\u00e4 s\u00e4\u00e4st\u00e4. P\u00e4iv\u00e4n ylin l\u00e4mp\u00f6tila voi kohota yli 20 asteeseen.<\/p>\n<p class=\"article-body mb-nof-24 px-nof-16\">Alkavan viikon puoliv\u00e4liin menness\u00e4 p\u00e4iv\u00e4l\u00e4mp\u00f6tilat putoavat kuitenkin l\u00e4hes kymmenell\u00e4 asteella. P\u00e4ivisin saatetaan j\u00e4\u00e4d\u00e4 v\u00e4h\u00e4n yli kymmenen asteen tienoille, \u00f6isin viiden asteen molemmin puolin.<\/p>\n<p class=\"article-body mb-nof-24 px-nof-16\">Pohjois-Suomessa voi tulla jopa r\u00e4nt\u00e4\u00e4 ja lunta.<\/p>\n<p class=\"article-body mb-nof-24 px-nof-16\">\u201dOn mahdollista, ett\u00e4 Kilpisj\u00e4rvell\u00e4 ja k\u00e4sivarren tuntureilla sataa heikkoja lumikuuroja\u201d, Koskela kertoo.<\/p>\n<p class=\"article-body mb-nof-24 px-nof-16\">Sateet v\u00e4henev\u00e4t l\u00e4hes koko maassa alkavan viikon alkupuolella. Seuraava kunnon saderintama n\u00e4ytt\u00e4\u00e4 saapuvan Suomeen ensi viikonloppuna.<\/p>\n<p class=\"article-body mb-nof-24 px-nof-16\">T\u00e4h\u00e4n aikaan syyskuusta p\u00e4iv\u00e4l\u00e4mp\u00f6tilat ovat p\u00e4\u00e4kaupunkiseudulla tavallisesti 15 asteen tuntumassa tai sen alapuolella.<\/p>\n<p class=\"article-body mb-nof-24 px-nof-16\">\u201dEsimerkiksi Vantaalla tavanomainen p\u00e4iv\u00e4n ylin l\u00e4mp\u00f6tila olisi sunnuntaina 14\u201316 astetta, mutta nyt l\u00e4mp\u00f6tila saattaa kohota 20 asteen yl\u00e4puolelle.\u201d<\/p>\n<p class=\"article-body mb-nof-24 px-nof-16\">Alkavalla viikolla s\u00e4\u00e4t muuttuvat kuitenkin syyskuulle tyypillisemmiksi keleiksi.<\/p>\n","protected":false},"excerpt":{"rendered":"S\u00e4\u00e4|Ilmatieteen laitos varoittaa kovista tuulista maanantaina. P\u00e4\u00e4kaupunkiseudulla viikko alkaa aurinkoisena. Syysmyr\u00e4kk\u00e4 riepottelee Suomea alkuviikosta. Ilmatieteen laitos on antanut&hellip;\n","protected":false},"author":2,"featured_media":41081,"comment_status":"","ping_status":"","sticky":false,"template":"","format":"standard","meta":{"footnotes":""},"categories":[5],"tags":[22,23,26,27,33,31,30,17,46,24,25,28,29,15,18,21,32,19,20,16],"class_list":{"0":"post-41080","1":"post","2":"type-post","3":"status-publish","4":"format-standard","5":"has-post-thumbnail","7":"category-otsikot","8":"tag-breaking-news","9":"tag-breakingnews","10":"tag-featured-news","11":"tag-featurednews","12":"tag-fi","13":"tag-finland","14":"tag-finnish","15":"tag-headlines","16":"tag-helsingin-sanomat","17":"tag-latest-news","18":"tag-latestnews","19":"tag-main-news","20":"tag-mainnews","21":"tag-news","22":"tag-otsikot","23":"tag-paauutiset","24":"tag-suomi","25":"tag-top-stories","26":"tag-topstories","27":"tag-uutiset"},"share_on_mastodon":{"url":"","error":""},"_links":{"self":[{"href":"https:\/\/www.europesays.com\/fi\/wp-json\/wp\/v2\/posts\/41080","targetHints":{"allow":["GET"]}}],"collection":[{"href":"https:\/\/www.europesays.com\/fi\/wp-json\/wp\/v2\/posts"}],"about":[{"href":"https:\/\/www.europesays.com\/fi\/wp-json\/wp\/v2\/types\/post"}],"author":[{"embeddable":true,"href":"https:\/\/www.europesays.com\/fi\/wp-json\/wp\/v2\/users\/2"}],"replies":[{"embeddable":true,"href":"https:\/\/www.europesays.com\/fi\/wp-json\/wp\/v2\/comments?post=41080"}],"version-history":[{"count":0,"href":"https:\/\/www.europesays.com\/fi\/wp-json\/wp\/v2\/posts\/41080\/revisions"}],"wp:featuredmedia":[{"embeddable":true,"href":"https:\/\/www.europesays.com\/fi\/wp-json\/wp\/v2\/media\/41081"}],"wp:attachment":[{"href":"https:\/\/www.europesays.com\/fi\/wp-json\/wp\/v2\/media?parent=41080"}],"wp:term":[{"taxonomy":"category","embeddable":true,"href":"https:\/\/www.europesays.com\/fi\/wp-json\/wp\/v2\/categories?post=41080"},{"taxonomy":"post_tag","embeddable":true,"href":"https:\/\/www.europesays.com\/fi\/wp-json\/wp\/v2\/tags?post=41080"}],"curies":[{"name":"wp","href":"https:\/\/api.w.org\/{rel}","templated":true}]}}