{"id":41082,"date":"2025-09-21T08:14:09","date_gmt":"2025-09-21T08:14:09","guid":{"rendered":"https:\/\/www.europesays.com\/fi\/41082\/"},"modified":"2025-09-21T08:14:09","modified_gmt":"2025-09-21T08:14:09","slug":"jarkko-niemi-tunnustaa-olevansa-joskus-draamakuningas","status":"publish","type":"post","link":"https:\/\/www.europesays.com\/fi\/41082\/","title":{"rendered":"Jarkko Niemi tunnustaa olevansa joskus draamakuningas"},"content":{"rendered":"<p>\n            Jarkko Niemi<br \/>\n            ATTE KAJOVA\n        <\/p>\n<p class=\"subtitle \">Sunnuntailounaat jatkuvat viidennen kauden merkeiss\u00e4.<\/p>\n<p class=\"article-content article-content-width !bg-background\">Palkittu Sunnuntailounas-sarja jatkuu viidennen kauden merkeiss\u00e4 MTV:ll\u00e4 sunnuntaina 21.9.\u00a0<\/p>\n<p class=\"article-content article-content-width !bg-background\">\u00a0roolihahmoa Jania voisi sarjassa kutsua draamakuninkaaksi. Sama piirre nostaa p\u00e4\u00e4t\u00e4\u00e4n n\u00e4yttelij\u00e4ll\u00e4 silloin, kun verensokerit laskevat.\u00a0<\/p>\n<p class=\"italic m-italic article-content article-content-width !bg-background\">Video: Miten Jarkko Niemen \u00e4rsytt\u00e4v\u00e4 roolihahmo.\u00a0<\/p>\n<p>Omien \u00e4rsytt\u00e4vien piirteiden peili?<\/p>\n<p class=\"article-content article-content-width !bg-background\">Sen tiet\u00e4\u00e4 my\u00f6s Sunnuntailounaan k\u00e4sikirjoittaja ja ohjaaja .<\/p>\n<p class=\"article-content article-content-width !bg-background\"> \u2013\u00a0Kun olet tekemisiss\u00e4 Jarkon kanssa, on hyv\u00e4 pit\u00e4\u00e4 taskussa kaiken varalta suklaapatukkaa, ohjaaja vitsailee.<\/p>\n<p class=\"article-content article-content-width !bg-background\">Jarkko kertoo, ett\u00e4 jo taaperoik\u00e4isen\u00e4 t\u00e4m\u00e4 piirre n\u00e4kyi h\u00e4ness\u00e4 selv\u00e4sti. Jarkon vanhemmat ovat muistelleet, ett\u00e4 jo pinnas\u00e4ngyss\u00e4 tuttipullot saattoivat lennell\u00e4.\u00a0<\/p>\n<p>        <a itemprop=\"url\" href=\"https:\/\/www.seiska.fi\/kotimaa\/jarkko-niemella-hammentava-taksimatka\/1673455\" rel=\"nofollow noopener\" target=\"_blank\"><\/p>\n<p>\nSyke-t\u00e4hti Jarkko Niemi\n<\/p>\n<p class=\"section-date\">\n        <strong class=\"article-section\" data-section=\"kotimaa\"><br \/>\n            kotimaa<br \/>\n        <\/strong><br \/>\n        23.5. 13:35\n    <\/p>\n<p>    Jarkko Niemell\u00e4 h\u00e4mment\u00e4v\u00e4 taksimatka<\/p>\n<p itemprop=\"description\" class=\"subtitle \">\n    Taksikuskin kummalliset puheet laittoivat n\u00e4yttelij\u00e4n vet\u00e4m\u00e4\u00e4n syv\u00e4\u00e4n henke\u00e4.\n<\/p>\n<p>        <\/a><\/p>\n<p class=\"article-content article-content-width !bg-background\"> Onnekseen Jarkko on oppinut ymm\u00e4rt\u00e4m\u00e4\u00e4n verensokereidensa heittelyit\u00e4, eik\u00e4 p\u00e4\u00e4st\u00e4 itse\u00e4\u00e4n siihen tilaan.<\/p>\n<p class=\"article-content article-content-width !bg-background\">\u2013\tEnnen autoillessani minun piti s\u00e4ilytt\u00e4\u00e4 aina hansikaslokerossani jotain makeaa. Minua saattoi alkaa \u00e4rsytt\u00e4m\u00e4\u00e4n yht\u00e4kki\u00e4 kaikki autoilijat ja mietin, miksi kaikki ajaa p\u00e4in helvetti\u00e4. Sitten tajusin, ett\u00e4 minullahan on n\u00e4lk\u00e4. Ongelma olikin itsess\u00e4ni, ei muissa, Jarkko nauraa.<\/p>\n<p class=\"article-content article-content-width !bg-background\">Jarkon roolihahmo Jani on jopa narsistisia piirteit\u00e4 omaava n\u00e4yttelij\u00e4, jonka el\u00e4m\u00e4ss\u00e4 on toistuvasti kohua.\u00a0Hahmon luonteenpiirteet saattavat aiheuttaa \u00e4rsytyst\u00e4 katsojissa. Jarkon mielest\u00e4 hahmo ei ole kuitenkaan \u00e4rsytt\u00e4v\u00e4.<\/p>\n<p class=\"article-content article-content-width !bg-background\">\u2013 Atte on kirjoittanut hyvin uudenlaisen stereotyypin n\u00e4yttelij\u00f6ist\u00e4, joka on tosi itsekeskeinen, semmoinen vilpit\u00f6n narsisti, keskeytt\u00e4\u00e4 muita ja miettii sit\u00e4, ett\u00e4 kaikki on itselle ep\u00e4reilua. Miettii, ett\u00e4 kaikki johtuu muista, ei h\u00e4nest\u00e4. Silti siin\u00e4 ihmisess\u00e4 on jotain l\u00e4mp\u00f6\u00e4, Jarkko kuvailee roolihahmoaan.\u00a0<\/p>\n<p>                <img decoding=\"async\" src=\"https:\/\/www.europesays.com\/fi\/wp-content\/uploads\/2025\/09\/1921887.webp\" width=\"576\" height=\"274\" alt=\"Jarkko Niemi teki l\u00e4pimurtonsa Hymypoika-elokuvassa.\" loading=\"lazy\" \/>            <\/p>\n<p>\n            Jarkko Niemi teki l\u00e4pimurtonsa Hymypoika-elokuvassa.<br \/>\n            Helsinki-Filmi\n        <\/p>\n<p>Vaarallinen hahmo<\/p>\n<p class=\"article-content article-content-width !bg-background\">40-vuotias Jarkko on tehnyt yli 20-vuotisen uran n\u00e4yttelij\u00e4n\u00e4. Ensimm\u00e4isen roolinsa h\u00e4n sai lukioik\u00e4isen\u00e4 Hymypoika-elokuvasta, joka n\u00e4ki ensi-iltansa vuonna 2003. Roolin elokuvaan h\u00e4n sai koekuvausten kautta.\u00a0<\/p>\n<p class=\"article-content article-content-width !bg-background\">Jarkko on tunnetun Kallion Ilmaisutaidon lukion kasvatteja. Samalla vuosikurssilla oli muun muassa \u00a0ja vuotta ylemp\u00e4n\u00e4 , joka n\u00e4yttelee Jarkon tavoin Sunnuntailounaassa. Samaan aikaan koulua k\u00e4vi my\u00f6s muita tunnettuja esiintyji\u00e4, kuten  ja .<\/p>\n<p class=\"article-content article-content-width !bg-background\">\u2013\tLukioaikaa muistelen hyv\u00e4ll\u00e4. Se oli ihanaa aikaa.<\/p>\n<p class=\"article-content article-content-width !bg-background\">Jarkko on tehnyt uransa aikana paljon komediaa, josta h\u00e4n kyll\u00e4 nauttii, mutta samassa n\u00e4yttelij\u00e4 haaveilee t\u00e4ysin erilaisesta genrest\u00e4.<\/p>\n<p class=\"article-content article-content-width !bg-background\">\u2013\tOlisi hienoa n\u00e4ytell\u00e4 hahmoa, joka olisi vaarallinen, Jarkko pohtii.<\/p>\n<p>                <img decoding=\"async\" src=\"https:\/\/www.europesays.com\/fi\/wp-content\/uploads\/2025\/09\/1758442449_33_1921942.webp\" width=\"576\" height=\"274\" alt=\"Tulevaa Sunnuntailounas-ohjelman kautta t\u00e4hditt\u00e4\u00e4 Mari Rantsila, Taneli M\u00e4kel\u00e4, Elena Leeve, Jarkko Niemi ja Santtu Karvonen.\" loading=\"lazy\" \/>            <\/p>\n<p>\n            Tulevaa Sunnuntailounas-ohjelman kautta t\u00e4hditt\u00e4\u00e4 Mari Rantsila, Taneli M\u00e4kel\u00e4, Elena Leeve, Jarkko Niemi ja Santtu Karvonen.<br \/>\n            MTV\n        <\/p>\n<p class=\"article-content article-content-width !bg-background\">T\u00e4ll\u00e4 hetkell\u00e4 ty\u00f6n alla on yksi elokuva, josta ei luonnollisesi voi puhua ja jonka takia iso osa Jarkon kes\u00e4st\u00e4 kului kuvauksissa. Tulevaisuus n\u00e4yttelij\u00e4lle on kuitenkin viel\u00e4 auki.<\/p>\n<p class=\"article-content article-content-width !bg-background\">\u2013\tKalenteri on tyhj\u00e4n\u00e4 lokakuusta eteenp\u00e4in, Jarkko summaa.<\/p>\n<p>        <a itemprop=\"url\" href=\"https:\/\/www.seiska.fi\/katso\/viinaa-huumeita-ja-prostituoituja-charlie-sheen-puhuu-viimein\/1909385\" rel=\"nofollow noopener\" target=\"_blank\"><\/p>\n<p>\nNyt puhuu Charlie Sheen\n<\/p>\n<p class=\"section-date\">\n        <strong class=\"article-section\" data-section=\"katso\"><br \/>\n            katso<br \/>\n        <\/strong><br \/>\n        5.9. 08:15\n    <\/p>\n<p>    Viinaa, huumeita ja prostituoituja \u2013 Charlie Sheen puhuu viimein<\/p>\n<p itemprop=\"description\" class=\"subtitle \">\n    Raitistunut raikulit\u00e4hti paljastaa kaiken uudessa Netflix-dokumentissa.\n<\/p>\n<p>        <\/a><\/p>\n<p class=\"italic m-italic article-content article-content-width !bg-background\">Sunnuntailounas su 21.9. alkaen MTV3-kanavalla ja MTV Katsomossa.\u00a0<\/p>\n","protected":false},"excerpt":{"rendered":"Jarkko Niemi ATTE KAJOVA Sunnuntailounaat jatkuvat viidennen kauden merkeiss\u00e4. Palkittu Sunnuntailounas-sarja jatkuu viidennen kauden merkeiss\u00e4 MTV:ll\u00e4 sunnuntaina 21.9.\u00a0&hellip;\n","protected":false},"author":2,"featured_media":41083,"comment_status":"","ping_status":"","sticky":false,"template":"","format":"standard","meta":{"footnotes":""},"categories":[136],"tags":[10809,407,8698,137,33,31,30,11038,10748,408,7387,905,1342,10211,8697,32,11039,109],"class_list":{"0":"post-41082","1":"post","2":"type-post","3":"status-publish","4":"format-standard","5":"has-post-thumbnail","7":"category-julkkikset","8":"tag-atte-jarvinen","9":"tag-celebrities","10":"tag-elena-leeve","11":"tag-entertainment","12":"tag-fi","13":"tag-finland","14":"tag-finnish","15":"tag-hymypoika","16":"tag-jarkko-niemi","17":"tag-julkkikset","18":"tag-krista-kosonen","19":"tag-mtv3","20":"tag-nayttelija","21":"tag-olavi-uusivirta","22":"tag-sunnuntailounas","23":"tag-suomi","24":"tag-verensokeri","25":"tag-viihde"},"share_on_mastodon":{"url":"","error":""},"_links":{"self":[{"href":"https:\/\/www.europesays.com\/fi\/wp-json\/wp\/v2\/posts\/41082","targetHints":{"allow":["GET"]}}],"collection":[{"href":"https:\/\/www.europesays.com\/fi\/wp-json\/wp\/v2\/posts"}],"about":[{"href":"https:\/\/www.europesays.com\/fi\/wp-json\/wp\/v2\/types\/post"}],"author":[{"embeddable":true,"href":"https:\/\/www.europesays.com\/fi\/wp-json\/wp\/v2\/users\/2"}],"replies":[{"embeddable":true,"href":"https:\/\/www.europesays.com\/fi\/wp-json\/wp\/v2\/comments?post=41082"}],"version-history":[{"count":0,"href":"https:\/\/www.europesays.com\/fi\/wp-json\/wp\/v2\/posts\/41082\/revisions"}],"wp:featuredmedia":[{"embeddable":true,"href":"https:\/\/www.europesays.com\/fi\/wp-json\/wp\/v2\/media\/41083"}],"wp:attachment":[{"href":"https:\/\/www.europesays.com\/fi\/wp-json\/wp\/v2\/media?parent=41082"}],"wp:term":[{"taxonomy":"category","embeddable":true,"href":"https:\/\/www.europesays.com\/fi\/wp-json\/wp\/v2\/categories?post=41082"},{"taxonomy":"post_tag","embeddable":true,"href":"https:\/\/www.europesays.com\/fi\/wp-json\/wp\/v2\/tags?post=41082"}],"curies":[{"name":"wp","href":"https:\/\/api.w.org\/{rel}","templated":true}]}}