{"id":41084,"date":"2025-09-21T08:15:10","date_gmt":"2025-09-21T08:15:10","guid":{"rendered":"https:\/\/www.europesays.com\/fi\/41084\/"},"modified":"2025-09-21T08:15:10","modified_gmt":"2025-09-21T08:15:10","slug":"minna-sisustaa-kotiaan-vain-kahdella-varilla-kaytan-aika-yliampuvasti-koti","status":"publish","type":"post","link":"https:\/\/www.europesays.com\/fi\/41084\/","title":{"rendered":"Minna sisustaa kotiaan vain kahdella v\u00e4rill\u00e4: &#8221;K\u00e4yt\u00e4n aika yliampuvasti&#8221; &#8211; Koti"},"content":{"rendered":"<p class=\"caption\">Suomalaisten kotona -juttusarjassa esitell\u00e4\u00e4n suomalaisten erilaisia sisustustyylej\u00e4.<\/p>\n<p><strong>Minna Forsberg-Haavasojan<\/strong> koti koostuu l\u00e4hinn\u00e4 kahdesta v\u00e4rist\u00e4, mustasta ja valkoisesta. Vaikka v\u00e4rimaailma on mustavalkoinen, sen siimeksiin k\u00e4tkeytyy lukuisia yksityiskohtia. Forsberg-Haavasoja kuvaileekin sit\u00e4 sanoilla rohkea ja leikkis\u00e4.<\/p>\n<p>&#8211;\u00a0Rakastan mustavalkoista ja k\u00e4yt\u00e4n sit\u00e4 aika yliampuvasti. Maksimalismi voi olla liikaa jollekin, mutta minusta se on persoonallista, Forsberg-Haavasoja kertoo Voice.fi:lle.<\/p>\n<p>            <img decoding=\"async\" class=\"optimize-image\" src=\"https:\/\/www.europesays.com\/fi\/wp-content\/uploads\/2025\/09\/2025_17_09_68cac38e348e5_480.jpg\"\/><\/p>\n<p class=\"image-caption\">Forsberg-Haavasojan kotoa l\u00f6ytyy runsaasti suomalaista designia, kuten Marimekkoa ja Artekia. (kuva: Minna Forsberg-Haavasoja)<\/p>\n<p>Kun silm\u00e4t tutkivat 1950-luvulla rakennetun talon sisustusta, siell\u00e4 n\u00e4kee muun muassa runsaasti suomalaista designia. Sulassa sovussa niiden kanssa l\u00f6ytyy my\u00f6s uniikkeja yksityiskohtia.<\/p>\n<p>&#8211;\u00a0Kodissamme on paljon skandinaavista,\u00a0Marimekkoa, Artekia ja Iittalaa. T\u00e4h\u00e4n lisukkeeksi tykk\u00e4\u00e4n sekoittaa jotain omaper\u00e4ist\u00e4, ehk\u00e4 hieman outojakin juttuja.<\/p>\n<p>Hyv\u00e4 esimerkki omaper\u00e4isist\u00e4 yksityiskohdista on kukkap\u00f6ytin\u00e4 toimivat &#8221;miehenpuolikkaat&#8221; sek\u00e4 kampausp\u00e4\u00e4, joka komeilee eteisen sein\u00e4\u00e4n ruuvatun tuolin p\u00e4\u00e4ll\u00e4.\u00a0Takan vieress\u00e4 sein\u00e4ll\u00e4 on kiipeilij\u00f6it\u00e4, jotka ovat mustaksi spreijattuja Barbeja ja Kenej\u00e4.<\/p>\n<p>            <img decoding=\"async\" class=\"optimize-image\" src=\"https:\/\/www.europesays.com\/fi\/wp-content\/uploads\/2025\/09\/2025_17_09_68cabe969e775_480.jpg\"\/><\/p>\n<p class=\"image-caption\">Persoonalliset kukkap\u00f6yd\u00e4t jaksavat kannatella isompiakin huonekasveja. (kuva: Minna Forsberg-Haavasoja)<\/p>\n<p>            <img decoding=\"async\" class=\"optimize-image\" src=\"https:\/\/www.europesays.com\/fi\/wp-content\/uploads\/2025\/09\/2025_17_09_68cabe817b56e_480.jpg\"\/><\/p>\n<p class=\"image-caption\">Forsberg-Haavasoja kertoo ker\u00e4ilev\u00e4ns\u00e4 kampausp\u00e4it\u00e4. Yksi niist\u00e4 on p\u00e4\u00e4ssyt koristamaan eteist\u00e4. (kuva: Minna Forsberg-Haavasoja)<\/p>\n<p>Eteisess\u00e4 vastassa odottaa luurankohovimestari tarjottimen kanssa.<\/p>\n<p>&#8211; Joku on joskus j\u00e4tt\u00e4nyt jopa kolikkoja tuohon tarjottimeen. Itsell\u00e4 kesti muutama viikko tottua, etten s\u00e4ik\u00e4ht\u00e4nyt aina kun tulin kotiin, Forsberg-Haavasoja kertoo huvittuneena.<\/p>\n<p>            <img decoding=\"async\" class=\"optimize-image\" src=\"https:\/\/www.europesays.com\/fi\/wp-content\/uploads\/2025\/09\/2025_17_09_68cabd9406a30_480.jpg\"\/><\/p>\n<p class=\"image-caption\">Kodin vahtimestarin voi havaita jo kurkatessa eteisen ikkunasta sis\u00e4lle. (kuva: Minna Forsberg-Haavasoja)<\/p>\n<p>Forsberg-Haavasoja inspiroituu usein kirpputoreja kierrelless\u00e4\u00e4n.<\/p>\n<p>&#8211;\u00a0Second hand -tavaroiden eletty el\u00e4m\u00e4 ja mysteerinen alkuper\u00e4 kiehtoo minua. My\u00f6s ty\u00f6skentelyni muodin, designin ja sisustusjuttujen ymp\u00e4r\u00f6im\u00e4n\u00e4 antaa minulle jatkuvasti uusia ideoita ja ruokkii luovuuttani, Forsberg-Haavasoja toteaa.<\/p>\n<p>            <img decoding=\"async\" class=\"optimize-image\" src=\"https:\/\/www.europesays.com\/fi\/wp-content\/uploads\/2025\/09\/2025_17_09_68cac733081c1_480.jpg\"\/><\/p>\n<p class=\"image-caption\">Forsberg-Haavasojan kodin sisustuksessa yhdistyv\u00e4t second hand sek\u00e4 suomalainen design. (kuva: Minna Forsberg-Haavasoja)<\/p>\n<p>Perheen\u00e4idin lempihuone kotona on olohuone. Etenkin n\u00e4in syksyn tullessa ja talvea odotellessa, kylmyys hiipii ovista ja ikkunoista sis\u00e4\u00e4n. Tuolloin h\u00e4nest\u00e4 on ihana k\u00e4perty\u00e4 sohvalle viltin alle villasukat jalassa, nauttia takkatulen l\u00e4mm\u00f6st\u00e4 ja tunnelmasta.<\/p>\n<p>            <img decoding=\"async\" class=\"optimize-image\" src=\"https:\/\/www.europesays.com\/fi\/wp-content\/uploads\/2025\/09\/2025_17_09_68caa0ae25744_480.jpg\"\/><\/p>\n<p class=\"image-caption\">Yksi olohuoneen erikoisuuksista on mallinukke, jolle on puettu villapaita, k\u00e4silaukku ja hattu. (kuva: Minna Forsberg-Haavasoja)<\/p>\n<p>            <img decoding=\"async\" class=\"optimize-image\" src=\"https:\/\/www.europesays.com\/fi\/wp-content\/uploads\/2025\/09\/2025_17_09_68cac36388b30_480.jpg\"\/><\/p>\n<p class=\"image-caption\">Sein\u00e4ll\u00e4 kiipeilev\u00e4t hahmot ovat mustaksi maalattuja Barbie-nukkeja. (kuva: Minna Forsberg-Haavasoja)<\/p>\n<p>Sisustushaaveita Forsberg-Haavasojalla on aina. Niit\u00e4 h\u00e4n toteuttaa aina inspiraation saatuaan.<\/p>\n<p>&#8211; Siirtelen ja j\u00e4rjestelen jatkuvasti tavaroita, kyll\u00e4styn jos ne t\u00f6n\u00f6tt\u00e4v\u00e4t kauan samassa paikassa, Forsberg-Haavasoja kertoo.<\/p>\n<p>&#8211;\u00a0Jos jotain haluaisin muuttaa tai tehd\u00e4 toisin niin se liittyisi l\u00e4hinn\u00e4 s\u00e4ilytysratkaisuihin.<\/p>\n<p>            <img decoding=\"async\" class=\"optimize-image\" src=\"https:\/\/www.europesays.com\/fi\/wp-content\/uploads\/2025\/09\/2025_17_09_68cac350b90c2_480.jpg\"\/><\/p>\n<p class=\"image-caption\">Toisinaan my\u00f6s perheen j\u00e4lkikasvu sopii vaatetuksineen sisustukseen. (kuva: Minna Forsberg-Haavasoja)<\/p>\n<p>T\u00e4m\u00e4 artikkeli on osa\u00a0Suomalaisten kotona\u00a0-juttusarjaa. Sarjan muut artikkelit p\u00e4\u00e4set lukemaan\u00a0<a href=\"https:\/\/www.voice.fi\/aihe\/suomalaisten-kotona\" rel=\"nofollow noopener\" target=\"_blank\">t\u00e4\u00e4lt\u00e4<\/a>.<\/p>\n<p><strong>Lue my\u00f6s: <a href=\"https:\/\/www.voice.fi\/koti\/a-239805\" rel=\"nofollow noopener\" target=\"_blank\">Pauliinan kodissa on paljon kaunista katseltavaa: &#8221;Koti saa olla sellainen hyv\u00e4nmielen leikkikentt\u00e4&#8221;<\/a><\/strong><\/p>\n<p><strong>Lue my\u00f6s: <a href=\"https:\/\/www.voice.fi\/koti\/a-239863\" rel=\"nofollow noopener\" target=\"_blank\">Tunnistatko kodin viherkasvit yhden kuvan perusteella? Testaa, oletko oikea viherpeukalo<\/a><\/strong><\/p>\n<p><strong>Lue my\u00f6s: <a href=\"https:\/\/www.voice.fi\/koti\/a-239760\" rel=\"nofollow noopener\" target=\"_blank\">Muovi- vai sekaj\u00e4tett\u00e4? N\u00e4m\u00e4 muoviset esineet eiv\u00e4t kuulu kotitalouksien muovinker\u00e4ykseen<\/a><\/strong><\/p>\n<p>                                                            <a href=\"https:\/\/www.voice.fi\/aihe\/koti\" class=\"tag-link\" rel=\"nofollow noopener\" target=\"_blank\">koti<\/a>                                                             <a href=\"https:\/\/www.voice.fi\/aihe\/sisustus\" class=\"tag-link\" rel=\"nofollow noopener\" target=\"_blank\">sisustus<\/a>                                                             <a href=\"https:\/\/www.voice.fi\/aihe\/sisustaminen\" class=\"tag-link\" rel=\"nofollow noopener\" target=\"_blank\">sisustaminen<\/a>                                                             <a href=\"https:\/\/www.voice.fi\/aihe\/suomalaisten-kotona\" class=\"tag-link\" rel=\"nofollow noopener\" target=\"_blank\">suomalaisten kotona<\/a>                                                    <\/p>\n<p class=\"title\">Tykk\u00e4\u00e4 ja jaa artikkeli<\/p>\n<p>                <a href=\"https:\/\/www.facebook.com\/sharer.php?u=https%3A%2F%2Fwww.voice.fi%2Fkoti%2Fa-240076\" class=\"share-button facebook-share ion-social-facebook\" target=\"_blank\" onclick=\"javascript:window.open(this.href,&#010;                  &#039;&#039;, &#039;menubar=no,toolbar=no,resizable=yes,scrollbars=yes,height=400,width=600&#039;);ga(&#039;send&#039;, &#039;event&#039;, &#039;SOME&#039;, &#039;Facebook&#039;, &#039;Artikkeli alaosa&#039;);return false;\" rel=\"nofollow noopener\">Jaa Facebookissa<\/a><\/p>\n<p>                <a href=\"https:\/\/twitter.com\/share?text=Minna+sisustaa+kotiaan+vain+kahdella+v%C3%A4rill%C3%A4%3A+%22K%C3%A4yt%C3%A4n+aika+yliampuvasti%22&amp;url=https%3A%2F%2Fwww.voice.fi%2Fkoti%2Fa-240076\" class=\"share-button twitter-share ion-social-twitter\" target=\"_blank\" onclick=\"javascript:window.open(this.href,&#010;                  &#039;&#039;, &#039;menubar=no,toolbar=no,resizable=yes,scrollbars=yes,height=400,width=600&#039;);ga(&#039;send&#039;, &#039;event&#039;, &#039;SOME&#039;, &#039;Twitter&#039;, &#039;Artikkeli alaosa&#039;);return false;\" rel=\"nofollow noopener\">Jaa Twitteriss\u00e4<\/a><\/p>\n<p>                <a href=\"fb-messenger:\/\/share?link=https%3A%2F%2Fwww.voice.fi%2Fkoti%2Fa-240076%3Futm_source%3Dfb_messenger%26utm_medium%3Dsocial%26utm_campaign%3Dfbmessenger_share\" class=\"share-button messenger-share \" data-text=\"Minna+sisustaa+kotiaan+vain+kahdella+v%C3%A4rill%C3%A4%3A+%22K%C3%A4yt%C3%A4n+aika+yliampuvasti%22\" data-href=\"https%3A%2F%2Fwww.voice.fi%2Fkoti%2Fa-240076%3Futm_source%3Dmessenger%26utm_medium%3Dsocial%26utm_campaign%3Dmessenger_share\" data-type=\"fb_messenger\" onclick=\"ga(&#039;send&#039;, &#039;event&#039;, &#039;SOME&#039;, &#039;Fb-messenger&#039;, &#039;Artikkeli alaosa&#039;);\" rel=\"nofollow\"><\/p>\n<p>                <a href=\"whatsapp:\/\/send?text=Minna+sisustaa+kotiaan+vain+kahdella+v%C3%A4rill%C3%A4%3A+%22K%C3%A4yt%C3%A4n+aika+yliampuvasti%22 https%3A%2F%2Fwww.voice.fi%2Fkoti%2Fa-240076%3Futm_source%3Dwhatsapp%26utm_medium%3Dsocial%26utm_campaign%3Dwhatsapp_share\" class=\"share-button whatsapp-share ion-social-whatsapp\" data-text=\"Minna+sisustaa+kotiaan+vain+kahdella+v%C3%A4rill%C3%A4%3A+%22K%C3%A4yt%C3%A4n+aika+yliampuvasti%22\" data-href=\"https%3A%2F%2Fwww.voice.fi%2Fkoti%2Fa-240076%3Futm_source%3Dwhatsapp%26utm_medium%3Dsocial%26utm_campaign%3Dwhatsapp_share\" data-type=\"whatsapp\" onclick=\"ga(&#039;send&#039;, &#039;event&#039;, &#039;SOME&#039;, &#039;Whatsapp&#039;, &#039;Artikkeli alaosa&#039;);\" rel=\"nofollow\"><\/p>\n<p>            <script async src=\"https:\/\/platform.twitter.com\/widgets.js\" charset=\"utf-8\"><\/script><\/p>\n","protected":false},"excerpt":{"rendered":"Suomalaisten kotona -juttusarjassa esitell\u00e4\u00e4n suomalaisten erilaisia sisustustyylej\u00e4. Minna Forsberg-Haavasojan koti koostuu l\u00e4hinn\u00e4 kahdesta v\u00e4rist\u00e4, mustasta ja valkoisesta. Vaikka&hellip;\n","protected":false},"author":2,"featured_media":41085,"comment_status":"","ping_status":"","sticky":false,"template":"","format":"standard","meta":{"footnotes":""},"categories":[135],"tags":[389,387,388,390,137,33,31,30,32,394,393,391,392,109],"class_list":{"0":"post-41084","1":"post","2":"type-post","3":"status-publish","4":"format-standard","5":"has-post-thumbnail","7":"category-taiteet-ja-suunnittelu","8":"tag-arts","9":"tag-arts-and-design","10":"tag-artsanddesign","11":"tag-design","12":"tag-entertainment","13":"tag-fi","14":"tag-finland","15":"tag-finnish","16":"tag-suomi","17":"tag-suunnittelu","18":"tag-taiteet","19":"tag-taiteet-ja-suunnittelu","20":"tag-taiteetsuunnittelu","21":"tag-viihde"},"share_on_mastodon":{"url":"","error":""},"_links":{"self":[{"href":"https:\/\/www.europesays.com\/fi\/wp-json\/wp\/v2\/posts\/41084","targetHints":{"allow":["GET"]}}],"collection":[{"href":"https:\/\/www.europesays.com\/fi\/wp-json\/wp\/v2\/posts"}],"about":[{"href":"https:\/\/www.europesays.com\/fi\/wp-json\/wp\/v2\/types\/post"}],"author":[{"embeddable":true,"href":"https:\/\/www.europesays.com\/fi\/wp-json\/wp\/v2\/users\/2"}],"replies":[{"embeddable":true,"href":"https:\/\/www.europesays.com\/fi\/wp-json\/wp\/v2\/comments?post=41084"}],"version-history":[{"count":0,"href":"https:\/\/www.europesays.com\/fi\/wp-json\/wp\/v2\/posts\/41084\/revisions"}],"wp:featuredmedia":[{"embeddable":true,"href":"https:\/\/www.europesays.com\/fi\/wp-json\/wp\/v2\/media\/41085"}],"wp:attachment":[{"href":"https:\/\/www.europesays.com\/fi\/wp-json\/wp\/v2\/media?parent=41084"}],"wp:term":[{"taxonomy":"category","embeddable":true,"href":"https:\/\/www.europesays.com\/fi\/wp-json\/wp\/v2\/categories?post=41084"},{"taxonomy":"post_tag","embeddable":true,"href":"https:\/\/www.europesays.com\/fi\/wp-json\/wp\/v2\/tags?post=41084"}],"curies":[{"name":"wp","href":"https:\/\/api.w.org\/{rel}","templated":true}]}}