{"id":41086,"date":"2025-09-21T08:17:08","date_gmt":"2025-09-21T08:17:08","guid":{"rendered":"https:\/\/www.europesays.com\/fi\/41086\/"},"modified":"2025-09-21T08:17:08","modified_gmt":"2025-09-21T08:17:08","slug":"tuttu-muusikko-paljastui-masked-singer-hahmoksi","status":"publish","type":"post","link":"https:\/\/www.europesays.com\/fi\/41086\/","title":{"rendered":"Tuttu muusikko paljastui Masked Singer -hahmoksi"},"content":{"rendered":"<p><strong class=\"typography-bold\">Masked Singer Suomi -kauden kolmannessa jaksossa Sikapossun maskin takaa paljastui tuttu muusikko.\u00a0<\/strong><\/p>\n<p><a class=\"underline\" data-testid=\"internal-link\" role=\"link\" data-sentry-element=\"Link\" data-sentry-component=\"InternalLink\" data-sentry-source-file=\"InternalLink.tsx\" href=\"https:\/\/www.mtvuutiset.fi\/aihe\/ile-uusivuori\/7152010\" rel=\"nofollow noopener\" target=\"_blank\"><strong class=\"typography-bold\">Ile Uusivuoren<\/strong><\/a> luotsaaman <a class=\"underline\" data-testid=\"internal-link\" role=\"link\" data-sentry-element=\"Link\" data-sentry-component=\"InternalLink\" data-sentry-source-file=\"InternalLink.tsx\" href=\"https:\/\/www.mtvuutiset.fi\/aihe\/masked-singer-suomi\/7705334\" rel=\"nofollow noopener\" target=\"_blank\">Masked Singer Suomi<\/a>\u00a0-sarjan 7. tuotantokauden jaksoja seurataan t\u00e4n\u00e4 syksyn\u00e4 Maikkarilla. Etsiv\u00e4paneelin vakioj\u00e4senin\u00e4 uudella kaudella hahmoja arvuuttelevat <a class=\"underline\" data-testid=\"internal-link\" role=\"link\" data-sentry-element=\"Link\" data-sentry-component=\"InternalLink\" data-sentry-source-file=\"InternalLink.tsx\" href=\"https:\/\/www.mtvuutiset.fi\/aihe\/janne-kataja\/2839834\" rel=\"nofollow noopener\" target=\"_blank\"><strong class=\"typography-bold\">Janne Kataja<\/strong><\/a>, <a class=\"underline\" data-testid=\"internal-link\" role=\"link\" data-sentry-element=\"Link\" data-sentry-component=\"InternalLink\" data-sentry-source-file=\"InternalLink.tsx\" href=\"https:\/\/www.mtvuutiset.fi\/aihe\/jenni-poikelus\/7165300\" rel=\"nofollow noopener\" target=\"_blank\"><strong class=\"typography-bold\">Jenni Poikelus<\/strong><\/a><strong class=\"typography-bold\">\u00a0<\/strong>ja <a class=\"underline\" data-testid=\"internal-link\" role=\"link\" data-sentry-element=\"Link\" data-sentry-component=\"InternalLink\" data-sentry-source-file=\"InternalLink.tsx\" href=\"https:\/\/www.mtvuutiset.fi\/aihe\/benjamin-peltonen\/7143226\" rel=\"nofollow noopener\" target=\"_blank\"><strong class=\"typography-bold\">Benjamin Peltonen<\/strong><\/a>.\u00a0<\/p>\n<p>Vierailevana etsiv\u00e4n\u00e4 kolmannessa jaksossa n\u00e4hd\u00e4\u00e4n <a class=\"underline\" data-testid=\"internal-link\" role=\"link\" data-sentry-element=\"Link\" data-sentry-component=\"InternalLink\" data-sentry-source-file=\"InternalLink.tsx\" href=\"https:\/\/www.mtvuutiset.fi\/artikkeli\/masked-singer-paljastus-sai-etsivat-riemastumaan-aivan-mieletonta\/8798300\" rel=\"nofollow noopener\" target=\"_blank\">N\u00f6p\u00f6ksi aikaisemmalla kaudella<\/a> paljastunut <a class=\"underline\" data-testid=\"internal-link\" role=\"link\" data-sentry-element=\"Link\" data-sentry-component=\"InternalLink\" data-sentry-source-file=\"InternalLink.tsx\" href=\"https:\/\/www.mtvuutiset.fi\/aihe\/niko-saarinen\/2890038\" rel=\"nofollow noopener\" target=\"_blank\"><strong class=\"typography-bold\">Niko Saarinen<\/strong><\/a>. <strong class=\"typography-bold\">Katso Saarisen esitys alhaalla olevalta videolta!\u00a0<\/strong><\/p>\n<p>1:50<img alt=\"N\u00f6p\u00f6 \u2013 Vamos\" data-testid=\"web-player-broker-image\" data-sentry-element=\"Image\" data-sentry-source-file=\"NextImage.tsx\" fetchpriority=\"low\" loading=\"lazy\" decoding=\"async\" data-nimg=\"fill\" class=\"transition duration-700 ease-in-out hover:scale-[1.05]\" style=\"position:absolute;height:100%;width:100%;left:0;top:0;right:0;bottom:0;color:transparent;background-size:cover;background-position:50% 50%;background-repeat:no-repeat;background-image:url(&quot;data:image\/svg+xml;base64,Cjxzdmcgd2lkdGg9IjcyMCIgaGVpZ2h0PSI0MDUiIHZlcnNpb249IjEuMSIgeG1sbnM9Imh0dHA6Ly93d3cudzMub3JnLzIwMDAvc3ZnIiB4bWxuczp4bGluaz0iaHR0cDovL3d3dy53My5vcmcvMTk5OS94bGluayI+CiAgPGRlZnM+CiAgICA8bGluZWFyR3JhZGllbnQgaWQ9ImciPgogICAgICA8c3RvcCBzdG9wLWNvbG9yPSIjMEIxODIzIiBvZmZzZXQ9IjIwJSIgLz4KICAgICAgPHN0b3Agc3RvcC1jb2xvcj0iIzFBMjczMiIgb2Zmc2V0PSI1MCUiIC8+CiAgICAgIDxzdG9wIHN0b3AtY29sb3I9IiMwQjE4MjMiIG9mZnNldD0iNzAlIiAvPgogICAgPC9saW5lYXJHcmFkaWVudD4KICA8L2RlZnM+CiAgPHJlY3Qgd2lkdGg9IjcyMCIgaGVpZ2h0PSI0MDUiIGZpbGw9IiMwQjE4MjMiIC8+CiAgPHJlY3QgaWQ9InIiIHdpZHRoPSI3MjAiIGhlaWdodD0iNDA1IiBmaWxsPSJ1cmwoI2cpIiAvPgogIDxhbmltYXRlIHhsaW5rOmhyZWY9IiNyIiBhdHRyaWJ1dGVOYW1lPSJ4IiBmcm9tPSItNzIwIiB0bz0iNzIwIiBkdXI9IjFzIiByZXBlYXRDb3VudD0iaW5kZWZpbml0ZSIgIC8+Cjwvc3ZnPg==&quot;)\"   src=\"https:\/\/www.europesays.com\/fi\/wp-content\/uploads\/2025\/09\/1758442628_869_imageproxy.a2d.tv\"\/>Niko Saarinen esitti Masked Singeriss\u00e4 N\u00f6p\u00f6n\u00e4 Vamos-kappaleen<\/p>\n<p>Lavalle nousivat Kulkukoira, Kameleontti, Riivi\u00f6, Kukkak\u00e4rp\u00e4nen, Mansikki ja uusi villi kortti -hahmo Sikapossu.\u00a0<\/p>\n<p>Lopulta putoajaksi valittiin Sikapossu. Saarinen arvasin heti hahmon esityksen j\u00e4lkeen, ett\u00e4 kyseess\u00e4 on Klamydia-yhtyeen <strong class=\"typography-bold\">Vesku Jokinen<\/strong>.<\/p>\n<p>\u2013 Olen vuosikausia pelannut t\u00e4t\u00e4 peli\u00e4 kotona ja arvuutellut n\u00e4it\u00e4 hahmoja. En ole ikin\u00e4 osunut oikeaan, Saarinen kuvaili.\u00a0<\/p>\n<p><img alt=\"masked_singer_suomi_s7_eps3_024_sikapossu_kuvaaja_saku_tiainen\" data-testid=\"crops-image\" class=\"h-full w-full object-cover transition duration-700 ease-in-out hover:scale-[1.05]\" fetchpriority=\"low\" loading=\"lazy\" width=\"1024\" height=\"576\" decoding=\"async\" style=\"color:transparent;background-size:cover;background-position:50% 50%;background-repeat:no-repeat;background-image:url(&quot;data:image\/svg+xml;base64,Cjxzdmcgd2lkdGg9IjEwMjQiIGhlaWdodD0iNTc2IiB2ZXJzaW9uPSIxLjEiIHhtbG5zPSJodHRwOi8vd3d3LnczLm9yZy8yMDAwL3N2ZyIgeG1sbnM6eGxpbms9Imh0dHA6Ly93d3cudzMub3JnLzE5OTkveGxpbmsiPgogIDxkZWZzPgogICAgPGxpbmVhckdyYWRpZW50IGlkPSJnIj4KICAgICAgPHN0b3Agc3RvcC1jb2xvcj0iIzBCMTgyMyIgb2Zmc2V0PSIyMCUiIC8+CiAgICAgIDxzdG9wIHN0b3AtY29sb3I9IiMxQTI3MzIiIG9mZnNldD0iNTAlIiAvPgogICAgICA8c3RvcCBzdG9wLWNvbG9yPSIjMEIxODIzIiBvZmZzZXQ9IjcwJSIgLz4KICAgIDwvbGluZWFyR3JhZGllbnQ+CiAgPC9kZWZzPgogIDxyZWN0IHdpZHRoPSIxMDI0IiBoZWlnaHQ9IjU3NiIgZmlsbD0iIzBCMTgyMyIgLz4KICA8cmVjdCBpZD0iciIgd2lkdGg9IjEwMjQiIGhlaWdodD0iNTc2IiBmaWxsPSJ1cmwoI2cpIiAvPgogIDxhbmltYXRlIHhsaW5rOmhyZWY9IiNyIiBhdHRyaWJ1dGVOYW1lPSJ4IiBmcm9tPSItMTAyNCIgdG89IjEwMjQiIGR1cj0iMXMiIHJlcGVhdENvdW50PSJpbmRlZmluaXRlIiAgLz4KPC9zdmc+&quot;)\" src=\"https:\/\/www.europesays.com\/fi\/wp-content\/uploads\/2025\/09\/1758442628_44_image\"\/><\/p>\n<p>Nyt arvaus oli kuitenkin oikein. Sikapossun maskin takaa paljastui Jokinen<\/p>\n<p>\u2013 Maailman siisteint\u00e4, ett\u00e4 Niko Saarinen tiesi ensimm\u00e4isen\u00e4, Poikelus hehkutti.\u00a0<\/p>\n<p>\u2013 On olo, ett\u00e4 olisin voittanut jotain. Samaan aikaan olen surullinen, ett\u00e4 Vesku l\u00e4htee, Saarinen kommentoi<\/p>\n<p>Masked Singer Suomi lauantaisin 19.30 alkaen <a class=\"underline\" data-testid=\"external-link\" href=\"https:\/\/www.mtv.fi\/ohjelma\/124c6b4c2e286b1f9e84\/masked-singer-suomi\" rel=\"noopener noreferrer nofollow\" data-sentry-component=\"ExternalLink\" data-sentry-source-file=\"ExternalLink.tsx\" target=\"_blank\">MTV Katsomossa<\/a> ja MTV3-kanavalla.<\/p>\n","protected":false},"excerpt":{"rendered":"Masked Singer Suomi -kauden kolmannessa jaksossa Sikapossun maskin takaa paljastui tuttu muusikko.\u00a0 Ile Uusivuoren luotsaaman Masked Singer Suomi\u00a0-sarjan&hellip;\n","protected":false},"author":2,"featured_media":41087,"comment_status":"","ping_status":"","sticky":false,"template":"","format":"standard","meta":{"footnotes":""},"categories":[133],"tags":[137,33,31,30,32,206,156,109],"class_list":{"0":"post-41086","1":"post","2":"type-post","3":"status-publish","4":"format-standard","5":"has-post-thumbnail","7":"category-televisiot","8":"tag-entertainment","9":"tag-fi","10":"tag-finland","11":"tag-finnish","12":"tag-suomi","13":"tag-televisiot","14":"tag-tv","15":"tag-viihde"},"share_on_mastodon":{"url":"","error":""},"_links":{"self":[{"href":"https:\/\/www.europesays.com\/fi\/wp-json\/wp\/v2\/posts\/41086","targetHints":{"allow":["GET"]}}],"collection":[{"href":"https:\/\/www.europesays.com\/fi\/wp-json\/wp\/v2\/posts"}],"about":[{"href":"https:\/\/www.europesays.com\/fi\/wp-json\/wp\/v2\/types\/post"}],"author":[{"embeddable":true,"href":"https:\/\/www.europesays.com\/fi\/wp-json\/wp\/v2\/users\/2"}],"replies":[{"embeddable":true,"href":"https:\/\/www.europesays.com\/fi\/wp-json\/wp\/v2\/comments?post=41086"}],"version-history":[{"count":0,"href":"https:\/\/www.europesays.com\/fi\/wp-json\/wp\/v2\/posts\/41086\/revisions"}],"wp:featuredmedia":[{"embeddable":true,"href":"https:\/\/www.europesays.com\/fi\/wp-json\/wp\/v2\/media\/41087"}],"wp:attachment":[{"href":"https:\/\/www.europesays.com\/fi\/wp-json\/wp\/v2\/media?parent=41086"}],"wp:term":[{"taxonomy":"category","embeddable":true,"href":"https:\/\/www.europesays.com\/fi\/wp-json\/wp\/v2\/categories?post=41086"},{"taxonomy":"post_tag","embeddable":true,"href":"https:\/\/www.europesays.com\/fi\/wp-json\/wp\/v2\/tags?post=41086"}],"curies":[{"name":"wp","href":"https:\/\/api.w.org\/{rel}","templated":true}]}}