{"id":41092,"date":"2025-09-21T08:22:07","date_gmt":"2025-09-21T08:22:07","guid":{"rendered":"https:\/\/www.europesays.com\/fi\/41092\/"},"modified":"2025-09-21T08:22:07","modified_gmt":"2025-09-21T08:22:07","slug":"jason-momoa-olen-taydellinen-street-fighteriin","status":"publish","type":"post","link":"https:\/\/www.europesays.com\/fi\/41092\/","title":{"rendered":"Jason Momoa: &#8221;Olen t\u00e4ydellinen Street Fighteriin&#8221;"},"content":{"rendered":"<p>Uusi Street Fighter -elokuva perustuu legendaariseen Capcomin taistelupelisarjaan.<\/p>\n<p>Vuoteen 1993 sijoittuva leffa seuraa Ryu- ja Ken Masters -hahmoja, jotka kiinalaisen interpolin poliisi Chun-Li houkuttelee World Warrior -turnaukseen.<\/p>\n<p>Elokuvan t\u00e4hti on Dyynist\u00e4 ja Aquamaneista tuttu lihaskimppu <strong>Jason Momoa<\/strong>, joka esitt\u00e4\u00e4 Blankaa.<\/p>\n<p>Blanka oli alun perin ihminen, joka mutatoitui lentokoneonnettomuudessa ja sai kyvyn tuottaa s\u00e4hk\u00f6\u00e4. Blanka tunnetaan erityisesti siit\u00e4, ett\u00e4 h\u00e4n taistelee apinanraivolla.<\/p>\n<p>Lue my\u00f6s: <a href=\"https:\/\/www.episodi.fi\/uutiset\/tuleeko-jason-momoasta-legendaarinen-street-fighter\/\" title=\"Tuleeko Jason Momoasta legendaarinen Street Fighter?\" class=\"underline-custom !font-montserrat !font-bold !underline-offset-4 !decoration-4 !decoration-episodi-blue !text-md\" rel=\"nofollow noopener\" target=\"_blank\">Tuleeko Jason Momoasta legendaarinen Street Fighter?<\/a><\/p>\n<p>\u201dKukaan muu ei sopisi Blankan rooliin paremmin. Teemme sen, mit\u00e4 yleis\u00f6 haluaa n\u00e4hd\u00e4 \u2013 k\u00e4yt\u00e4mme sek\u00e4 fyysisi\u00e4 efektej\u00e4, ett\u00e4 tietokonegrafiikkaa. N\u00e4yttelij\u00e4kaarti on mielet\u00f6n\u201d.<\/p>\n<p>\u201dPelaan Street Fighter -pelej\u00e4 poikani kanssa. Se on ainoa peli, jota olen pelannut\u201d, Momoa kommentoi.<\/p>\n<p>Street Fighterin ohjaa <strong>Kitao Sakurai <\/strong>(Twisted Metal) ja p\u00e4\u00e4osissa n\u00e4hd\u00e4\u00e4n mm. <strong>Andrew Koji <\/strong>(Ryu), <strong>Noah Centineo<\/strong> (Ken), <strong>Callina Liang<\/strong> (Chun-Li) ja <strong>Roman Reigns<\/strong> (Akuma).<\/p>\n<p>Ensimm\u00e4ist\u00e4 kertaa Street Fighter tehtiin leffaksi 1994. Tuolloin p\u00e4\u00e4osaa n\u00e4ytteli <strong>Jean-Claude Van Damme<\/strong>.<\/p>\n<p><img loading=\"lazy\" decoding=\"async\" alt=\"YouTube video\" width=\"480\" height=\"360\" data-pin-nopin=\"true\" nopin=\"nopin\" class=\"perfmatters-lazy\" src=\"https:\/\/www.europesays.com\/fi\/wp-content\/uploads\/2025\/09\/1758442927_272_hqdefault.jpg\"\/><\/p>\n<p>L\u00e4hde: <a href=\"https:\/\/screenrant.com\/street-fighter-movie-jason-momoa-blanka-casting\/\" rel=\"nofollow noopener\" target=\"_blank\">Screen Rant<\/a><\/p>\n<p>Lue my\u00f6s: <a href=\"https:\/\/www.episodi.fi\/uutiskirje\/?uutiskirjemainos=tekstilinkkimainos\" title=\"Tilaa Episodin uutiskirje ja voit voittaa leffalippuja! Nappaa tv-vinkit suoraan s\u00e4hk\u00f6postiin t\u00e4st\u00e4.\" class=\"underline-custom !font-montserrat !font-bold !underline-offset-4 !decoration-4 !decoration-episodi-blue !text-md\" rel=\"nofollow noopener\" target=\"_blank\">Tilaa Episodin uutiskirje ja voit voittaa leffalippuja! Nappaa katseluvinkit suoraan s\u00e4hk\u00f6postiin t\u00e4st\u00e4.<\/a><\/p>\n","protected":false},"excerpt":{"rendered":"Uusi Street Fighter -elokuva perustuu legendaariseen Capcomin taistelupelisarjaan. Vuoteen 1993 sijoittuva leffa seuraa Ryu- ja Ken Masters -hahmoja,&hellip;\n","protected":false},"author":2,"featured_media":41093,"comment_status":"","ping_status":"","sticky":false,"template":"","format":"standard","meta":{"footnotes":""},"categories":[130],"tags":[137,33,31,30,5421,11042,32,109],"class_list":{"0":"post-41092","1":"post","2":"type-post","3":"status-publish","4":"format-standard","5":"has-post-thumbnail","7":"category-viihde","8":"tag-entertainment","9":"tag-fi","10":"tag-finland","11":"tag-finnish","12":"tag-jason-momoa","13":"tag-street-fighter","14":"tag-suomi","15":"tag-viihde"},"share_on_mastodon":{"url":"","error":""},"_links":{"self":[{"href":"https:\/\/www.europesays.com\/fi\/wp-json\/wp\/v2\/posts\/41092","targetHints":{"allow":["GET"]}}],"collection":[{"href":"https:\/\/www.europesays.com\/fi\/wp-json\/wp\/v2\/posts"}],"about":[{"href":"https:\/\/www.europesays.com\/fi\/wp-json\/wp\/v2\/types\/post"}],"author":[{"embeddable":true,"href":"https:\/\/www.europesays.com\/fi\/wp-json\/wp\/v2\/users\/2"}],"replies":[{"embeddable":true,"href":"https:\/\/www.europesays.com\/fi\/wp-json\/wp\/v2\/comments?post=41092"}],"version-history":[{"count":0,"href":"https:\/\/www.europesays.com\/fi\/wp-json\/wp\/v2\/posts\/41092\/revisions"}],"wp:featuredmedia":[{"embeddable":true,"href":"https:\/\/www.europesays.com\/fi\/wp-json\/wp\/v2\/media\/41093"}],"wp:attachment":[{"href":"https:\/\/www.europesays.com\/fi\/wp-json\/wp\/v2\/media?parent=41092"}],"wp:term":[{"taxonomy":"category","embeddable":true,"href":"https:\/\/www.europesays.com\/fi\/wp-json\/wp\/v2\/categories?post=41092"},{"taxonomy":"post_tag","embeddable":true,"href":"https:\/\/www.europesays.com\/fi\/wp-json\/wp\/v2\/tags?post=41092"}],"curies":[{"name":"wp","href":"https:\/\/api.w.org\/{rel}","templated":true}]}}