{"id":41094,"date":"2025-09-21T08:25:14","date_gmt":"2025-09-21T08:25:14","guid":{"rendered":"https:\/\/www.europesays.com\/fi\/41094\/"},"modified":"2025-09-21T08:25:14","modified_gmt":"2025-09-21T08:25:14","slug":"helsinki-vantaan-lentoasemalle-avautuu-uusi-metsateemainen-alue-stara-fi","status":"publish","type":"post","link":"https:\/\/www.europesays.com\/fi\/41094\/","title":{"rendered":"Helsinki-Vantaan lentoasemalle avautuu uusi mets\u00e4teemainen alue \u2013 Stara.fi"},"content":{"rendered":"<p>Helsinki-Vantaan lentoaseman Schengen-porttialue uudistuu. Alueelle avataan vuoden 2026 alussa uusi mets\u00e4teemainen alue. Alue pit\u00e4\u00e4 Finavian tiedotteen mukaan sis\u00e4ll\u00e4\u00e4n uusia kaupallisia palveluita.<\/p>\n<p>&#8212;&#8212;<\/p>\n<p>\u2013 Uuden kaupallisen alueen keski\u00f6\u00f6n rakentuu pala suomalaista mets\u00e4maisemaa, joka kutsuu tutkimusmatkailemaan ennen lennon l\u00e4ht\u00f6\u00e4, kertoo tiedotteessa Nora Immonen, Helsinki-Vantaan lentoaseman kaupallinen johtaja Finaviasta.<\/p>\n<p>Schengen-puolelle rakentuva uusi kaupallinen alue sijaitsee ennen rajatarkastusta. Liiketiloissa avaavat ovensa Partioaitta, Lindex, R-kioski, Pure \u2013 Taste of Finland ja kahvila-ravintola Picnic. Uudet liikkeet aloittavat toimintansa maaliskuussa 2026.<\/p>\n<p>Finavian kyselytutkimuksen mukaan yksi matkustajia eniten Helsinki-Vantaan lentoasemalla kiinnostavista tuotekategorioista on matkamuistot ja tuliaiset, erityisesti ruokatuotteet. <\/p>\n<p>Ravintolatarjonnasta matkustajia kiinnostavat suomalaiset maut sek\u00e4 terveelliset ja mukaan otettavat vaihtoehdot.<\/p>\n","protected":false},"excerpt":{"rendered":"Helsinki-Vantaan lentoaseman Schengen-porttialue uudistuu. Alueelle avataan vuoden 2026 alussa uusi mets\u00e4teemainen alue. Alue pit\u00e4\u00e4 Finavian tiedotteen mukaan sis\u00e4ll\u00e4\u00e4n&hellip;\n","protected":false},"author":2,"featured_media":41095,"comment_status":"","ping_status":"","sticky":false,"template":"","format":"standard","meta":{"footnotes":""},"categories":[76],"tags":[79,77,33,31,30,32,78],"class_list":{"0":"post-41094","1":"post","2":"type-post","3":"status-publish","4":"format-standard","5":"has-post-thumbnail","7":"category-talous","8":"tag-business","9":"tag-economy","10":"tag-fi","11":"tag-finland","12":"tag-finnish","13":"tag-suomi","14":"tag-talous"},"share_on_mastodon":{"url":"","error":""},"_links":{"self":[{"href":"https:\/\/www.europesays.com\/fi\/wp-json\/wp\/v2\/posts\/41094","targetHints":{"allow":["GET"]}}],"collection":[{"href":"https:\/\/www.europesays.com\/fi\/wp-json\/wp\/v2\/posts"}],"about":[{"href":"https:\/\/www.europesays.com\/fi\/wp-json\/wp\/v2\/types\/post"}],"author":[{"embeddable":true,"href":"https:\/\/www.europesays.com\/fi\/wp-json\/wp\/v2\/users\/2"}],"replies":[{"embeddable":true,"href":"https:\/\/www.europesays.com\/fi\/wp-json\/wp\/v2\/comments?post=41094"}],"version-history":[{"count":0,"href":"https:\/\/www.europesays.com\/fi\/wp-json\/wp\/v2\/posts\/41094\/revisions"}],"wp:featuredmedia":[{"embeddable":true,"href":"https:\/\/www.europesays.com\/fi\/wp-json\/wp\/v2\/media\/41095"}],"wp:attachment":[{"href":"https:\/\/www.europesays.com\/fi\/wp-json\/wp\/v2\/media?parent=41094"}],"wp:term":[{"taxonomy":"category","embeddable":true,"href":"https:\/\/www.europesays.com\/fi\/wp-json\/wp\/v2\/categories?post=41094"},{"taxonomy":"post_tag","embeddable":true,"href":"https:\/\/www.europesays.com\/fi\/wp-json\/wp\/v2\/tags?post=41094"}],"curies":[{"name":"wp","href":"https:\/\/api.w.org\/{rel}","templated":true}]}}